{"id":9990,"date":"2016-09-23T08:33:26","date_gmt":"2016-09-23T06:33:26","guid":{"rendered":"http:\/\/www.frankensicht.de\/?p=9990"},"modified":"2016-09-25T08:47:26","modified_gmt":"2016-09-25T06:47:26","slug":"sport-ist-gesund-staerkt-die-persoenlichkeit-und-verbindet-die-menschen","status":"publish","type":"post","link":"https:\/\/www.frankensicht.de\/?p=9990","title":{"rendered":"&#8222;Sport ist gesund, st\u00e4rkt die Pers\u00f6nlichkeit und verbindet die Menschen&#8220;"},"content":{"rendered":"<p><span style=\"color: #ff0000;\">M\u00fcnchen &#8211; Lindau:<\/span><\/p>\n<p>&#8222;Sport ist gesund, st\u00e4rkt die Pers\u00f6nlichkeit und verbindet die Menschen&#8220; &#8211; Bildungsstaatssekret\u00e4r Georg Eisenreich er\u00f6ffnet Finale des 22. Internationalen Bodensee-Schulcups<br \/>\nBeim 22. Internationalen Bodensee-Schulcup f\u00fcr Mittelschulen in Lindau messen sich Sch\u00fclerinnen und Sch\u00fcler l\u00e4nder\u00fcbergreifend in den Disziplinen Handball und Leichtathletik. &#8222;Sport ist gesund, st\u00e4rkt die Pers\u00f6nlichkeit und verbindet die Menschen. Der Internationale Bodensee-Schulcup begeistert die Sch\u00fclerinnen und Sch\u00fcler schon seit vielen Jahren. Ich bin mir sicher: Die Teilnehmerinnen und Teilnehmer werden bei den Wettk\u00e4mpfen wieder hohe Motivation, Fairness und Teamgeist zeigen. Ich w\u00fcnsche allen viel Erfolg&#8220;, sagte Staatssekret\u00e4r Eisenreich beim Staatsempfang im Rokokosaal in Lindau.<\/p>\n<p><a href=\"https:\/\/www.frankensicht.de\/?attachment_id=6165\" rel=\"attachment wp-att-6165\"><img loading=\"lazy\" decoding=\"async\" class=\"alignnone size-medium wp-image-6165\" src=\"https:\/\/www.frankensicht.de\/wp-content\/uploads\/2013\/09\/IMG_3822-300x199.jpg\" alt=\"IMG_3822\" width=\"300\" height=\"199\" srcset=\"https:\/\/www.frankensicht.de\/wp-content\/uploads\/2013\/09\/IMG_3822-300x199.jpg 300w, https:\/\/www.frankensicht.de\/wp-content\/uploads\/2013\/09\/IMG_3822-220x146.jpg 220w, https:\/\/www.frankensicht.de\/wp-content\/uploads\/2013\/09\/IMG_3822.jpg 800w\" sizes=\"auto, (max-width: 300px) 100vw, 300px\" \/><\/a><\/p>\n<p>Insgesamt nehmen rund 450 Sch\u00fclerinnen und Sch\u00fcler aus Deutschland (Bayern, Baden-W\u00fcrttemberg und Rheinland-Pfalz), \u00d6sterreich (Vorarlberg) und der Schweiz (Kanton St. Gallen, Kanton Thurgau) an den Sportwettk\u00e4mpfen teil. Aus Bayern qualifizierten sich 10 Mannschaften f\u00fcr die Finalwettk\u00e4mpfe am Bodensee. Mit Blick auf die l\u00e4nder\u00fcbergreifende Begegnung betonte Staatssekret\u00e4r Eisenreich die Integrationskraft des Sports und w\u00fcnschte allen Teilnehmerinnen und Teilnehmern &#8222;spannende Wettk\u00e4mpfe, interessante Begegnungen und viel Freude&#8220;.<br \/>\nDer Internationale Bodensee-Schulcup geht auf eine Initiative Baden-W\u00fcrttembergs, Bayerns, Vorarlbergs sowie der Kantone St. Gallen und Thurgau zur\u00fcck und wird seit dem Jahr 1995 abwechselnd in den verschiedenen L\u00e4ndern und Kantonen durchgef\u00fchrt. 2013 wurde das Land Rheinland-Pfalz als festes Mitglied des Bodensee-Schulcups aufgenommen.<br \/>\nBayern ist in diesem Jahr zum f\u00fcnften Mal Gastgeber des Internationalen Bodensee-Schulcups f\u00fcr Mittelschulen, der vom 22. bis 24. September 2016 in Lindau und Lindenberg am Bodensee stattfindet.<\/p>\n<p>Teilnehmende bayerische Mannschaften<br \/>\nLeichtathletik<br \/>\n&#8211; Mittelschule Bad Windsheim (Mittelfranken)<br \/>\n&#8211; Mittelschule Ebern (Unterfranken)<br \/>\n&#8211; Leonhard-Wagner-Mittelschule Schwabm\u00fcnchen (Schwaben)<br \/>\n&#8211; Albrecht-D\u00fcrer-Mittelschule Ha\u00dffurt (Unterfranken)<br \/>\n&#8211; Mittelschule Schwarzenfeld mit zwei Mannschaften (Oberpfalz)<br \/>\n&#8211; Mittelschule Mitterfels-Haselbach (Niederbayern)<br \/>\n&#8211; Mittelschule Scheinfeld (Mittelfranken)<\/p>\n<p>Handball<br \/>\n&#8211; Mittelschule Ebern (Unterfranken)<br \/>\n&#8211; Wei\u00df-Ferdl-Mittelschule Alt\u00f6tting (Oberbayern)<\/p>\n<p>Zeitlicher Ablauf<br \/>\nDonnerstag, 22.09.2016<br \/>\n17.00 Insellauf an der Lindauer Hafenpromenade<br \/>\n19.00 Empfang der Bayerischen Staatsregierung durch Bildungsstaatssekret\u00e4r Georg Eisenreich im Rokokosaal des Landratsamtes Lindau<\/p>\n<p>Freitag, 23.09.2016<br \/>\n10.00 Finalwettk\u00e4mpfe im Stadion Lindau, in der Dreifachturnhalle Lindau und in der Dreifachturnhalle Lindenberg<br \/>\n17.30 Siegerehrung am Lindauer Hafen<\/p>\n<p>Quelle:stmbw.bayern.de<\/p>\n","protected":false},"excerpt":{"rendered":"<p>M\u00fcnchen &#8211; Lindau: &#8222;Sport ist gesund, st\u00e4rkt die Pers\u00f6nlichkeit und verbindet die Menschen&#8220; &#8211; Bildungsstaatssekret\u00e4r Georg Eisenreich er\u00f6ffnet Finale des 22. Internationalen Bodensee-Schulcups Beim 22. Internationalen Bodensee-Schulcup f\u00fcr Mittelschulen in Lindau messen sich Sch\u00fclerinnen und Sch\u00fcler l\u00e4nder\u00fcbergreifend in den Disziplinen Handball und Leichtathletik. &#8222;Sport ist gesund, st\u00e4rkt die Pers\u00f6nlichkeit und verbindet die Menschen. Der Internationale [&hellip;]<\/p>\n","protected":false},"author":7,"featured_media":7623,"comment_status":"closed","ping_status":"open","sticky":false,"template":"","format":"standard","meta":{"footnotes":""},"categories":[78,71],"tags":[2072],"class_list":["post-9990","post","type-post","status-publish","format-standard","has-post-thumbnail","hentry","category-bayern","category-menue","tag-sport"],"_links":{"self":[{"href":"https:\/\/www.frankensicht.de\/index.php?rest_route=\/wp\/v2\/posts\/9990","targetHints":{"allow":["GET"]}}],"collection":[{"href":"https:\/\/www.frankensicht.de\/index.php?rest_route=\/wp\/v2\/posts"}],"about":[{"href":"https:\/\/www.frankensicht.de\/index.php?rest_route=\/wp\/v2\/types\/post"}],"author":[{"embeddable":true,"href":"https:\/\/www.frankensicht.de\/index.php?rest_route=\/wp\/v2\/users\/7"}],"replies":[{"embeddable":true,"href":"https:\/\/www.frankensicht.de\/index.php?rest_route=%2Fwp%2Fv2%2Fcomments&post=9990"}],"version-history":[{"count":2,"href":"https:\/\/www.frankensicht.de\/index.php?rest_route=\/wp\/v2\/posts\/9990\/revisions"}],"predecessor-version":[{"id":9992,"href":"https:\/\/www.frankensicht.de\/index.php?rest_route=\/wp\/v2\/posts\/9990\/revisions\/9992"}],"wp:featuredmedia":[{"embeddable":true,"href":"https:\/\/www.frankensicht.de\/index.php?rest_route=\/wp\/v2\/media\/7623"}],"wp:attachment":[{"href":"https:\/\/www.frankensicht.de\/index.php?rest_route=%2Fwp%2Fv2%2Fmedia&parent=9990"}],"wp:term":[{"taxonomy":"category","embeddable":true,"href":"https:\/\/www.frankensicht.de\/index.php?rest_route=%2Fwp%2Fv2%2Fcategories&post=9990"},{"taxonomy":"post_tag","embeddable":true,"href":"https:\/\/www.frankensicht.de\/index.php?rest_route=%2Fwp%2Fv2%2Ftags&post=9990"}],"curies":[{"name":"wp","href":"https:\/\/api.w.org\/{rel}","templated":true}]}}