{"id":9984,"date":"2016-09-22T08:22:27","date_gmt":"2016-09-22T06:22:27","guid":{"rendered":"http:\/\/www.frankensicht.de\/?p=9984"},"modified":"2016-09-22T08:22:27","modified_gmt":"2016-09-22T06:22:27","slug":"pariser-klimaschutzabkommen-nimmt-erste-huerde","status":"publish","type":"post","link":"https:\/\/www.frankensicht.de\/?p=9984","title":{"rendered":"Pariser Klimaschutzabkommen nimmt erste H\u00fcrde"},"content":{"rendered":"<p><span style=\"color: #ff0000;\">Berlin:<\/span><\/p>\n<p>Klimaschutz\/Internationales<br \/>\nPariser Klimaschutzabkommen nimmt erste H\u00fcrde<\/p>\n<p>Heute ist in New York die erste H\u00fcrde zum Inkrafttreten des Pariser<br \/>\nKlimaschutzabkommens genommen worden \u2013 die Ratifikation von mindestens<br \/>\n55 Staaten. Dazu erkl\u00e4rt Bundesumweltministerin Barbara Hendricks:<\/p>\n<p>\u201eSeit heute haben 60 Staaten das Pariser Klimaschutzabkommen ratifiziert.<br \/>\nDamit haben wir die erste H\u00fcrde zum Inkrafttreten geschafft. Das ist eine<br \/>\nDynamik, die Mut macht f\u00fcr den internationalen Klimaschutz. Jetzt wollen<br \/>\nwir alles daf\u00fcr tun, dass wir auch die zweite H\u00fcrde in den n\u00e4chsten<br \/>\nWochen \u00fcberwinden. Das ist die Schwelle, dass die Vertragsparteien mehr<br \/>\nals 55 Prozent der weltweiten Emissionen repr\u00e4sentieren m\u00fcssen. Bislang<br \/>\nliegen wir bei knapp 48 Prozent &#8211; wir sind also nah dran! Wir in<br \/>\nDeutschland k\u00f6nnen mit unserem Emissionsanteil von 2,5 Prozent dabei<br \/>\nmithelfen. Wir haben so lange f\u00fcr dieses Abkommen gek\u00e4mpft, jetzt<br \/>\nk\u00f6nnen wir es unumkehrbar machen. Ich will, dass Deutschland von Beginn<br \/>\nan als Vertragspartei mit dabei ist.<\/p>\n<p><a href=\"https:\/\/www.frankensicht.de\/?attachment_id=4796\" rel=\"attachment wp-att-4796\"><img loading=\"lazy\" decoding=\"async\" class=\"alignnone size-medium wp-image-4796\" src=\"https:\/\/www.frankensicht.de\/wp-content\/uploads\/2012\/12\/steckdose1-300x225.jpg\" alt=\"steckdose\" width=\"300\" height=\"225\" srcset=\"https:\/\/www.frankensicht.de\/wp-content\/uploads\/2012\/12\/steckdose1-300x225.jpg 300w, https:\/\/www.frankensicht.de\/wp-content\/uploads\/2012\/12\/steckdose1.jpg 640w\" sizes=\"auto, (max-width: 300px) 100vw, 300px\" \/><\/a><\/p>\n<p>Darum wollen wir diese Woche das deutsche Ratifizierungsgesetz in Bundestag<br \/>\nund Bundesrat beschlie\u00dfen. Ich danke den Fraktionen und den L\u00e4ndern f\u00fcr<br \/>\nihre Bereitschaft, diesen beschleunigten Weg mitzugehen. In der EU setze<br \/>\nich mich f\u00fcr Vereinbarungen ein, dass die EU gemeinsam mit einigen<br \/>\nMitgliedstaaten, die schon so weit sind, bereits jetzt ratifizieren kann.<br \/>\nUnsere Rechtsexperten haben dazu Wege identifiziert, die wir nun im Rat<br \/>\nvereinbaren m\u00fcssen. Das w\u00e4re eine massive Beschleunigung des<br \/>\nEU-Ratifizierungsverfahrens. Mein Ziel ist es, dass wir schon bei der<br \/>\nKlimakonferenz in Marrakesch im November mit der konkreten Umsetzung des<br \/>\nAbkommens beginnen k\u00f6nnen.\u201c<\/p>\n<p>Hintergrund zum deutschen Ratifizierungsverfahren:<br \/>\nDie Bundesregierung hat den Gesetzentwurf zur Ratifikation bereits Anfang<br \/>\nJuli im Kabinett beschlossen. Das vorgesehene Gesetzgebungsverfahren w\u00e4re<br \/>\njedoch erst im November abgeschlossen gewesen, so dass die Ratifizierung<br \/>\ndes \u00dcbereinkommens von Paris durch die Bundesrepublik Deutschland erst<br \/>\nnach der Klimakonferenz in Marrakesch m\u00f6glich gewesen w\u00e4re. Auf<br \/>\nInitiative von Bundesumweltministerin Hendricks und mit Zustimmung aller<br \/>\nFraktionen des Deutschen Bundestags ist es nun gelungen, die Gesetzgebung<br \/>\nso zu beschleunigen, dass der Bundestag den Gesetzentwurf innerhalb einer<br \/>\nWoche behandeln und somit noch am Donnerstag beschlie\u00dfen kann. Da auch<br \/>\ndie L\u00e4nder mit einer Beschleunigung einverstanden sind, wird der<br \/>\nBundesrat das Gesetz ebenfalls noch in dieser Woche, n\u00e4mlich am Freitag,<br \/>\nabschlie\u00dfend behandeln. Es kann damit voraussichtlich bereits Anfang<br \/>\nOktober in Kraft treten, so dass die Bundesrepublik das \u00dcbereinkommen von<br \/>\nParis noch rechtzeitig vor der n\u00e4chsten Klimakonferenz ratifizieren<br \/>\nkann.<br \/>\nhttps:\/\/www.facebook.com\/bmub.bund<\/p>\n<p>https:\/\/www.instagram.com\/bmub\/<\/p>\n<p><a class=\"twitter-timeline\" data-width=\"640\" data-height=\"960\" data-dnt=\"true\" href=\"https:\/\/twitter.com\/bmub?ref_src=twsrc%5Etfw\">Tweets by bmub<\/a><script async src=\"https:\/\/platform.twitter.com\/widgets.js\" charset=\"utf-8\"><\/script><\/p>\n<p>Quelle:bmub.bund.de<\/p>\n","protected":false},"excerpt":{"rendered":"<p>Berlin: Klimaschutz\/Internationales Pariser Klimaschutzabkommen nimmt erste H\u00fcrde Heute ist in New York die erste H\u00fcrde zum Inkrafttreten des Pariser Klimaschutzabkommens genommen worden \u2013 die Ratifikation von mindestens 55 Staaten. Dazu erkl\u00e4rt Bundesumweltministerin Barbara Hendricks: \u201eSeit heute haben 60 Staaten das Pariser Klimaschutzabkommen ratifiziert. Damit haben wir die erste H\u00fcrde zum Inkrafttreten geschafft. Das ist eine [&hellip;]<\/p>\n","protected":false},"author":7,"featured_media":4796,"comment_status":"closed","ping_status":"open","sticky":false,"template":"","format":"standard","meta":{"footnotes":""},"categories":[44,3],"tags":[2071],"class_list":["post-9984","post","type-post","status-publish","format-standard","has-post-thumbnail","hentry","category-deutschland-2","category-news","tag-klimaschutzabkommen"],"_links":{"self":[{"href":"https:\/\/www.frankensicht.de\/index.php?rest_route=\/wp\/v2\/posts\/9984","targetHints":{"allow":["GET"]}}],"collection":[{"href":"https:\/\/www.frankensicht.de\/index.php?rest_route=\/wp\/v2\/posts"}],"about":[{"href":"https:\/\/www.frankensicht.de\/index.php?rest_route=\/wp\/v2\/types\/post"}],"author":[{"embeddable":true,"href":"https:\/\/www.frankensicht.de\/index.php?rest_route=\/wp\/v2\/users\/7"}],"replies":[{"embeddable":true,"href":"https:\/\/www.frankensicht.de\/index.php?rest_route=%2Fwp%2Fv2%2Fcomments&post=9984"}],"version-history":[{"count":2,"href":"https:\/\/www.frankensicht.de\/index.php?rest_route=\/wp\/v2\/posts\/9984\/revisions"}],"predecessor-version":[{"id":9986,"href":"https:\/\/www.frankensicht.de\/index.php?rest_route=\/wp\/v2\/posts\/9984\/revisions\/9986"}],"wp:featuredmedia":[{"embeddable":true,"href":"https:\/\/www.frankensicht.de\/index.php?rest_route=\/wp\/v2\/media\/4796"}],"wp:attachment":[{"href":"https:\/\/www.frankensicht.de\/index.php?rest_route=%2Fwp%2Fv2%2Fmedia&parent=9984"}],"wp:term":[{"taxonomy":"category","embeddable":true,"href":"https:\/\/www.frankensicht.de\/index.php?rest_route=%2Fwp%2Fv2%2Fcategories&post=9984"},{"taxonomy":"post_tag","embeddable":true,"href":"https:\/\/www.frankensicht.de\/index.php?rest_route=%2Fwp%2Fv2%2Ftags&post=9984"}],"curies":[{"name":"wp","href":"https:\/\/api.w.org\/{rel}","templated":true}]}}