{"id":9981,"date":"2016-09-21T08:25:19","date_gmt":"2016-09-21T06:25:19","guid":{"rendered":"http:\/\/www.frankensicht.de\/?p=9981"},"modified":"2016-09-21T08:25:19","modified_gmt":"2016-09-21T06:25:19","slug":"bayerns-wissenschaftsminister-dr-spaenle-und-innenminister-herrmann-bei-grundsteinlegung-fuer-operatives-zentrum-des-universitaetsklinikums-erlangen","status":"publish","type":"post","link":"https:\/\/www.frankensicht.de\/?p=9981","title":{"rendered":"Bayerns Wissenschaftsminister Dr. Spaenle und Innenminister Herrmann bei Grundsteinlegung f\u00fcr Operatives Zentrum des Universit\u00e4tsklinikums Erlangen"},"content":{"rendered":"<p>Erlangen:<\/p>\n<p>Bayerns Wissenschaftsminister Dr. Spaenle und Innenminister Herrmann bei Grundsteinlegung f\u00fcr Operatives Zentrum des Universit\u00e4tsklinikums Erlangen &#8211; 180 Millionen Euro Baukosten<br \/>\nHeute legten Bayerns Wissenschaftsminister Dr. Ludwig Spaenle und Bauminister Joachim Herrmann gemeinsam mit dem \u00c4rztlichen Direktor der Universit\u00e4tsklinik Erlangen, Prof. Dr. Heinrich Iro, und Universit\u00e4tspr\u00e4sident Prof. Dr. Joachim Hornegger den Grundstein f\u00fcr das Operative Zentrum des Universit\u00e4tsklinikums Erlangen.<\/p>\n<p>Wissenschaftsminister Spaenle betonte in seiner Ansprache: &#8222;Das operative Zentrum f\u00fcr die Chirurgischen F\u00e4cher des Universit\u00e4tsklinikums ist ein Herzst\u00fcck in der Entwicklung des Universit\u00e4tsklinikums Erlangen. F\u00fcr rund 180 Millionen Euro werden in dem hochmodernen Klinikgeb\u00e4ude am Maximiliansplatz u. a. 20 Operationss\u00e4le, 42 Intensiv-Betten, eine Zentral-Sterilisation sowie ein Hubschrauberlandeplatz verwirklicht. Die Bauma\u00dfnahme ist ein klares Bekenntnis zum Standortort Erlangen und des festen Willens, das Universit\u00e4tsklinikum weiter auszubauen. Das Universit\u00e4tsklinikum der Universit\u00e4t Erlangen-N\u00fcrnberg ist ein Aush\u00e4ngeschild f\u00fcr die Forschungslandschaft und Hochschulmedizin in Bayern und in ganz Deutschland.&#8220; Der Minister dankte dem Bayerischen Landtag f\u00fcr die Freigabe der Mittel f\u00fcr das Klinikgeb\u00e4ude.<\/p>\n<p><a href=\"https:\/\/www.frankensicht.de\/?attachment_id=4951\" rel=\"attachment wp-att-4951\"><img loading=\"lazy\" decoding=\"async\" class=\"alignnone size-medium wp-image-4951\" src=\"https:\/\/www.frankensicht.de\/wp-content\/uploads\/2013\/01\/krankenhaus-300x187.jpg\" alt=\"krankenhaus\" width=\"300\" height=\"187\" srcset=\"https:\/\/www.frankensicht.de\/wp-content\/uploads\/2013\/01\/krankenhaus-300x187.jpg 300w, https:\/\/www.frankensicht.de\/wp-content\/uploads\/2013\/01\/krankenhaus.jpg 640w\" sizes=\"auto, (max-width: 300px) 100vw, 300px\" \/><\/a><\/p>\n<p>Innen- und Bauminister Joachim Herrmann: &#8222;Beim Neubau haben wir die Anforderungen der geltenden Energieeinsparverordnung deutlich \u00fcbertroffen. Durch den Einsatz modernster Geb\u00e4udetechnik und dem hochged\u00e4mmten, kompakten Bauk\u00f6rper sparen wir kr\u00e4ftig CO2 ein. Das zeigt, dass sich innovatives und ressourcenschonendes Bauen auch positiv auf die Betriebskosten auswirken wird.&#8220;<\/p>\n<p>Der Neubau, der eine Nutzfl\u00e4che von rund 15.000 Quadratmetern umfasst, f\u00fcgt sich in ein Struktur- und Entwicklungskonzept des Universit\u00e4tsklinikums ein, das die Neubauten des Nicht-Operativen Zentrums I, des Nicht-Operativen Zentrums II, des Bettenhauses, des Translational Research Centers und des C-Baus der Kinderklinik umfasst.\u00a0 Er soll 2021 fertiggestellt werden.<\/p>\n<p>Quelle:stmbw.bayern.de<\/p>\n","protected":false},"excerpt":{"rendered":"<p>Erlangen: Bayerns Wissenschaftsminister Dr. Spaenle und Innenminister Herrmann bei Grundsteinlegung f\u00fcr Operatives Zentrum des Universit\u00e4tsklinikums Erlangen &#8211; 180 Millionen Euro Baukosten Heute legten Bayerns Wissenschaftsminister Dr. Ludwig Spaenle und Bauminister Joachim Herrmann gemeinsam mit dem \u00c4rztlichen Direktor der Universit\u00e4tsklinik Erlangen, Prof. Dr. Heinrich Iro, und Universit\u00e4tspr\u00e4sident Prof. Dr. Joachim Hornegger den Grundstein f\u00fcr das Operative [&hellip;]<\/p>\n","protected":false},"author":7,"featured_media":4951,"comment_status":"closed","ping_status":"open","sticky":false,"template":"","format":"standard","meta":{"footnotes":""},"categories":[78,111,71,85],"tags":[2070],"class_list":["post-9981","post","type-post","status-publish","format-standard","has-post-thumbnail","hentry","category-bayern","category-erlangen-mittelfranken","category-menue","category-mittelfranken","tag-uniklinik"],"_links":{"self":[{"href":"https:\/\/www.frankensicht.de\/index.php?rest_route=\/wp\/v2\/posts\/9981","targetHints":{"allow":["GET"]}}],"collection":[{"href":"https:\/\/www.frankensicht.de\/index.php?rest_route=\/wp\/v2\/posts"}],"about":[{"href":"https:\/\/www.frankensicht.de\/index.php?rest_route=\/wp\/v2\/types\/post"}],"author":[{"embeddable":true,"href":"https:\/\/www.frankensicht.de\/index.php?rest_route=\/wp\/v2\/users\/7"}],"replies":[{"embeddable":true,"href":"https:\/\/www.frankensicht.de\/index.php?rest_route=%2Fwp%2Fv2%2Fcomments&post=9981"}],"version-history":[{"count":2,"href":"https:\/\/www.frankensicht.de\/index.php?rest_route=\/wp\/v2\/posts\/9981\/revisions"}],"predecessor-version":[{"id":9983,"href":"https:\/\/www.frankensicht.de\/index.php?rest_route=\/wp\/v2\/posts\/9981\/revisions\/9983"}],"wp:featuredmedia":[{"embeddable":true,"href":"https:\/\/www.frankensicht.de\/index.php?rest_route=\/wp\/v2\/media\/4951"}],"wp:attachment":[{"href":"https:\/\/www.frankensicht.de\/index.php?rest_route=%2Fwp%2Fv2%2Fmedia&parent=9981"}],"wp:term":[{"taxonomy":"category","embeddable":true,"href":"https:\/\/www.frankensicht.de\/index.php?rest_route=%2Fwp%2Fv2%2Fcategories&post=9981"},{"taxonomy":"post_tag","embeddable":true,"href":"https:\/\/www.frankensicht.de\/index.php?rest_route=%2Fwp%2Fv2%2Ftags&post=9981"}],"curies":[{"name":"wp","href":"https:\/\/api.w.org\/{rel}","templated":true}]}}