{"id":9963,"date":"2016-09-15T08:31:00","date_gmt":"2016-09-15T06:31:00","guid":{"rendered":"http:\/\/www.frankensicht.de\/?p=9963"},"modified":"2016-09-15T08:31:00","modified_gmt":"2016-09-15T06:31:00","slug":"20-eu%c2%adro-ge%c2%addenk%c2%admuen%c2%adze-lauf%c2%adma%c2%adschi%c2%adne-von-karl-drais-1817","status":"publish","type":"post","link":"https:\/\/www.frankensicht.de\/?p=9963","title":{"rendered":"20-Eu\u00adro-Ge\u00addenk\u00adm\u00fcn\u00adze \u201eLauf\u00adma\u00adschi\u00adne von Karl Drais 1817"},"content":{"rendered":"<h1>20-Eu\u00adro-Ge\u00addenk\u00adm\u00fcn\u00adze \u201eLauf\u00adma\u00adschi\u00adne von Karl Drais 1817\u201c<\/h1>\n<p><a href=\"https:\/\/www.frankensicht.de\/?attachment_id=9964\" rel=\"attachment wp-att-9964\"><img loading=\"lazy\" decoding=\"async\" class=\"alignnone size-medium wp-image-9964\" src=\"https:\/\/www.frankensicht.de\/wp-content\/uploads\/2016\/09\/2016-09-14-pm24-gedenkmuenze-karl-drais.jpgjsessionid397EF45B3B7E19BF47EC192EF1B1DBE6-300x169.jpeg\" alt=\"2016-09-14-pm24-gedenkmuenze-karl-drais-jpgjsessionid397ef45b3b7e19bf47ec192ef1b1dbe6\" width=\"300\" height=\"169\" srcset=\"https:\/\/www.frankensicht.de\/wp-content\/uploads\/2016\/09\/2016-09-14-pm24-gedenkmuenze-karl-drais.jpgjsessionid397EF45B3B7E19BF47EC192EF1B1DBE6-300x169.jpeg 300w, https:\/\/www.frankensicht.de\/wp-content\/uploads\/2016\/09\/2016-09-14-pm24-gedenkmuenze-karl-drais.jpgjsessionid397EF45B3B7E19BF47EC192EF1B1DBE6-768x432.jpeg 768w, https:\/\/www.frankensicht.de\/wp-content\/uploads\/2016\/09\/2016-09-14-pm24-gedenkmuenze-karl-drais.jpgjsessionid397EF45B3B7E19BF47EC192EF1B1DBE6-384x217.jpeg 384w, https:\/\/www.frankensicht.de\/wp-content\/uploads\/2016\/09\/2016-09-14-pm24-gedenkmuenze-karl-drais.jpgjsessionid397EF45B3B7E19BF47EC192EF1B1DBE6.jpeg 877w\" sizes=\"auto, (max-width: 300px) 100vw, 300px\" \/><\/a><\/p>\n<p>@bundesfinanzministerium<\/p>\n<p>Die Wertseite zeigt einen Adler, den Schriftzug \u201eBUNDESREPUBLIK DEUTSCHLAND\u201c, Wertziffer und Wertbezeichnung, das Pr\u00e4gezeichen \u201eG\u201c der Staatlichen M\u00fcnzen Baden-W\u00fcrttemberg, Pr\u00e4gest\u00e4tte Karlsruhe, die Jahreszahl 2017 sowie die zw\u00f6lf Europasterne. Zus\u00e4tzlich ist die Angabe \u201eSILBER 925\u201c aufgepr\u00e4gt.<\/p>\n<p>Der glatte M\u00fcnzrand enth\u00e4lt in vertiefter Pr\u00e4gung die Inschrift: \u201e200 JAHRE ZWEIRADPRINZIP\u201c<\/p>\n<p>Quelle:\u2002 BADV<\/p>\n<p>Die Bundesregierung hat am 14. September 2016 beschlossen, eine 20-Euro-Gedenkm\u00fcnze \u201eLaufmaschine von Karl Drais 1817\u201c pr\u00e4gen zu lassen und im <strong>Juli 2017<\/strong> auszugeben. Mit der Laufmaschine (oder Draisine) wurde zum ersten Mal das Zweiradprinzip, die Bewegung eines Fahrzeugs mit zwei R\u00e4dern auf einer Spur, verwirklicht.<\/p>\n<p>Der Entwurf der M\u00fcnze stammt von dem K\u00fcnstler <strong>Friedrich Brenner<\/strong> aus <strong>Diedorf<\/strong>.<\/p>\n<p>In der Begr\u00fcndung der Jury f\u00fcr die Entscheidung hei\u00dft es:<strong>\u00a0<\/strong><\/p>\n<p><em>\u201eDer plastisch gelungene Entwurf zeigt die Laufmaschine von Karl Drais in ihrer Anwendung durch einen Draisinenreiter. Das Motiv stellt die Erfindung als Reitpferdersatz in den historischen Kontext: Vulkanausbruch des Tambora (Indonesien) mit Klimakatastrophe, Missernte und Pferdesterben.<\/em><\/p>\n<p><em>Durch die Vulkansilhouette sowie den\u00a0 realistischen Grasboden entstehen Elemente, die dem M\u00fcnzbild eine horizontale Struktur geben. Die Typografie f\u00fcgt sich sensibel in die Gesamtkonzeption ein. Dies gilt auch f\u00fcr die R\u00fcckseite.<\/em><\/p>\n<p><em>Der k\u00fcnstlerisch \u00fcberzeugende Adler korrespondiert in seiner Reliefartigkeit hervorragend mit der Vorderseite. Die Gestaltung des Adlers ist w\u00fcrdig in seiner Darstellung.\u201c<\/em><\/p>\n<p>Die Wertseite zeigt einen Adler, den Schriftzug \u201eBUNDESREPUBLIK DEUTSCHLAND\u201c, Wertziffer und Wertbezeichnung, das Pr\u00e4gezeichen \u201eG\u201c der Staatlichen M\u00fcnzen Baden-W\u00fcrttemberg, Pr\u00e4gest\u00e4tte Karlsruhe, die Jahreszahl 2017 sowie die zw\u00f6lf Europasterne. Zus\u00e4tzlich ist die Angabe \u201eSILBER 925\u201c aufgepr\u00e4gt.<\/p>\n<p>Der glatte M\u00fcnzrand enth\u00e4lt in vertiefter Pr\u00e4gung die Inschrift:<\/p>\n<p>\u201e200 JAHRE ZWEIRADPRINZIP\u201c<\/p>\n<p>Die 20-Euro-M\u00fcnze soll in den beiden Pr\u00e4gequalit\u00e4ten Stempelglanz und Spiegelglanz in einer Legierung von 925 Tausendteilen Silber und 75 Tausendteilen Kupfer hergestellt werden. Sie hat eine Masse von 18 g und einen Durchmesser von 32,5 mm.<\/p>\n<p>Die M\u00fcnzen in der Pr\u00e4gequalit\u00e4t Stempelglanz werden zum Nennwert (20 Euro) \u00fcber die Deutsche Bundesbank in den Verkehr gebracht. Die Ausgabe der M\u00fcnzen in der Sammlerqualit\u00e4t Spiegelglanz erfolgt zu einem \u00fcber dem Nennwert liegenden Verkaufspreis. Die Verkaufsstelle f\u00fcr Sammlerm\u00fcnzen der Bundesrepublik Deutschland (VfS) wird \u00fcber den genauen Preis und die konkreten Bestellmodalit\u00e4ten rechtzeitig vor Ausgabe der M\u00fcnze informieren.<\/p>\n<p>Quelle:bundesfinanzministerium.de<\/p>\n","protected":false},"excerpt":{"rendered":"<p>20-Eu\u00adro-Ge\u00addenk\u00adm\u00fcn\u00adze \u201eLauf\u00adma\u00adschi\u00adne von Karl Drais 1817\u201c @bundesfinanzministerium Die Wertseite zeigt einen Adler, den Schriftzug \u201eBUNDESREPUBLIK DEUTSCHLAND\u201c, Wertziffer und Wertbezeichnung, das Pr\u00e4gezeichen \u201eG\u201c der Staatlichen M\u00fcnzen Baden-W\u00fcrttemberg, Pr\u00e4gest\u00e4tte Karlsruhe, die Jahreszahl 2017 sowie die zw\u00f6lf Europasterne. Zus\u00e4tzlich ist die Angabe \u201eSILBER 925\u201c aufgepr\u00e4gt. Der glatte M\u00fcnzrand enth\u00e4lt in vertiefter Pr\u00e4gung die Inschrift: \u201e200 JAHRE ZWEIRADPRINZIP\u201c Quelle:\u2002 [&hellip;]<\/p>\n","protected":false},"author":7,"featured_media":9964,"comment_status":"closed","ping_status":"open","sticky":false,"template":"","format":"standard","meta":{"footnotes":""},"categories":[44,3],"tags":[1961],"class_list":["post-9963","post","type-post","status-publish","format-standard","has-post-thumbnail","hentry","category-deutschland-2","category-news","tag-20-euro-gedenkmuenze"],"_links":{"self":[{"href":"https:\/\/www.frankensicht.de\/index.php?rest_route=\/wp\/v2\/posts\/9963","targetHints":{"allow":["GET"]}}],"collection":[{"href":"https:\/\/www.frankensicht.de\/index.php?rest_route=\/wp\/v2\/posts"}],"about":[{"href":"https:\/\/www.frankensicht.de\/index.php?rest_route=\/wp\/v2\/types\/post"}],"author":[{"embeddable":true,"href":"https:\/\/www.frankensicht.de\/index.php?rest_route=\/wp\/v2\/users\/7"}],"replies":[{"embeddable":true,"href":"https:\/\/www.frankensicht.de\/index.php?rest_route=%2Fwp%2Fv2%2Fcomments&post=9963"}],"version-history":[{"count":1,"href":"https:\/\/www.frankensicht.de\/index.php?rest_route=\/wp\/v2\/posts\/9963\/revisions"}],"predecessor-version":[{"id":9965,"href":"https:\/\/www.frankensicht.de\/index.php?rest_route=\/wp\/v2\/posts\/9963\/revisions\/9965"}],"wp:featuredmedia":[{"embeddable":true,"href":"https:\/\/www.frankensicht.de\/index.php?rest_route=\/wp\/v2\/media\/9964"}],"wp:attachment":[{"href":"https:\/\/www.frankensicht.de\/index.php?rest_route=%2Fwp%2Fv2%2Fmedia&parent=9963"}],"wp:term":[{"taxonomy":"category","embeddable":true,"href":"https:\/\/www.frankensicht.de\/index.php?rest_route=%2Fwp%2Fv2%2Fcategories&post=9963"},{"taxonomy":"post_tag","embeddable":true,"href":"https:\/\/www.frankensicht.de\/index.php?rest_route=%2Fwp%2Fv2%2Ftags&post=9963"}],"curies":[{"name":"wp","href":"https:\/\/api.w.org\/{rel}","templated":true}]}}