{"id":9953,"date":"2016-09-12T09:58:41","date_gmt":"2016-09-12T07:58:41","guid":{"rendered":"http:\/\/www.frankensicht.de\/?p=9953"},"modified":"2016-09-12T09:58:41","modified_gmt":"2016-09-12T07:58:41","slug":"foerderprogramm-inno-kom-ost","status":"publish","type":"post","link":"https:\/\/www.frankensicht.de\/?p=9953","title":{"rendered":"F\u00f6rderprogramm INNO-KOM-Ost"},"content":{"rendered":"<p><span style=\"color: #ff0000;\">Berlin:<\/span><\/p>\n<p>Die Ost- und Mittelstandsbeauftragte Iris Gleicke<\/p>\n<p>&lt;http:\/\/www.bmwi.de\/DE\/Ministerium\/Minister-und-Staatssekretaere\/Visitenkarten\/visitenkarte-gleicke.html&gt;<br \/>\nstellt f\u00fcr das F\u00f6rderprogramm INNO-KOM-Ost zus\u00e4tzliche Mittel in H\u00f6he von 400.000<br \/>\nEuro zur Verf\u00fcgung. Damit kann das F\u00f6rderprogramm trotz einer anhaltend hohen<br \/>\nNachfrage zielgerichtet fortgesetzt werden.<\/p>\n<p>Dazu erkl\u00e4rt Gleicke, die auch Parlamentarische Staatssekret\u00e4rin beim<br \/>\nBundesminister f\u00fcr Wirtschaft und Energie ist: &#8222;Es ist uns gelungen, durch<br \/>\nMobilisierung zus\u00e4tzlicher finanzieller Mittel innerhalb des BMWi-Haushalts<br \/>\n&lt;http:\/\/www.bmwi.de\/DE\/Ministerium\/haushalt.html&gt; den drohenden Bewilligungsstopp<br \/>\nbeim F\u00f6rderprogramm INNO-KOM-Ost abzuwenden. INNO-KOM-Ost ist damit wieder in<br \/>\nFahrt.&#8220;<\/p>\n<p><a href=\"https:\/\/www.frankensicht.de\/?attachment_id=4845\" rel=\"attachment wp-att-4845\"><img loading=\"lazy\" decoding=\"async\" class=\"alignnone size-medium wp-image-4845\" src=\"https:\/\/www.frankensicht.de\/wp-content\/uploads\/2012\/12\/1euro-300x225.jpg\" alt=\"1euro\" width=\"300\" height=\"225\" srcset=\"https:\/\/www.frankensicht.de\/wp-content\/uploads\/2012\/12\/1euro-300x225.jpg 300w, https:\/\/www.frankensicht.de\/wp-content\/uploads\/2012\/12\/1euro.jpg 640w\" sizes=\"auto, (max-width: 300px) 100vw, 300px\" \/><\/a><\/p>\n<p>Ziel des F\u00f6rderprogramms ist es, die Innovationskraft der ostdeutschen Wirtschaft<br \/>\nzu st\u00e4rken. Die gemeinn\u00fctzigen Industrieforschungseinrichtungen (IFE) sind<br \/>\nhierbei wichtige Bestandteile, da in strukturschwachen Regionen, ganz besonders<br \/>\nim Osten, FuE-Kapazit\u00e4ten in der Wirtschaft fehlen. Die IFE sind direkt auf den<br \/>\nTechnologietransfer ausgerichtet. Ihre F\u00f6rderung erfolgt modular f\u00fcr Vorhaben der<br \/>\nmarktorientierten Forschung und Entwicklung, der industriellen Vorlaufforschung<br \/>\nsowie f\u00fcr Investitionsma\u00dfnahmen zur Verbesserung der wissenschaftlich-technischen<br \/>\nInfrastruktur.<\/p>\n<p>Auch im kommenden Jahr beabsichtigt die Bundesregierung, mindestens 65 Mio. Euro<br \/>\nan F\u00f6rdermitteln f\u00fcr die ostdeutschen IFE zur Verf\u00fcgung zu stellen. Damit ist<br \/>\nauch \u00fcber das laufende Jahr hinaus Planungssicherheit in der ostdeutschen<br \/>\nForschungslandschaft gew\u00e4hrleistet.<\/p>\n<p>Quelle:bmwi.bund.de<\/p>\n","protected":false},"excerpt":{"rendered":"<p>Berlin: Die Ost- und Mittelstandsbeauftragte Iris Gleicke &lt;http:\/\/www.bmwi.de\/DE\/Ministerium\/Minister-und-Staatssekretaere\/Visitenkarten\/visitenkarte-gleicke.html&gt; stellt f\u00fcr das F\u00f6rderprogramm INNO-KOM-Ost zus\u00e4tzliche Mittel in H\u00f6he von 400.000 Euro zur Verf\u00fcgung. Damit kann das F\u00f6rderprogramm trotz einer anhaltend hohen Nachfrage zielgerichtet fortgesetzt werden. Dazu erkl\u00e4rt Gleicke, die auch Parlamentarische Staatssekret\u00e4rin beim Bundesminister f\u00fcr Wirtschaft und Energie ist: &#8222;Es ist uns gelungen, durch Mobilisierung zus\u00e4tzlicher [&hellip;]<\/p>\n","protected":false},"author":7,"featured_media":4845,"comment_status":"closed","ping_status":"open","sticky":false,"template":"","format":"standard","meta":{"footnotes":""},"categories":[44,3,16],"tags":[2063],"class_list":["post-9953","post","type-post","status-publish","format-standard","has-post-thumbnail","hentry","category-deutschland-2","category-news","category-wirtschaft","tag-foerderprogramm-inno-kom-ost"],"_links":{"self":[{"href":"https:\/\/www.frankensicht.de\/index.php?rest_route=\/wp\/v2\/posts\/9953","targetHints":{"allow":["GET"]}}],"collection":[{"href":"https:\/\/www.frankensicht.de\/index.php?rest_route=\/wp\/v2\/posts"}],"about":[{"href":"https:\/\/www.frankensicht.de\/index.php?rest_route=\/wp\/v2\/types\/post"}],"author":[{"embeddable":true,"href":"https:\/\/www.frankensicht.de\/index.php?rest_route=\/wp\/v2\/users\/7"}],"replies":[{"embeddable":true,"href":"https:\/\/www.frankensicht.de\/index.php?rest_route=%2Fwp%2Fv2%2Fcomments&post=9953"}],"version-history":[{"count":2,"href":"https:\/\/www.frankensicht.de\/index.php?rest_route=\/wp\/v2\/posts\/9953\/revisions"}],"predecessor-version":[{"id":9955,"href":"https:\/\/www.frankensicht.de\/index.php?rest_route=\/wp\/v2\/posts\/9953\/revisions\/9955"}],"wp:featuredmedia":[{"embeddable":true,"href":"https:\/\/www.frankensicht.de\/index.php?rest_route=\/wp\/v2\/media\/4845"}],"wp:attachment":[{"href":"https:\/\/www.frankensicht.de\/index.php?rest_route=%2Fwp%2Fv2%2Fmedia&parent=9953"}],"wp:term":[{"taxonomy":"category","embeddable":true,"href":"https:\/\/www.frankensicht.de\/index.php?rest_route=%2Fwp%2Fv2%2Fcategories&post=9953"},{"taxonomy":"post_tag","embeddable":true,"href":"https:\/\/www.frankensicht.de\/index.php?rest_route=%2Fwp%2Fv2%2Ftags&post=9953"}],"curies":[{"name":"wp","href":"https:\/\/api.w.org\/{rel}","templated":true}]}}