{"id":9947,"date":"2016-09-11T08:21:03","date_gmt":"2016-09-11T06:21:03","guid":{"rendered":"http:\/\/www.frankensicht.de\/?p=9947"},"modified":"2016-09-11T08:21:03","modified_gmt":"2016-09-11T06:21:03","slug":"klimaschutzressourceneffizienz","status":"publish","type":"post","link":"https:\/\/www.frankensicht.de\/?p=9947","title":{"rendered":"Klimaschutz\/Ressourceneffizienz"},"content":{"rendered":"<p><span style=\"color: #ff0000;\">Berlin:<\/span><\/p>\n<p>Klimaschutz\/Ressourceneffizienz<br \/>\nSchwarzel\u00fchr-Sutter: Ressourceneffizienz ist der Schl\u00fcssel f\u00fcr<br \/>\nnachhaltigen Klimaschutz<br \/>\nChancendialog \u201eRessourcen\u201c bei der Jahreskonferenz der Stiftung 2\u00b0<\/p>\n<p>Gemeinsame Betrachtung von Material- und Energieeffizienz im Fokus<br \/>\nAnl\u00e4sslich der Jahreskonferenz der Stiftung 2\u00b0 stellt Rita<br \/>\nSchwarzel\u00fchr-Sutter, Parlamentarische Staatssekret\u00e4rin im<br \/>\nBundesumweltministerium, das Ressourceneffizienzprogramm der<br \/>\nBundesregierung (ProgRess) vor und erl\u00e4uterte die gemeinsamen Chancen<br \/>\nf\u00fcr die Wirtschaft, den Klimaschutz und den Ressourcenschutz:<\/p>\n<p><a href=\"https:\/\/www.frankensicht.de\/?attachment_id=4898\" rel=\"attachment wp-att-4898\"><img loading=\"lazy\" decoding=\"async\" class=\"alignnone size-medium wp-image-4898\" src=\"https:\/\/www.frankensicht.de\/wp-content\/uploads\/2013\/01\/lichtschalter-300x225.jpg\" alt=\"lichtschalter\" width=\"300\" height=\"225\" srcset=\"https:\/\/www.frankensicht.de\/wp-content\/uploads\/2013\/01\/lichtschalter-300x225.jpg 300w, https:\/\/www.frankensicht.de\/wp-content\/uploads\/2013\/01\/lichtschalter.jpg 640w\" sizes=\"auto, (max-width: 300px) 100vw, 300px\" \/><\/a><\/p>\n<p>Schwarzel\u00fchr-Sutter: \u201eRessourceneffizienz ist der Schl\u00fcssel f\u00fcr<br \/>\nnachhaltigen Klimaschutz. Nur mit einer globalen Ressourcenwende werden<br \/>\nwir das 2-Grad-Ziel im Klimaschutz erreichen k\u00f6nnen. Unser Ziel muss es<br \/>\nsein, die Anstrengungen zur Energie- und Materialeinsparung besser zu<br \/>\nverzahnen.\u201c<\/p>\n<p>Nach Berechnungen der OECD und des Weltressourcenrats k\u00f6nnte sich bis 2050<br \/>\nder globale Rohstoffverbrauch mindestens verdoppeln. Die Folgen f\u00fcr die<br \/>\nUmwelt durch CO2-Emissionen und Biodiversit\u00e4tsverlust w\u00e4ren gravierend.<br \/>\nDaher hat die Bundesregierung 2012 ein umfassendes strategisches Konzept<br \/>\nzur Steigerung der Ressourceneffizienz beschlossen: Das Deutsche<br \/>\nRessourceneffizienzprogramm (ProgRess). Das Programm wurde Anfang des<br \/>\nJahres neu aufgelegt und enth\u00e4lt wichtige Ma\u00dfnahmen, mit denen die<br \/>\nRohstoffgewinnung und der Materialeinsatz effizienter gestaltet werden<br \/>\nk\u00f6nnen.<\/p>\n<p>Schwarzel\u00fchr-Sutter: \u201eRessourceneffizienz kann f\u00fcr Unternehmen ein<br \/>\nklarer Wettbewerbsvorteil sein. Der Materialeinsatz beim verarbeitenden<br \/>\nGewerbe in Deutschland macht im Durchschnitt \u00fcber 40 Prozent der<br \/>\nKostenstruktur in deutschen Unternehmen aus. Daher bieten wir Unternehmen<br \/>\nund der \u00f6ffentlichen Verwaltung konkrete Beratungsangebote an, um<br \/>\nschonender und umweltvertr\u00e4glicher mit Energie und Rohstoffen<br \/>\numzugehen.\u201c<\/p>\n<p>Ein konkretes Unterst\u00fctzungsangebot f\u00fcr Unternehmen ist das vom<br \/>\nBundesumweltministerium gef\u00f6rderte VDI Zentrum Ressourceneffizienz (VDI<br \/>\nZRE). Beim VDI ZRE bekommen kleine und mittlere Unternehmen umfassende<br \/>\nInformationen zu Umwelttechnologien und material- und energieeffizienten<br \/>\nProzessl\u00f6sungen an die Hand.<\/p>\n<p>Zudem f\u00f6rdert das BMUB im Rahmen des Umweltinnovationsprogramms innovative<br \/>\nUmwelttech-nologien, darunter ressourceneffiziente Produktions- und<br \/>\nVerarbeitungsprozesse.<br \/>\nWeitere Informationen:<\/p>\n<p>BMUB-Themenseite Ressourceneffizienz<br \/>\nhttp:\/\/www.bmub.bund.de\/themen\/wirtschaft-produkte-ressourcen\/ressourceneffizienz\/<\/p>\n<p>Beratungszentrum f\u00fcr Ressourceneffizienz:<br \/>\nhttp:\/\/www.ressource-deutschland.de\/<br \/>\nhttps:\/\/www.facebook.com\/bmub.bund<\/p>\n<p>https:\/\/www.instagram.com\/bmub\/<\/p>\n<p><a class=\"twitter-timeline\" data-width=\"640\" data-height=\"960\" data-dnt=\"true\" href=\"https:\/\/twitter.com\/bmub?ref_src=twsrc%5Etfw\">Tweets by bmub<\/a><script async src=\"https:\/\/platform.twitter.com\/widgets.js\" charset=\"utf-8\"><\/script><\/p>\n<p>Quelle: bmub.bund.de<\/p>\n","protected":false},"excerpt":{"rendered":"<p>Berlin: Klimaschutz\/Ressourceneffizienz Schwarzel\u00fchr-Sutter: Ressourceneffizienz ist der Schl\u00fcssel f\u00fcr nachhaltigen Klimaschutz Chancendialog \u201eRessourcen\u201c bei der Jahreskonferenz der Stiftung 2\u00b0 Gemeinsame Betrachtung von Material- und Energieeffizienz im Fokus Anl\u00e4sslich der Jahreskonferenz der Stiftung 2\u00b0 stellt Rita Schwarzel\u00fchr-Sutter, Parlamentarische Staatssekret\u00e4rin im Bundesumweltministerium, das Ressourceneffizienzprogramm der Bundesregierung (ProgRess) vor und erl\u00e4uterte die gemeinsamen Chancen f\u00fcr die Wirtschaft, den Klimaschutz [&hellip;]<\/p>\n","protected":false},"author":7,"featured_media":4898,"comment_status":"closed","ping_status":"open","sticky":false,"template":"","format":"standard","meta":{"footnotes":""},"categories":[44,71],"tags":[238],"class_list":["post-9947","post","type-post","status-publish","format-standard","has-post-thumbnail","hentry","category-deutschland-2","category-menue","tag-klimaschutz"],"_links":{"self":[{"href":"https:\/\/www.frankensicht.de\/index.php?rest_route=\/wp\/v2\/posts\/9947","targetHints":{"allow":["GET"]}}],"collection":[{"href":"https:\/\/www.frankensicht.de\/index.php?rest_route=\/wp\/v2\/posts"}],"about":[{"href":"https:\/\/www.frankensicht.de\/index.php?rest_route=\/wp\/v2\/types\/post"}],"author":[{"embeddable":true,"href":"https:\/\/www.frankensicht.de\/index.php?rest_route=\/wp\/v2\/users\/7"}],"replies":[{"embeddable":true,"href":"https:\/\/www.frankensicht.de\/index.php?rest_route=%2Fwp%2Fv2%2Fcomments&post=9947"}],"version-history":[{"count":2,"href":"https:\/\/www.frankensicht.de\/index.php?rest_route=\/wp\/v2\/posts\/9947\/revisions"}],"predecessor-version":[{"id":9949,"href":"https:\/\/www.frankensicht.de\/index.php?rest_route=\/wp\/v2\/posts\/9947\/revisions\/9949"}],"wp:featuredmedia":[{"embeddable":true,"href":"https:\/\/www.frankensicht.de\/index.php?rest_route=\/wp\/v2\/media\/4898"}],"wp:attachment":[{"href":"https:\/\/www.frankensicht.de\/index.php?rest_route=%2Fwp%2Fv2%2Fmedia&parent=9947"}],"wp:term":[{"taxonomy":"category","embeddable":true,"href":"https:\/\/www.frankensicht.de\/index.php?rest_route=%2Fwp%2Fv2%2Fcategories&post=9947"},{"taxonomy":"post_tag","embeddable":true,"href":"https:\/\/www.frankensicht.de\/index.php?rest_route=%2Fwp%2Fv2%2Ftags&post=9947"}],"curies":[{"name":"wp","href":"https:\/\/api.w.org\/{rel}","templated":true}]}}