{"id":9944,"date":"2016-09-10T08:09:41","date_gmt":"2016-09-10T06:09:41","guid":{"rendered":"http:\/\/www.frankensicht.de\/?p=9944"},"modified":"2016-09-10T08:09:41","modified_gmt":"2016-09-10T06:09:41","slug":"betriebliches-gesundheitsmanagement-in-einer-digitalisierten-arbeitswelt-am-12-september","status":"publish","type":"post","link":"https:\/\/www.frankensicht.de\/?p=9944","title":{"rendered":"Betriebliches Gesundheitsmanagement in einer digitalisierten Arbeitswelt&#8220; am 12. September"},"content":{"rendered":"<p><span style=\"color: #ff0000;\">M\u00fcnchen:<\/span><\/p>\n<p>Huml: Auf &#8222;Offline-Zeiten&#8220; f\u00fcr Arbeitnehmer achten &#8211; Bayerns Gesundheitsministerin zum Start des Verbundprojekts &#8222;RegioKMUnet &#8211; Betriebliches Gesundheitsmanagement in einer digitalisierten Arbeitswelt&#8220; am 12. September<\/p>\n<p>Bayerns Gesundheitsministerin Melanie Huml hat vor den Risiken der st\u00e4ndigen Erreichbarkeit von Arbeitnehmern etwa durch Smartphones gewarnt. Huml betonte am Freitag mit Blick auf den Start des Verbundprojekts &#8222;RegioKMUnet &#8211; Betriebliches Gesundheitsmanagement in einer digitalisierten Arbeitswelt&#8220; am 12. September: &#8222;Moderne Techniken k\u00f6nnen zwar das flexible Arbeiten von zu Hause aus erleichtern. Aber es muss auch &amp;sbquo;Offline-Zeiten&amp;lsquo; geben. Denn die Gesundheit darf nicht durch \u00fcberm\u00e4\u00dfige Belastungen gef\u00e4hrdet werden.&#8220;<\/p>\n<p><a href=\"https:\/\/www.frankensicht.de\/?attachment_id=9483\" rel=\"attachment wp-att-9483\"><img loading=\"lazy\" decoding=\"async\" class=\"alignnone size-medium wp-image-9483\" src=\"https:\/\/www.frankensicht.de\/wp-content\/uploads\/2016\/04\/P1020751-300x225.jpg\" alt=\"P1020751\" width=\"300\" height=\"225\" srcset=\"https:\/\/www.frankensicht.de\/wp-content\/uploads\/2016\/04\/P1020751-300x225.jpg 300w, https:\/\/www.frankensicht.de\/wp-content\/uploads\/2016\/04\/P1020751.jpg 640w\" sizes=\"auto, (max-width: 300px) 100vw, 300px\" \/><\/a><\/p>\n<p>Das Verbundprojekt ist ein F\u00f6rderprojekt des Bundesministeriums f\u00fcr Bildung und Forschung f\u00fcr zw\u00f6lf kleine und mittlere Unternehmen zun\u00e4chst in den Regionen N\u00fcrnberg\/Erlangen und M\u00fcnchen. Es wird wissenschaftlich durchgef\u00fchrt und begleitet durch das Institut f\u00fcr Arbeits-, Sozial- und Umweltmedizin der Universit\u00e4t Erlangen-N\u00fcrnberg. Ziel ist die Entwicklung und Umsetzung eines ganzheitlichen Konzepts zur F\u00f6rderung eines systematischen betrieblichen Gesundheitsmanagements in kleinen und mittleren Unternehmen. Dabei gibt es auch eine psychische Gef\u00e4hrdungsanalyse vor dem Hintergrund der digitalisierten Arbeitswelt. Ferner wird der Betriebsarzt in diese Prozesse eingebunden.<\/p>\n<p>Die Ministerin unterstrich: &#8222;Gesunde Mitarbeiter sind ein Garant f\u00fcr den Unternehmenserfolg. Wichtig ist deshalb eine sinnvolle &amp;sbquo;Erreichbarkeitskultur&amp;lsquo; &amp;ndash; auch in kleineren und mittleren Betrieben. F\u00fcr sie haben wir einen Handlungsleitfaden erarbeitet, wie die Vorteile der digitalen Welt nicht zu Lasten der Gesundheit der Mitarbeiter gehen.&#8220;<\/p>\n<p>Der Handlungsleitfaden ist am Bayerischen Landesamt f\u00fcr Gesundheit und Lebensmittelsicherheit (LGL) im Rahmen des Projekts &#8222;FlexA&#8220; entstanden, das auf die Pr\u00e4vention psychischer Fehlbelastungen abzielt, die durch Flexibilisierung, Entgrenzung und Erreichbarkeit in der Arbeitswelt entstehen. Huml unterstrich: &#8222;So wie F\u00fchrungskr\u00e4fte und Mitarbeiter tagt\u00e4glich im Betrieb zusammenarbeiten, sollten die Betriebsprozesse auch f\u00fcr die psychische Gesundheit gemeinsam optimiert werden. Klar ist dabei: Chefs haben eine Vorbildfunktion und setzen die Rahmenbedingungen, wie gearbeitet wird. Das bedeutet eine gro\u00dfe Verantwortung!&#8220;<\/p>\n<p>Der Handlungsleitfaden ist im Internet abrufbar unter: https:\/\/www.lgl.bayern.de\/downloads\/arbeitsschutz\/arbeitsmedizin\/doc\/flexa_handlungsleitfaden.pdf<\/p>\n<p>Quelle:stmgp,bayern.de<\/p>\n","protected":false},"excerpt":{"rendered":"<p>M\u00fcnchen: Huml: Auf &#8222;Offline-Zeiten&#8220; f\u00fcr Arbeitnehmer achten &#8211; Bayerns Gesundheitsministerin zum Start des Verbundprojekts &#8222;RegioKMUnet &#8211; Betriebliches Gesundheitsmanagement in einer digitalisierten Arbeitswelt&#8220; am 12. September Bayerns Gesundheitsministerin Melanie Huml hat vor den Risiken der st\u00e4ndigen Erreichbarkeit von Arbeitnehmern etwa durch Smartphones gewarnt. Huml betonte am Freitag mit Blick auf den Start des Verbundprojekts &#8222;RegioKMUnet &#8211; [&hellip;]<\/p>\n","protected":false},"author":7,"featured_media":9483,"comment_status":"closed","ping_status":"open","sticky":false,"template":"","format":"standard","meta":{"footnotes":""},"categories":[78,71],"tags":[2061],"class_list":["post-9944","post","type-post","status-publish","format-standard","has-post-thumbnail","hentry","category-bayern","category-menue","tag-regiokmunet"],"_links":{"self":[{"href":"https:\/\/www.frankensicht.de\/index.php?rest_route=\/wp\/v2\/posts\/9944","targetHints":{"allow":["GET"]}}],"collection":[{"href":"https:\/\/www.frankensicht.de\/index.php?rest_route=\/wp\/v2\/posts"}],"about":[{"href":"https:\/\/www.frankensicht.de\/index.php?rest_route=\/wp\/v2\/types\/post"}],"author":[{"embeddable":true,"href":"https:\/\/www.frankensicht.de\/index.php?rest_route=\/wp\/v2\/users\/7"}],"replies":[{"embeddable":true,"href":"https:\/\/www.frankensicht.de\/index.php?rest_route=%2Fwp%2Fv2%2Fcomments&post=9944"}],"version-history":[{"count":2,"href":"https:\/\/www.frankensicht.de\/index.php?rest_route=\/wp\/v2\/posts\/9944\/revisions"}],"predecessor-version":[{"id":9946,"href":"https:\/\/www.frankensicht.de\/index.php?rest_route=\/wp\/v2\/posts\/9944\/revisions\/9946"}],"wp:featuredmedia":[{"embeddable":true,"href":"https:\/\/www.frankensicht.de\/index.php?rest_route=\/wp\/v2\/media\/9483"}],"wp:attachment":[{"href":"https:\/\/www.frankensicht.de\/index.php?rest_route=%2Fwp%2Fv2%2Fmedia&parent=9944"}],"wp:term":[{"taxonomy":"category","embeddable":true,"href":"https:\/\/www.frankensicht.de\/index.php?rest_route=%2Fwp%2Fv2%2Fcategories&post=9944"},{"taxonomy":"post_tag","embeddable":true,"href":"https:\/\/www.frankensicht.de\/index.php?rest_route=%2Fwp%2Fv2%2Ftags&post=9944"}],"curies":[{"name":"wp","href":"https:\/\/api.w.org\/{rel}","templated":true}]}}