{"id":9941,"date":"2016-09-08T08:36:46","date_gmt":"2016-09-08T06:36:46","guid":{"rendered":"http:\/\/www.frankensicht.de\/?p=9941"},"modified":"2016-09-08T08:36:46","modified_gmt":"2016-09-08T06:36:46","slug":"palliativversorgung-in-bayern-wird-konsequent-ausgebaut","status":"publish","type":"post","link":"https:\/\/www.frankensicht.de\/?p=9941","title":{"rendered":"Palliativversorgung in Bayern wird konsequent ausgebaut"},"content":{"rendered":"<p><span style=\"color: #ff0000;\">M\u00fcnchen:<\/span><\/p>\n<p>Palliativversorgung in Bayern wird konsequent ausgebaut &#8211; Bayerns Gesundheitsministerin Huml: Bescheid zur Erweiterung der Palliativstation des Sana Klinikums Hof<\/p>\n<p>Bayerns Gesundheits- und Pflegeministerin Melanie Huml treibt den Ausbau der Versorgung schwerstkranker Menschen in Bayern konsequent voran. So wird die Palliativstation am Sana Klinikum Hof von sechs auf acht Betten erweitert. Huml betonte am Mittwoch anl\u00e4sslich der \u00dcbergabe des entsprechenden Bescheids im oberfr\u00e4nkischen Helmbrechts: &#8222;Es ist mir ein gro\u00dfes Anliegen, allen Menschen in Bayern Zugang zu einer wohnortnahen Palliativversorgung zu erm\u00f6glichen. Damit setzen wir ein klares Zeichen f\u00fcr ein Leben in W\u00fcrde bis zuletzt.&#8220;<\/p>\n<p><a href=\"https:\/\/www.frankensicht.de\/?attachment_id=4951\" rel=\"attachment wp-att-4951\"><img loading=\"lazy\" decoding=\"async\" class=\"alignnone size-medium wp-image-4951\" src=\"https:\/\/www.frankensicht.de\/wp-content\/uploads\/2013\/01\/krankenhaus-300x187.jpg\" alt=\"krankenhaus\" width=\"300\" height=\"187\" srcset=\"https:\/\/www.frankensicht.de\/wp-content\/uploads\/2013\/01\/krankenhaus-300x187.jpg 300w, https:\/\/www.frankensicht.de\/wp-content\/uploads\/2013\/01\/krankenhaus.jpg 640w\" sizes=\"auto, (max-width: 300px) 100vw, 300px\" \/><\/a><\/p>\n<p>Die Ministerin f\u00fcgte hinzu: &#8222;Es ist unsere besondere Aufgabe, schwerstkranke und sterbende Menschen auf ihrem letzten Weg zu begleiten. Dazu geh\u00f6rt, die Betroffenen soweit wie m\u00f6glich von Schmerzen zu befreien. Auch ihre Angeh\u00f6rigen brauchen Zuspruch.&#8220;<\/p>\n<p>In Oberfranken gibt es mit dem Ausbau am Sana Klinikum Hof 5 Palliativstationen mit insgesamt 42 Betten sowie 7 palliativmedizinische Dienste. Erg\u00e4nzt wird das Angebot durch 2 station\u00e4re Hospize mit 18 Pl\u00e4tzen und 3 Teams der Spezialisierten Ambulanten Palliativ-Versorgung (SAPV).<\/p>\n<p>In ganz Bayern gibt es insgesamt an 99 Krankenh\u00e4usern station\u00e4re palliativmedizinische Versorgungsstrukturen. Eine Palliativstation gibt es an 49 Krankenh\u00e4usern. Sechs Krankenh\u00e4user haben sowohl eine Palliativstation als auch einen palliativmedizinischen Dienst. An 50 Krankenh\u00e4usern ist ausschlie\u00dflich ein palliativmedizinischer Dienst t\u00e4tig.<\/p>\n<p>Im Freistaat sind ferner insgesamt 38 SAPV-Teams f\u00fcr Erwachsene t\u00e4tig &#8211; davon 19 im l\u00e4ndlichen Raum sowie 5 Teams speziell f\u00fcr Kinder- und Jugendliche. In diesem Jahr stellt der Freistaat wieder insgesamt 100.000 Euro f\u00fcr die Anschubfinanzierung von SAPV-Teams zur Verf\u00fcgung. Der Freistaat unterst\u00fctzt zudem den Ausbau station\u00e4rer Hospize mit bis zu 10.000 Euro pro Hospizplatz. Im station\u00e4ren Bereich verf\u00fcgt Bayern derzeit \u00fcber 18 Hospize mit 182 Pl\u00e4tzen sowie ein station\u00e4res Kinderhospiz im schw\u00e4bischen Bad Gr\u00f6nenbach.<\/p>\n<p>Quelle:stmpg.bayern.de<\/p>\n","protected":false},"excerpt":{"rendered":"<p>M\u00fcnchen: Palliativversorgung in Bayern wird konsequent ausgebaut &#8211; Bayerns Gesundheitsministerin Huml: Bescheid zur Erweiterung der Palliativstation des Sana Klinikums Hof Bayerns Gesundheits- und Pflegeministerin Melanie Huml treibt den Ausbau der Versorgung schwerstkranker Menschen in Bayern konsequent voran. So wird die Palliativstation am Sana Klinikum Hof von sechs auf acht Betten erweitert. Huml betonte am Mittwoch [&hellip;]<\/p>\n","protected":false},"author":7,"featured_media":4951,"comment_status":"closed","ping_status":"open","sticky":false,"template":"","format":"standard","meta":{"footnotes":""},"categories":[78,71],"tags":[1877],"class_list":["post-9941","post","type-post","status-publish","format-standard","has-post-thumbnail","hentry","category-bayern","category-menue","tag-palliativ"],"_links":{"self":[{"href":"https:\/\/www.frankensicht.de\/index.php?rest_route=\/wp\/v2\/posts\/9941","targetHints":{"allow":["GET"]}}],"collection":[{"href":"https:\/\/www.frankensicht.de\/index.php?rest_route=\/wp\/v2\/posts"}],"about":[{"href":"https:\/\/www.frankensicht.de\/index.php?rest_route=\/wp\/v2\/types\/post"}],"author":[{"embeddable":true,"href":"https:\/\/www.frankensicht.de\/index.php?rest_route=\/wp\/v2\/users\/7"}],"replies":[{"embeddable":true,"href":"https:\/\/www.frankensicht.de\/index.php?rest_route=%2Fwp%2Fv2%2Fcomments&post=9941"}],"version-history":[{"count":2,"href":"https:\/\/www.frankensicht.de\/index.php?rest_route=\/wp\/v2\/posts\/9941\/revisions"}],"predecessor-version":[{"id":9943,"href":"https:\/\/www.frankensicht.de\/index.php?rest_route=\/wp\/v2\/posts\/9941\/revisions\/9943"}],"wp:featuredmedia":[{"embeddable":true,"href":"https:\/\/www.frankensicht.de\/index.php?rest_route=\/wp\/v2\/media\/4951"}],"wp:attachment":[{"href":"https:\/\/www.frankensicht.de\/index.php?rest_route=%2Fwp%2Fv2%2Fmedia&parent=9941"}],"wp:term":[{"taxonomy":"category","embeddable":true,"href":"https:\/\/www.frankensicht.de\/index.php?rest_route=%2Fwp%2Fv2%2Fcategories&post=9941"},{"taxonomy":"post_tag","embeddable":true,"href":"https:\/\/www.frankensicht.de\/index.php?rest_route=%2Fwp%2Fv2%2Ftags&post=9941"}],"curies":[{"name":"wp","href":"https:\/\/api.w.org\/{rel}","templated":true}]}}