{"id":9937,"date":"2016-09-07T09:09:02","date_gmt":"2016-09-07T07:09:02","guid":{"rendered":"http:\/\/www.frankensicht.de\/?p=9937"},"modified":"2016-09-07T09:09:02","modified_gmt":"2016-09-07T07:09:02","slug":"demenz-partner","status":"publish","type":"post","link":"https:\/\/www.frankensicht.de\/?p=9937","title":{"rendered":"Demenz Partner"},"content":{"rendered":"<p><span style=\"color: #ff0000;\">Berlin:<\/span><\/p>\n<p>Bundesgesundheitsminister Gr\u00f6he und Bundesfamilienministerin Schwesig starten<br \/>\ngemeinsam mit der Deutschen Alzheimer Gesellschaft die Initiative &#8222;Demenz<br \/>\nPartner&#8220;<br \/>\nBundesgesundheitsminister Hermann Gr\u00f6he und Bundesfamilienministerin Manuela<br \/>\nSchwesig gaben heute gemeinsam in Berlin den Startschuss f\u00fcr eine<br \/>\ndeutschlandweite Initiative, die \u00fcber Demenzerkrankungen\u00a0 sowie die Bed\u00fcrfnisse<br \/>\nvon Menschen mit Demenz und ihren Familien aufkl\u00e4rt. Die Deutsche Alzheimer<br \/>\nGesellschaft f\u00fchrt die Initiative &#8222;Demenz Partner&#8220; durch, die vom<br \/>\nBundesministerium f\u00fcr Gesundheit (BMG) gef\u00f6rdert und durch das Bundesministerium<br \/>\nf\u00fcr Familie, Senioren, Frauen und Jugend (BMFSFJ) unterst\u00fctzt wird.<\/p>\n<p><a href=\"https:\/\/www.frankensicht.de\/?attachment_id=1517\" rel=\"attachment wp-att-1517\"><img loading=\"lazy\" decoding=\"async\" class=\"alignnone size-medium wp-image-1517\" src=\"https:\/\/www.frankensicht.de\/wp-content\/uploads\/2012\/05\/teddy-300x225.jpg\" alt=\"teddy\" width=\"300\" height=\"225\" srcset=\"https:\/\/www.frankensicht.de\/wp-content\/uploads\/2012\/05\/teddy-300x225.jpg 300w, https:\/\/www.frankensicht.de\/wp-content\/uploads\/2012\/05\/teddy.jpg 640w\" sizes=\"auto, (max-width: 300px) 100vw, 300px\" \/><\/a><\/p>\n<p>Bundesgesundheitsminister Hermann Gr\u00f6he: &#8222;Der gute Umgang mit Pflegebed\u00fcrftigen<br \/>\nund im Besonderen mit demenziell erkrankten Menschen liegt mir sehr am Herzen.<br \/>\nMit dem neuen Pflegebed\u00fcrftigkeitsbegriff und dem neuen Begutachtungsverfahren<br \/>\nschaffen wir f\u00fcr Menschen mit Demenz ab dem 1. Januar 2017 endlich den<br \/>\ngleichberechtigten Zugang zu allen Leistungen der Pflegeversicherung. Auch im<br \/>\nAlltag m\u00fcssen wir unseren Umgang mit dieser schweren Erkrankung ver\u00e4ndern. Ob es<br \/>\num Aufmerksamkeit in der Nachbarschaft oder Hilfestellungen beim Einkauf, im Bus<br \/>\noder beim Beh\u00f6rdengang geht\u00a0&#8211; jeder von uns kann ein &#8222;Demenz-Partner&#8220; werden. Die<br \/>\nneuen Kurse helfen dabei, mehr Verst\u00e4ndnis f\u00fcr demenziell Erkrankte zu entwickeln<br \/>\nund ihnen im Alltag hilfreich zur Seite zu stehen.&#8220;<\/p>\n<p>Bundesfamilienministerin Manuela Schwesig: &#8222;F\u00fcr Menschen mit Demenz und ihre<br \/>\nAngeh\u00f6rigen ist ein verst\u00e4ndnisvolles Umfeld wichtig. Es hilft, mit der<br \/>\nschwierigen Situation besser umzugehen. Verst\u00e4ndnis setzt Wissen \u00fcber die<br \/>\nKrankheit und die Sorgen der Erkrankten und ihrer Angeh\u00f6rigen voraus. Doch Demenz<br \/>\nist noch immer ein mit Angst und Vorurteilen behaftetes Thema \u00fcber das wir zu<br \/>\nwenig sprechen. Mit der Initiative m\u00f6chten wir m\u00f6glichst viele Menschen gewinnen,<br \/>\nsich zu informieren, Verantwortung zu \u00fcbernehmen und sie f\u00fcr M\u00f6glichkeiten der<br \/>\nHilfe und Begleitung sensibilisieren, f\u00fcr ein verst\u00e4ndnisvolleres Miteinander.<br \/>\nDazu tragen die durch das BMFSFJ Modellprojekt gef\u00f6rderten &#8222;Lokale Allianzen f\u00fcr<br \/>\nMenschen mit Demenz&#8220; bereits erfolgreich bei.&#8220;<\/p>\n<p>Monika Kaus, erste Vorsitzende der Deutschen Alzheimer Gesellschaft: &#8222;Auch wenn<br \/>\nes das Thema mittlerweile h\u00e4ufiger in die Medien schafft: Aufkl\u00e4rung \u00fcber Demenz<br \/>\nist nach wie vor wichtig. Menschen mit Demenz und ihre Angeh\u00f6rigen erleben immer<br \/>\nwieder, dass Freunde und Verwandte sich zur\u00fcckziehen und sie berichten von<br \/>\nUnverst\u00e4ndnis und Ablehnung, die ihnen im Alltag begegnen. Mit dieser Kampagne<br \/>\nwollen wir f\u00fcr Verst\u00e4ndnis, Toleranz und Hilfsbereitschaft werben, wenn zum<br \/>\nBeispiel jemand verwirrt auf der Stra\u00dfe oder vor dem Bankautomaten steht oder<br \/>\nseinen langj\u00e4hrigen Nachbarn nicht wiedererkennt.&#8220;<\/p>\n<p>&#8222;Demenz braucht Dich&#8220; lautet der Slogan der Demenz-Partner-Initiative. Damit ist<br \/>\ngemeint, dass jeder mit seinem Verhalten dazu beitragen kann, die<br \/>\nLebensbedingungen von Menschen mit Demenz zu verbessern. In bundes-weit<br \/>\nstattfindenden Kursen werden neben Wissen zum Krankheitsbild wichtige Tipps zum<br \/>\nUmgang mit Menschen mit Demenz vermittelt. Wer an den 90-min\u00fctigen kostenlosen<br \/>\nKursen teilnimmt, erh\u00e4lt als Teilnahmebest\u00e4tigung eine Urkunde und einen<br \/>\nAnstecker, der ihn als &#8222;Demenz Partner&#8220; ausweist.<\/p>\n<p>Vorbild ist die Aktion &#8222;Dementia Friends&#8220; der englischen Alzheimer-Gesellschaft,<br \/>\ndie die Initiative aus Japan aufgenommen hat. Daran beteiligen sich inzwischen<br \/>\nmehrere Millionen Menschen in Gro\u00dfbritannien, Kanada, Nigeria, China und weiteren<br \/>\nL\u00e4ndern.<\/p>\n<p>In Deutschland leben gegenw\u00e4rtig 1,6 Millionen Menschen mit Demenz. Ungef\u00e4hr 60<br \/>\nProzent davon leiden an einer Demenz vom Typ Alzheimer. Ihre Zahl wird bis 2050<br \/>\nauf 3 Millionen steigen, sofern kein Durchbruch in der Behandlung oder Pr\u00e4vention<br \/>\ngelingt. &#8222;Demenz Partner&#8220; fordert alle Menschen auf, sich \u00fcber das Krankheitsbild<br \/>\nzu informieren. Denn Menschen mit Demenz begegnet man nicht nur in der Familie,<br \/>\nsondern vielfach im Alltag, in der Nachbarschaft und auch am Arbeitsplatz.<\/p>\n<p>Die Initiative hat eine Laufzeit von f\u00fcnf Jahren. Nach der Anschubfinanzierung<br \/>\ndurch das Bundesgesundheitsministerium unterst\u00fctzt Frau Susanne Klatten mit ihrer<br \/>\ngemeinn\u00fctzigen SKala-Initiative die bundesweite Initiative f\u00fcr die n\u00e4chsten f\u00fcnf<br \/>\nJahre.<\/p>\n<p>Alle wichtigen Informationen finden Sie unter: www.demenz-partner.de<br \/>\n&lt;http:\/\/www.demenz-partner.de\/&gt;.<\/p>\n<p>Quelle: bmfsfj.bund.de<\/p>\n","protected":false},"excerpt":{"rendered":"<p>Berlin: Bundesgesundheitsminister Gr\u00f6he und Bundesfamilienministerin Schwesig starten gemeinsam mit der Deutschen Alzheimer Gesellschaft die Initiative &#8222;Demenz Partner&#8220; Bundesgesundheitsminister Hermann Gr\u00f6he und Bundesfamilienministerin Manuela Schwesig gaben heute gemeinsam in Berlin den Startschuss f\u00fcr eine deutschlandweite Initiative, die \u00fcber Demenzerkrankungen\u00a0 sowie die Bed\u00fcrfnisse von Menschen mit Demenz und ihren Familien aufkl\u00e4rt. Die Deutsche Alzheimer Gesellschaft f\u00fchrt die [&hellip;]<\/p>\n","protected":false},"author":7,"featured_media":1517,"comment_status":"closed","ping_status":"open","sticky":false,"template":"","format":"standard","meta":{"footnotes":""},"categories":[44,3],"tags":[205],"class_list":["post-9937","post","type-post","status-publish","format-standard","has-post-thumbnail","hentry","category-deutschland-2","category-news","tag-demenz"],"_links":{"self":[{"href":"https:\/\/www.frankensicht.de\/index.php?rest_route=\/wp\/v2\/posts\/9937","targetHints":{"allow":["GET"]}}],"collection":[{"href":"https:\/\/www.frankensicht.de\/index.php?rest_route=\/wp\/v2\/posts"}],"about":[{"href":"https:\/\/www.frankensicht.de\/index.php?rest_route=\/wp\/v2\/types\/post"}],"author":[{"embeddable":true,"href":"https:\/\/www.frankensicht.de\/index.php?rest_route=\/wp\/v2\/users\/7"}],"replies":[{"embeddable":true,"href":"https:\/\/www.frankensicht.de\/index.php?rest_route=%2Fwp%2Fv2%2Fcomments&post=9937"}],"version-history":[{"count":3,"href":"https:\/\/www.frankensicht.de\/index.php?rest_route=\/wp\/v2\/posts\/9937\/revisions"}],"predecessor-version":[{"id":9940,"href":"https:\/\/www.frankensicht.de\/index.php?rest_route=\/wp\/v2\/posts\/9937\/revisions\/9940"}],"wp:featuredmedia":[{"embeddable":true,"href":"https:\/\/www.frankensicht.de\/index.php?rest_route=\/wp\/v2\/media\/1517"}],"wp:attachment":[{"href":"https:\/\/www.frankensicht.de\/index.php?rest_route=%2Fwp%2Fv2%2Fmedia&parent=9937"}],"wp:term":[{"taxonomy":"category","embeddable":true,"href":"https:\/\/www.frankensicht.de\/index.php?rest_route=%2Fwp%2Fv2%2Fcategories&post=9937"},{"taxonomy":"post_tag","embeddable":true,"href":"https:\/\/www.frankensicht.de\/index.php?rest_route=%2Fwp%2Fv2%2Ftags&post=9937"}],"curies":[{"name":"wp","href":"https:\/\/api.w.org\/{rel}","templated":true}]}}