{"id":9932,"date":"2016-09-06T08:31:23","date_gmt":"2016-09-06T06:31:23","guid":{"rendered":"http:\/\/www.frankensicht.de\/?p=9932"},"modified":"2016-09-06T08:31:23","modified_gmt":"2016-09-06T06:31:23","slug":"bahnbruecke-bayreuther-strasse-waehrend-der-nachtstunden-gesperrt","status":"publish","type":"post","link":"https:\/\/www.frankensicht.de\/?p=9932","title":{"rendered":"Bahnbr\u00fccke Bayreuther Stra\u00dfe w\u00e4hrend der Nachtstunden gesperrt"},"content":{"rendered":"<p><span style=\"color: #ff0000;\">Erlangen:<\/span><\/p>\n<p>Bahnbr\u00fccke Bayreuther Stra\u00dfe w\u00e4hrend der Nachtstunden gesperrt<br \/>\nIm Zuge der DB-Bauarbeiten im Bereich des Burgbergtunnels saniert das Staatliche Bauamt N\u00fcrnberg in den n\u00e4chsten Wochen die alte Bahnbr\u00fccke Bayreuther Stra\u00dfe. Wie das Ordnungs- und Stra\u00dfenverkehrsamt der Stadt Erlangen mitteilt, ist im Zuge der vorbereitenden Ma\u00dfnahmen von Dienstag, 13. September, 18:00 Uhr, bis Mittwoch, 14. September, 6:00 Uhr, eine Sperrung f\u00fcr den Kraftfahrzeugverkehr notwendig. Die Umleitung erfolgt in beiden Fahrtrichtungen \u00fcber die Baiersdorfer- und die Martinsb\u00fchler Stra\u00dfe. Fu\u00dfg\u00e4nger und Radfahrer k\u00f6nnen die Br\u00fccke passieren. Fahrzeuge mit einer H\u00f6he ab 3,5 Metern m\u00fcssen \u00fcber die Bundesautobahn A 73 zur Anschlussstelle Zentrum ausweichen, um in die Alt- und Nordstadt zu gelangen. W\u00e4hrend der anschlie\u00dfenden Bauarbeiten werden die Verkehrsfl\u00e4chen verengt. Fu\u00dfg\u00e4nger k\u00f6nnen nur auf der n\u00f6rdlichen Seite der Br\u00fccke passieren, der Stra\u00dfenverkehr l\u00e4uft weiterhin in beide Richtungen.<\/p>\n<p><a href=\"https:\/\/www.frankensicht.de\/?attachment_id=9934\" rel=\"attachment wp-att-9934\"><img loading=\"lazy\" decoding=\"async\" class=\"alignnone size-medium wp-image-9934\" src=\"https:\/\/www.frankensicht.de\/wp-content\/uploads\/2016\/09\/P1020523-300x225.jpg\" alt=\"P1020523\" width=\"300\" height=\"225\" srcset=\"https:\/\/www.frankensicht.de\/wp-content\/uploads\/2016\/09\/P1020523-300x225.jpg 300w, https:\/\/www.frankensicht.de\/wp-content\/uploads\/2016\/09\/P1020523.jpg 640w\" sizes=\"auto, (max-width: 300px) 100vw, 300px\" \/><\/a><\/p>\n<p>Quelle:erlangen.de<\/p>\n","protected":false},"excerpt":{"rendered":"<p>Erlangen: Bahnbr\u00fccke Bayreuther Stra\u00dfe w\u00e4hrend der Nachtstunden gesperrt Im Zuge der DB-Bauarbeiten im Bereich des Burgbergtunnels saniert das Staatliche Bauamt N\u00fcrnberg in den n\u00e4chsten Wochen die alte Bahnbr\u00fccke Bayreuther Stra\u00dfe. Wie das Ordnungs- und Stra\u00dfenverkehrsamt der Stadt Erlangen mitteilt, ist im Zuge der vorbereitenden Ma\u00dfnahmen von Dienstag, 13. September, 18:00 Uhr, bis Mittwoch, 14. September, [&hellip;]<\/p>\n","protected":false},"author":7,"featured_media":9934,"comment_status":"closed","ping_status":"open","sticky":false,"template":"","format":"standard","meta":{"footnotes":""},"categories":[78,111,71,85],"tags":[283],"class_list":["post-9932","post","type-post","status-publish","format-standard","has-post-thumbnail","hentry","category-bayern","category-erlangen-mittelfranken","category-menue","category-mittelfranken","tag-bahn"],"_links":{"self":[{"href":"https:\/\/www.frankensicht.de\/index.php?rest_route=\/wp\/v2\/posts\/9932","targetHints":{"allow":["GET"]}}],"collection":[{"href":"https:\/\/www.frankensicht.de\/index.php?rest_route=\/wp\/v2\/posts"}],"about":[{"href":"https:\/\/www.frankensicht.de\/index.php?rest_route=\/wp\/v2\/types\/post"}],"author":[{"embeddable":true,"href":"https:\/\/www.frankensicht.de\/index.php?rest_route=\/wp\/v2\/users\/7"}],"replies":[{"embeddable":true,"href":"https:\/\/www.frankensicht.de\/index.php?rest_route=%2Fwp%2Fv2%2Fcomments&post=9932"}],"version-history":[{"count":3,"href":"https:\/\/www.frankensicht.de\/index.php?rest_route=\/wp\/v2\/posts\/9932\/revisions"}],"predecessor-version":[{"id":9936,"href":"https:\/\/www.frankensicht.de\/index.php?rest_route=\/wp\/v2\/posts\/9932\/revisions\/9936"}],"wp:featuredmedia":[{"embeddable":true,"href":"https:\/\/www.frankensicht.de\/index.php?rest_route=\/wp\/v2\/media\/9934"}],"wp:attachment":[{"href":"https:\/\/www.frankensicht.de\/index.php?rest_route=%2Fwp%2Fv2%2Fmedia&parent=9932"}],"wp:term":[{"taxonomy":"category","embeddable":true,"href":"https:\/\/www.frankensicht.de\/index.php?rest_route=%2Fwp%2Fv2%2Fcategories&post=9932"},{"taxonomy":"post_tag","embeddable":true,"href":"https:\/\/www.frankensicht.de\/index.php?rest_route=%2Fwp%2Fv2%2Ftags&post=9932"}],"curies":[{"name":"wp","href":"https:\/\/api.w.org\/{rel}","templated":true}]}}