{"id":9925,"date":"2016-09-03T08:27:03","date_gmt":"2016-09-03T06:27:03","guid":{"rendered":"http:\/\/www.frankensicht.de\/?p=9925"},"modified":"2016-09-03T08:27:03","modified_gmt":"2016-09-03T06:27:03","slug":"beim-klimaschutz-ist-landwirtschaft-teil-der-loesung","status":"publish","type":"post","link":"https:\/\/www.frankensicht.de\/?p=9925","title":{"rendered":"Beim Klimaschutz ist Landwirtschaft Teil der L\u00f6sung"},"content":{"rendered":"<p>Berlin:<\/p>\n<p>Schmidt: Beim Klimaschutz ist Landwirtschaft Teil der L\u00f6sung<br \/>\nWissenschaftliche Beir\u00e4te beim BMEL \u00fcberreichen Klimaschutzgutachten<\/p>\n<p>Bundeslandwirtschaftsminister Christian Schmidt hat heute in Berlin das Gutachten &#8222;Klimaschutz in der Land- und Forstwirtschaft sowie den nachgelagerten Bereichen und Ern\u00e4hrung und Holzverwendung&#8220; entgegengenommen. Das Gutachten wurde vom Wissenschaftlichen Beirat f\u00fcr Agrarpolitik, Ern\u00e4hrung und gesundheitlichen Verbraucherschutz (WBAE) und vom Wissenschaftlichen Beirat f\u00fcr Waldpolitik (WBW) beim BMEL erstellt.<\/p>\n<p>Bundesminister f\u00fcr Ern\u00e4hrung und Landwirtschaft Christian Schmidt erkl\u00e4rte: &#8222;Ich danke den Beir\u00e4ten sehr f\u00fcr die geleistete Arbeit. Das Gutachten ist sehr umfassend und geht fachlich in die Tiefe. Das Gutachten w\u00fcrdigt die Leistungen der Land- und Forstwirtschaft f\u00fcr den Klimaschutz, zeigt langfristige Klimaschutzpotentiale und die damit verbundenen Herausforderungen auf. Denn die Agenda 2030 und der Pariser Klimavertrag zeigen: Beim Klimaschutz ist die Landwirtschaft Teil der L\u00f6sung. Nur mit einer nachhaltigen Land- und Forstwirtschaft meistern wir die gro\u00dfen globalen Herausforderungen wie Klimawandel, Ern\u00e4hrungssicherung und Versorgung mit nachwachsenden Rohstoffen. Dar\u00fcber hinaus leisten Land- und Forstwirtschaft bereits einen essentiellen Beitrag f\u00fcr den Klimaschutz, etwa durch die Speicherung von Kohlenstoffdioxid im Boden, im Wald und in Holzprodukten. Deshalb gilt: Klimaschutz und Ern\u00e4hrungssicherung d\u00fcrfen nicht gegeneinander ausgespielt werden. Bei der j\u00fcngsten Weltklimakonferenz in Paris ist es erstmals gelungen, Landwirtschaft als Teil der L\u00f6sung mit einzubeziehen. Mein Ministerium wird das Klimaschutzgutachten der Beir\u00e4te intensiv pr\u00fcfen.&#8220;<\/p>\n<p><a href=\"https:\/\/www.frankensicht.de\/?attachment_id=9483\" rel=\"attachment wp-att-9483\"><img loading=\"lazy\" decoding=\"async\" class=\"alignnone size-medium wp-image-9483\" src=\"https:\/\/www.frankensicht.de\/wp-content\/uploads\/2016\/04\/P1020751-300x225.jpg\" alt=\"P1020751\" width=\"300\" height=\"225\" srcset=\"https:\/\/www.frankensicht.de\/wp-content\/uploads\/2016\/04\/P1020751-300x225.jpg 300w, https:\/\/www.frankensicht.de\/wp-content\/uploads\/2016\/04\/P1020751.jpg 640w\" sizes=\"auto, (max-width: 300px) 100vw, 300px\" \/><\/a><\/p>\n<p>Der Vorsitzende des WBAE, Prof. Dr. Harald Grethe, erkl\u00e4rt:<br \/>\n&#8222;Zur Erreichung der langfristigen Klimaschutzziele wird von der Landwirtschaft ein erheblicher Beitrag notwendig. Auch die Konsumenten k\u00f6nnen bei der Lebensmittelwahl einen wichtigen Beitrag leisten. Wir sind uns bewusst, dass die notwendige Transformation zu einer Landwirtschaft und Ern\u00e4hrung mit erheblich reduzierten Treibhausgasemissionen Jahrzehnte beanspruchen wird. Sie sollte daher als langfristiger Lern- und Anpassungsprozess aufgefasst werden.&#8220;<\/p>\n<p>Der Vorsitzende des WBW, Prof. Dr. Hermann Spellmann, erkl\u00e4rt:<br \/>\n&#8222;Gerade weil einige vom Minderungspotenzial her gewichtige Klimaschutzma\u00dfnahmen lange Zeit ben\u00f6tigen, um ihre volle Wirkung zu entfalten, ist es dringend geboten, z\u00fcgig mit der Umsetzung zu beginnen. Die gr\u00f6\u00dften Potenziale zur St\u00e4rkung des Klimaschutzbeitrages der Forst- und Holzwirtschaft liegen in einer nachhaltigen, effizienten Nutzung der W\u00e4lder und einer st\u00e4rkeren Verwendung von Holz in Form von langlebigen Produkten. Besonders wichtig sind hierf\u00fcr ausreichend hohe Nadelbaumanteile.&#8220;<\/p>\n<p>Das Gutachten &#8222;Klimaschutz in der Land- und Forstwirtschaft sowie den nachgelagerten Bereichen und Ern\u00e4hrung und Holzverwendung&#8220; finden Sie hier auf der Website des BMEL:<br \/>\nhttp:\/\/www.bmel.de\/DE\/Ministerium\/Organisation\/Beiraete\/_Texte\/AgrVeroeffentlichungen.html<\/p>\n<p>Hintergrund:<br \/>\nDer Wissenschaftliche Beirat f\u00fcr Agrarpolitik, Ern\u00e4hrung und gesundheitlichen Verbraucherschutz (WBAE) und der Wissenschaftliche Beirat f\u00fcr Waldpolitik (WBW) beim BMEL sind interdisziplin\u00e4r besetzt und sollen das Bundesministerium f\u00fcr Ern\u00e4hrung und Landwirtschaft bei der Entwicklung seiner Politik in diesen Bereichen unterst\u00fctzen. Die unabh\u00e4ngigen Gremien arbeiten auf ehrenamtlicher Basis und erstellen Gutachten und Stellungnahmen.<\/p>\n<p>Quelle:bmel.bund.de<\/p>\n","protected":false},"excerpt":{"rendered":"<p>Berlin: Schmidt: Beim Klimaschutz ist Landwirtschaft Teil der L\u00f6sung Wissenschaftliche Beir\u00e4te beim BMEL \u00fcberreichen Klimaschutzgutachten Bundeslandwirtschaftsminister Christian Schmidt hat heute in Berlin das Gutachten &#8222;Klimaschutz in der Land- und Forstwirtschaft sowie den nachgelagerten Bereichen und Ern\u00e4hrung und Holzverwendung&#8220; entgegengenommen. Das Gutachten wurde vom Wissenschaftlichen Beirat f\u00fcr Agrarpolitik, Ern\u00e4hrung und gesundheitlichen Verbraucherschutz (WBAE) und vom Wissenschaftlichen [&hellip;]<\/p>\n","protected":false},"author":7,"featured_media":9483,"comment_status":"closed","ping_status":"open","sticky":false,"template":"","format":"standard","meta":{"footnotes":""},"categories":[44,3],"tags":[238],"class_list":["post-9925","post","type-post","status-publish","format-standard","has-post-thumbnail","hentry","category-deutschland-2","category-news","tag-klimaschutz"],"_links":{"self":[{"href":"https:\/\/www.frankensicht.de\/index.php?rest_route=\/wp\/v2\/posts\/9925","targetHints":{"allow":["GET"]}}],"collection":[{"href":"https:\/\/www.frankensicht.de\/index.php?rest_route=\/wp\/v2\/posts"}],"about":[{"href":"https:\/\/www.frankensicht.de\/index.php?rest_route=\/wp\/v2\/types\/post"}],"author":[{"embeddable":true,"href":"https:\/\/www.frankensicht.de\/index.php?rest_route=\/wp\/v2\/users\/7"}],"replies":[{"embeddable":true,"href":"https:\/\/www.frankensicht.de\/index.php?rest_route=%2Fwp%2Fv2%2Fcomments&post=9925"}],"version-history":[{"count":2,"href":"https:\/\/www.frankensicht.de\/index.php?rest_route=\/wp\/v2\/posts\/9925\/revisions"}],"predecessor-version":[{"id":9927,"href":"https:\/\/www.frankensicht.de\/index.php?rest_route=\/wp\/v2\/posts\/9925\/revisions\/9927"}],"wp:featuredmedia":[{"embeddable":true,"href":"https:\/\/www.frankensicht.de\/index.php?rest_route=\/wp\/v2\/media\/9483"}],"wp:attachment":[{"href":"https:\/\/www.frankensicht.de\/index.php?rest_route=%2Fwp%2Fv2%2Fmedia&parent=9925"}],"wp:term":[{"taxonomy":"category","embeddable":true,"href":"https:\/\/www.frankensicht.de\/index.php?rest_route=%2Fwp%2Fv2%2Fcategories&post=9925"},{"taxonomy":"post_tag","embeddable":true,"href":"https:\/\/www.frankensicht.de\/index.php?rest_route=%2Fwp%2Fv2%2Ftags&post=9925"}],"curies":[{"name":"wp","href":"https:\/\/api.w.org\/{rel}","templated":true}]}}