{"id":9912,"date":"2016-09-04T08:21:15","date_gmt":"2016-09-04T06:21:15","guid":{"rendered":"http:\/\/www.frankensicht.de\/?p=9912"},"modified":"2016-09-04T08:21:15","modified_gmt":"2016-09-04T06:21:15","slug":"50-eu%c2%adro-gold%c2%admuen%c2%adze-lu%c2%adther%c2%adro%c2%adse","status":"publish","type":"post","link":"https:\/\/www.frankensicht.de\/?p=9912","title":{"rendered":"50-Eu\u00adro-Gold\u00adm\u00fcn\u00adze \u201eLu\u00adther\u00adro\u00adse\u201c"},"content":{"rendered":"<p><span style=\"color: #ff0000;\">Berlin.<\/span><\/p>\n<h1>50-Eu\u00adro-Gold\u00adm\u00fcn\u00adze \u201eLu\u00adther\u00adro\u00adse\u201c<\/h1>\n<p><a href=\"https:\/\/www.frankensicht.de\/?attachment_id=9914\" rel=\"attachment wp-att-9914\"><img loading=\"lazy\" decoding=\"async\" class=\"alignnone size-medium wp-image-9914\" src=\"https:\/\/www.frankensicht.de\/wp-content\/uploads\/2016\/09\/2016-08-31-Lutherrose-300x169.jpg\" alt=\"2016-08-31-Lutherrose\" width=\"300\" height=\"169\" srcset=\"https:\/\/www.frankensicht.de\/wp-content\/uploads\/2016\/09\/2016-08-31-Lutherrose-300x169.jpg 300w, https:\/\/www.frankensicht.de\/wp-content\/uploads\/2016\/09\/2016-08-31-Lutherrose-384x217.jpg 384w, https:\/\/www.frankensicht.de\/wp-content\/uploads\/2016\/09\/2016-08-31-Lutherrose.jpg 447w\" sizes=\"auto, (max-width: 300px) 100vw, 300px\" \/><\/a><\/p>\n<p>Quelle:\u2002 BADV<\/p>\n<p>Die Bundesregierung hat heute beschlossen, eine 50-Euro-Goldm\u00fcnze \u201eLutherrose\u201c pr\u00e4gen zu lassen und im <strong>ersten Halbjahr 2017<\/strong> auszugeben. Martin Luthers Thesenanschlag im Jahr 1517 war der Auftakt zur Reformation \u2013 einem Ereignis, das die Weltgeschichte in Politik, Religion, Kultur und Gesellschaft ma\u00dfgeblich beeinflusst hat.<\/p>\n<p>Der Entwurf der M\u00fcnze stammt von der K\u00fcnstlerin <strong>Adelheid Fuss<\/strong> aus <strong>Geltow<\/strong>.<\/p>\n<p>In der Begr\u00fcndung der Jury f\u00fcr die Entscheidung hei\u00dft es:<\/p>\n<p><em>\u201eDie Lutherrose als wichtiges Symbol f\u00fcr Martin Luthers Theologie und damit f\u00fcr die Bedeutung der Reformation wird auf dieser M\u00fcnze in \u00fcberzeugender Weise dargestellt. Die Bildseite zeigt die Elemente der Lutherrose (Kreuz, Herz, Bl\u00fcte und Ring) in einer au\u00dferordentlich sensibel und sorgf\u00e4ltig gestalteten Verbindung. Die Umschrift ist grafisch sehr fein ausgef\u00fchrt. Die symbolische Bedeutung der Lutherrose kommt hervorragend zum Ausdruck. Zwischen Bildseite und Wertseite ergibt sich ein harmonisches Verh\u00e4ltnis. Der w\u00fcrdige Adler und die Europasterne sind gut miteinander verbunden. Die Schrift rahmt die Wertseite in \u00fcberzeugender Weise ein.\u201c<\/em><\/p>\n<p>Die Wertseite zeigt einen Adler, den Schriftzug \u201eBUNDESREPUBLIK DEUTSCHLAND\u201c, Wertziffer und Wertbezeichnung, die Jahreszahl 2017, die zw\u00f6lf Europasterne sowie \u2013 je nach Pr\u00e4gest\u00e4tte \u2013 das M\u00fcnzzeichen \u201eA\u201c (Berlin), \u201eD\u201c (M\u00fcnchen), \u201eF\u201c (Stuttgart), \u201eG\u201c (Karlsruhe) oder \u201eJ\u201c (Hamburg)<\/p>\n<p>Die M\u00fcnze wird aus Feingold (999,9 Tausendteile) bestehen. Ihre Masse wird\u00a0 7,78 Gramm betragen, der Durchmesser 20 Millimeter. Die M\u00fcnze wird in Stempelglanzqualit\u00e4t gepr\u00e4gt und der M\u00fcnzrand geriffelt ausgef\u00fchrt. Es ist vorgesehen, die Goldm\u00fcnze zu gleichen Teilen von den f\u00fcnf deutschen M\u00fcnzst\u00e4tten (Berlin, M\u00fcnchen, Stuttgart, Karlsruhe und Hamburg) pr\u00e4gen zu lassen.<\/p>\n<p>Mit ihren Ausgestaltungsmerkmalen, die in Bezug auf den Nennwert und die Masse in der bisherigen Geschichte der Bundesrepublik Deutschland einmalig sind, ist die M\u00fcnze sowohl ein exklusives Erinnerungsst\u00fcck als auch eine besondere W\u00fcrdigung des Reformationsjubil\u00e4ums.<\/p>\n<p>Die Verkaufsstelle f\u00fcr Sammlerm\u00fcnzen der Bundesrepublik Deutschland (VfS) wird \u00fcber den genauen Preis und die konkreten Bestellmodalit\u00e4ten rechtzeitig vor Ausgabe der M\u00fcnze informieren.<\/p>\n<p>Quelle:bundesfinanzministerium.de<\/p>\n","protected":false},"excerpt":{"rendered":"<p>Berlin. 50-Eu\u00adro-Gold\u00adm\u00fcn\u00adze \u201eLu\u00adther\u00adro\u00adse\u201c Quelle:\u2002 BADV Die Bundesregierung hat heute beschlossen, eine 50-Euro-Goldm\u00fcnze \u201eLutherrose\u201c pr\u00e4gen zu lassen und im ersten Halbjahr 2017 auszugeben. Martin Luthers Thesenanschlag im Jahr 1517 war der Auftakt zur Reformation \u2013 einem Ereignis, das die Weltgeschichte in Politik, Religion, Kultur und Gesellschaft ma\u00dfgeblich beeinflusst hat. Der Entwurf der M\u00fcnze stammt von der [&hellip;]<\/p>\n","protected":false},"author":7,"featured_media":9914,"comment_status":"closed","ping_status":"open","sticky":false,"template":"","format":"standard","meta":{"footnotes":""},"categories":[44,3],"tags":[2058],"class_list":["post-9912","post","type-post","status-publish","format-standard","has-post-thumbnail","hentry","category-deutschland-2","category-news","tag-lutherrose"],"_links":{"self":[{"href":"https:\/\/www.frankensicht.de\/index.php?rest_route=\/wp\/v2\/posts\/9912","targetHints":{"allow":["GET"]}}],"collection":[{"href":"https:\/\/www.frankensicht.de\/index.php?rest_route=\/wp\/v2\/posts"}],"about":[{"href":"https:\/\/www.frankensicht.de\/index.php?rest_route=\/wp\/v2\/types\/post"}],"author":[{"embeddable":true,"href":"https:\/\/www.frankensicht.de\/index.php?rest_route=\/wp\/v2\/users\/7"}],"replies":[{"embeddable":true,"href":"https:\/\/www.frankensicht.de\/index.php?rest_route=%2Fwp%2Fv2%2Fcomments&post=9912"}],"version-history":[{"count":3,"href":"https:\/\/www.frankensicht.de\/index.php?rest_route=\/wp\/v2\/posts\/9912\/revisions"}],"predecessor-version":[{"id":9916,"href":"https:\/\/www.frankensicht.de\/index.php?rest_route=\/wp\/v2\/posts\/9912\/revisions\/9916"}],"wp:featuredmedia":[{"embeddable":true,"href":"https:\/\/www.frankensicht.de\/index.php?rest_route=\/wp\/v2\/media\/9914"}],"wp:attachment":[{"href":"https:\/\/www.frankensicht.de\/index.php?rest_route=%2Fwp%2Fv2%2Fmedia&parent=9912"}],"wp:term":[{"taxonomy":"category","embeddable":true,"href":"https:\/\/www.frankensicht.de\/index.php?rest_route=%2Fwp%2Fv2%2Fcategories&post=9912"},{"taxonomy":"post_tag","embeddable":true,"href":"https:\/\/www.frankensicht.de\/index.php?rest_route=%2Fwp%2Fv2%2Ftags&post=9912"}],"curies":[{"name":"wp","href":"https:\/\/api.w.org\/{rel}","templated":true}]}}