{"id":9908,"date":"2016-09-01T08:23:05","date_gmt":"2016-09-01T06:23:05","guid":{"rendered":"http:\/\/www.frankensicht.de\/?p=9908"},"modified":"2016-09-01T08:23:05","modified_gmt":"2016-09-01T06:23:05","slug":"vor%c2%adstel%c2%adlung-der-son%c2%adder%c2%adbrief%c2%admar%c2%adken-1200-jah%c2%adre-be%c2%adne%c2%addik%c2%adti%c2%adne%c2%adr%c2%adab%c2%adtei-muens%c2%adter%c2%adschwarz%c2%adach","status":"publish","type":"post","link":"https:\/\/www.frankensicht.de\/?p=9908","title":{"rendered":"Vor\u00adstel\u00adlung der Son\u00adder\u00adbrief\u00admar\u00adken \u201e1200 Jah\u00adre Be\u00adne\u00addik\u00adti\u00adne\u00adr\u00adab\u00adtei M\u00fcns\u00adter\u00adschwarz\u00adach\u201c und \u201eLie\u00adbes\u00adbrie\u00adfe\u201c aus der Se\u00adrie \u201eTag der Brief\u00admar\u00adke\u201c"},"content":{"rendered":"<p><span style=\"color: #ff0000;\">Berlin.<\/span><\/p>\n<div class=\"article-header-wrapper\">\n<div class=\"article-header-wrapper-inner\">\n<div class=\"article-header-wrapper-box\">\n<div class=\"article-header\">\n<h1 class=\"isFirstInSlot\">Vor\u00adstel\u00adlung der Son\u00adder\u00adbrief\u00admar\u00adken \u201e1200 Jah\u00adre Be\u00adne\u00addik\u00adti\u00adne\u00adr\u00adab\u00adtei M\u00fcns\u00adter\u00adschwarz\u00adach\u201c und \u201eLie\u00adbes\u00adbrie\u00adfe\u201c aus der Se\u00adrie \u201eTag der Brief\u00admar\u00adke\u201c<\/h1>\n<div class=\"subheadline\">\n<p>Zu den Sonderpostwertzeichen, die das <strong>Bundesministerium der Finanzen<\/strong> im Sp\u00e4tsommer 2016 herausgibt, z\u00e4hlen die Briefmarken \u201e1200 Jahre Benediktinerabtei M\u00fcnsterschwarzach\u201c und ein neues Motiv in der Serie \u201eTag der Briefmarke\u201c, das sich einem ganz besonderen Thema widmet: dem Liebesbrief.<\/p>\n<\/div>\n<div class=\"picture img-551\">\n<figure class=\"figure-box-wrapper figure-embedded\"><a href=\"https:\/\/www.frankensicht.de\/?attachment_id=9909\" rel=\"attachment wp-att-9909\"><img loading=\"lazy\" decoding=\"async\" class=\"alignnone size-medium wp-image-9909\" src=\"https:\/\/www.frankensicht.de\/wp-content\/uploads\/2016\/09\/2016-08-31-300x169.jpeg\" alt=\"2016-08-31\" width=\"300\" height=\"169\" srcset=\"https:\/\/www.frankensicht.de\/wp-content\/uploads\/2016\/09\/2016-08-31-300x169.jpeg 300w, https:\/\/www.frankensicht.de\/wp-content\/uploads\/2016\/09\/2016-08-31-384x217.jpeg 384w, https:\/\/www.frankensicht.de\/wp-content\/uploads\/2016\/09\/2016-08-31.jpeg 447w\" sizes=\"auto, (max-width: 300px) 100vw, 300px\" \/><\/a><figcaption><span class=\"source\">Quelle:\u2002 <cite>Bundesministerium der Finanzen<\/cite><\/span><\/figcaption><\/figure>\n<\/div>\n<\/div>\n<\/div>\n<\/div>\n<\/div>\n<div class=\"article-content-wrapper\">\n<div class=\"article-text-wrapper\">\n<div class=\"article-text singleview\">\n<p class=\"Abs15\"><strong>Werner Gatzer<\/strong>, Staatssekret\u00e4r im Bundesministerium der Finanzen, stellt beide Briefmarken am kommenden Freitag vor. Die Pr\u00e4sentation findet <strong>am 2. September um 10.30 Uhr<\/strong> in der Egbert-Halle der Abtei M\u00fcnsterschwarzach, Schweinfurter Stra\u00dfe 40, in 97359 Schwarzach statt.<\/p>\n<p><strong>Sonderpostwertzeichen \u201e1200 Jahre Benediktinerabtei M\u00fcnsterschwarzach\u201c<\/strong><\/p>\n<p class=\"Abs15\"><em>Im Jahr 816 gr\u00fcndeten der fr\u00e4nkische Graf Megingaud und seine Frau Imma ein Benediktinerkloster in Megingaudshausen (Mittelfranken). Von dort siedelten die M\u00f6nche im Jahr 877 in das verlassene Frauenkloster nach M\u00fcnsterschwarzach \u00fcber. Im Laufe ihrer Geschichte erlebten die Benediktiner viele H\u00f6hen und Tiefen. Es gab Zeiten der Erneuerung wie unter Abt Egbert (1047-1077) oder glanzvoller Baut\u00e4tigkeiten wie im 18. Jahrhundert mit Errichtung der pr\u00e4chtigen Barock-Basilika von Balthasar Neumann. 1803 s\u00e4kularisierte der bayerische Kurf\u00fcrst Maximilian das Kloster. Der Staat versteigerte die G\u00fcter, die M\u00f6nche wurden vertrieben und die Klosteranlage zerfiel. 1913 konnten die Missionsbenediktiner von <abbr title=\"Sankt\">St.<\/abbr> Ottilien\/Obb. die Reste der ehemaligen Benediktinerabtei erwerben. Von 1935 bis 1938 entstand die heutige Abteikirche. Doch bereits drei Jahre sp\u00e4ter, am 8.\/9. April 1941, wurde das Kloster durch die Nationalsozialisten aufgehoben. Am 16. April 1945 konnten die M\u00f6nche wieder in die Abtei zur\u00fcckkehren. Heute geh\u00f6ren zur Abtei 130 M\u00f6nche in drei Erdteilen.<\/em><\/p>\n<p class=\"Abs15\"><em>(Text:<\/em> <em>Bruder Alfred Engert OSB, Abtei M\u00fcnsterschwarzach)<\/em><\/p>\n<p class=\"Abs15\">Das Sonderpostwertzeichen wurde von dem Grafiker Professor Heribert Birnbach aus Bonn gestaltet; es hat einen Wert von 70 Cent und ist seit dem 4. August 2016 in den Verkaufsstellen der Deutschen Post <abbr title=\"Aktiengesellschaft\">AG<\/abbr> erh\u00e4ltlich.<\/p>\n<p><strong>Sonderpostwertzeichen \u201eLiebesbriefe\u201c in der Serie \u201eTag der Briefmarke\u201c<\/strong><em>\u00a0<\/em><\/p>\n<p class=\"Abs15\"><em>\u201eDie offenherzigste, aufrichtigste und privateste Sch\u00f6pfung menschlichen Geistes und Herzens ist der Liebesbrief.\u201c (Mark <\/em><span lang=\"en-GB\" xml:lang=\"en-GB\">Twain<\/span><em>).<\/em><\/p>\n<p class=\"Abs15\"><em>In der Literatur tauchen Liebesbriefe schon in der Zeit vor Christus auf und entwickelten sich im Sp\u00e4tmittelalter zu Versliebesbriefen. Im 18. Jahrhundert erfreuten sich Liebesbriefe in der allt\u00e4glichen Korrespondenz gro\u00dfer Beliebtheit. Sie waren oft das einzige Mittel, um \u00fcber eine weite Distanz Liebe und Zuneigung auszudr\u00fccken.<\/em><\/p>\n<p class=\"Abs15\"><em>Mit der Ausgabe der Briefmarke \u201eLiebesbriefe\u201c sollen junge und \u00e4ltere Personen ermutigt werden, trotz elektronischer Kommunikationsformen die historisch gewachsene Schriftform wieder zu nutzen und die Liebsten mit handgeschriebenen Zeilen zu \u00fcberraschen.<\/em><\/p>\n<p class=\"Abs15\"><em>(Text: Julia R\u00fcffer, Bund Deutscher Philatelisten <abbr title=\"eingetragener Verein\">e.V.<\/abbr>, Bonn)<\/em><\/p>\n<p class=\"Abs15\">Der Grafiker Christoph Niemann aus Berlin entwarf die Briefmarke \u201eLiebesbriefe\u201c. Sie hat einen Wert von 70 Cent und kann ab <strong>1. September 2016<\/strong> in den Verkaufsstellen der Deutschen Post AG erworben werden.<\/p>\n<p class=\"Abs15\">Quelle:bundesfinanzministerium.de<\/p>\n<\/div>\n<\/div>\n<\/div>\n","protected":false},"excerpt":{"rendered":"<p>Berlin. Vor\u00adstel\u00adlung der Son\u00adder\u00adbrief\u00admar\u00adken \u201e1200 Jah\u00adre Be\u00adne\u00addik\u00adti\u00adne\u00adr\u00adab\u00adtei M\u00fcns\u00adter\u00adschwarz\u00adach\u201c und \u201eLie\u00adbes\u00adbrie\u00adfe\u201c aus der Se\u00adrie \u201eTag der Brief\u00admar\u00adke\u201c Zu den Sonderpostwertzeichen, die das Bundesministerium der Finanzen im Sp\u00e4tsommer 2016 herausgibt, z\u00e4hlen die Briefmarken \u201e1200 Jahre Benediktinerabtei M\u00fcnsterschwarzach\u201c und ein neues Motiv in der Serie \u201eTag der Briefmarke\u201c, das sich einem ganz besonderen Thema widmet: dem Liebesbrief. Quelle:\u2002 [&hellip;]<\/p>\n","protected":false},"author":7,"featured_media":9909,"comment_status":"closed","ping_status":"open","sticky":false,"template":"","format":"standard","meta":{"footnotes":""},"categories":[44,3],"tags":[2057],"class_list":["post-9908","post","type-post","status-publish","format-standard","has-post-thumbnail","hentry","category-deutschland-2","category-news","tag-1200-jahre-benedektinerabtei"],"_links":{"self":[{"href":"https:\/\/www.frankensicht.de\/index.php?rest_route=\/wp\/v2\/posts\/9908","targetHints":{"allow":["GET"]}}],"collection":[{"href":"https:\/\/www.frankensicht.de\/index.php?rest_route=\/wp\/v2\/posts"}],"about":[{"href":"https:\/\/www.frankensicht.de\/index.php?rest_route=\/wp\/v2\/types\/post"}],"author":[{"embeddable":true,"href":"https:\/\/www.frankensicht.de\/index.php?rest_route=\/wp\/v2\/users\/7"}],"replies":[{"embeddable":true,"href":"https:\/\/www.frankensicht.de\/index.php?rest_route=%2Fwp%2Fv2%2Fcomments&post=9908"}],"version-history":[{"count":2,"href":"https:\/\/www.frankensicht.de\/index.php?rest_route=\/wp\/v2\/posts\/9908\/revisions"}],"predecessor-version":[{"id":9911,"href":"https:\/\/www.frankensicht.de\/index.php?rest_route=\/wp\/v2\/posts\/9908\/revisions\/9911"}],"wp:featuredmedia":[{"embeddable":true,"href":"https:\/\/www.frankensicht.de\/index.php?rest_route=\/wp\/v2\/media\/9909"}],"wp:attachment":[{"href":"https:\/\/www.frankensicht.de\/index.php?rest_route=%2Fwp%2Fv2%2Fmedia&parent=9908"}],"wp:term":[{"taxonomy":"category","embeddable":true,"href":"https:\/\/www.frankensicht.de\/index.php?rest_route=%2Fwp%2Fv2%2Fcategories&post=9908"},{"taxonomy":"post_tag","embeddable":true,"href":"https:\/\/www.frankensicht.de\/index.php?rest_route=%2Fwp%2Fv2%2Ftags&post=9908"}],"curies":[{"name":"wp","href":"https:\/\/api.w.org\/{rel}","templated":true}]}}