{"id":9904,"date":"2016-08-31T08:29:45","date_gmt":"2016-08-31T06:29:45","guid":{"rendered":"http:\/\/www.frankensicht.de\/?p=9904"},"modified":"2016-08-31T08:29:45","modified_gmt":"2016-08-31T06:29:45","slug":"begabtenfoerderung-ist-kernelement-von-bildungsgerechtigkeit","status":"publish","type":"post","link":"https:\/\/www.frankensicht.de\/?p=9904","title":{"rendered":"Begabtenf\u00f6rderung ist Kernelement von Bildungsgerechtigkeit"},"content":{"rendered":"<p><span style=\"color: #ff0000;\">M\u00fcnchen:<\/span><\/p>\n<p>Bayerns Bildungsminister Spaenle: &#8222;Begabtenf\u00f6rderung ist Kernelement von Bildungsgerechtigkeit&#8220; &#8211; Bayerns Weg von der Mittelschule bis Gymnasium<br \/>\n&#8222;Begabtenf\u00f6rderung ist sozial gerecht, ja sie geh\u00f6rt ebenso wie die F\u00f6rderung von Kindern und Jugendlichen mit schwierigeren Startbedingungen zum Kern von Bildungsgerechtigkeit&#8220;, so Bayerns Bildungs- und Wissenschaftsminister Spaenle. Die einzelne Sch\u00fclerin und der einzelne Sch\u00fcler stehen f\u00fcr Bayern bei der Begabtenf\u00f6rderung im Mittelpunkt &#8211; unabh\u00e4ngig von der jeweiligen Schulart.<\/p>\n<p>Mit einer Gesamtstrategie zur Begabtenf\u00f6rderung f\u00f6rdert der Freistaat die Entwicklung des Einzelnen und die Durchl\u00e4ssigkeit zwischen den einzelnen Bildungseinrichtungen. Die Reduzierung nur auf differenzierten Unterricht in einer Klasse sei unzureichend.<\/p>\n<p><a href=\"https:\/\/www.frankensicht.de\/?attachment_id=7610\" rel=\"attachment wp-att-7610\"><img loading=\"lazy\" decoding=\"async\" class=\"alignnone size-medium wp-image-7610\" src=\"https:\/\/www.frankensicht.de\/wp-content\/uploads\/2014\/09\/bayern-300x180.png\" alt=\"bayern\" width=\"300\" height=\"180\" srcset=\"https:\/\/www.frankensicht.de\/wp-content\/uploads\/2014\/09\/bayern-300x180.png 300w, https:\/\/www.frankensicht.de\/wp-content\/uploads\/2014\/09\/bayern.png 1000w\" sizes=\"auto, (max-width: 300px) 100vw, 300px\" \/><\/a><\/p>\n<p>Zur Voraussetzung f\u00fcr eine effektive Begabtenf\u00f6rderung betonte Minister Spaenle: &#8222;Um junge Menschen effektiv und nachhaltig f\u00f6rdern zu k\u00f6nnen, m\u00fcssen ihre Begabungen m\u00f6glichst fr\u00fchzeitig erkannt und die Sch\u00fclerinnen und Sch\u00fcler intensiv beraten werden.&#8220; Er erg\u00e4nzte: &#8222;Auf dieser Grundlage erm\u00f6glicht der Freistaat die weitere Entfaltung der Begabungen der jungen Leute von der Schule bis zur Hochschule, vom Sch\u00fcler bis zum Postdoktoranden.&#8220;<\/p>\n<p>Die Instrumente zur Begabtenf\u00f6rderung sind in Bayern je nach Schulart:<br \/>\n&#8211; z. B. die Flexible Grundschule, die Kinder mit besonderer Begabung dabei unterst\u00fctzt, die Eingangsstufe der Grundschule in einem Jahr zu durchlaufen;<br \/>\n&#8211; z. B. Seminare f\u00fcr besonders begabte und engagierte Sch\u00fclerinnen und Sch\u00fcler an der Mittelschule, der Realschule und dem Gymnasium;<br \/>\n&#8211; z. B. der Mittlere-Reife-Zug an der Mittelschule;<br \/>\n&#8211; z. B. der Schulversuch &#8222;Talente finden und f\u00f6rdern an der Mittelschule&#8220; (TAFF) der Stiftung Bildungspakt Bayern und des Bayerischen Kultusministeriums an 26 Mittelschulen;<br \/>\n&#8211; z. B. Talentklassen an 21 Realschulen auf dem Grundsatz des Enrichments.<br \/>\n&#8211; z. B. das Programm &#8222;Talent im Land Bayern&#8220;, das sich jungen Migranten ebenso wie einheimischen Jugendlichen mit schwierigeren Startbedingungen zuwendet.<br \/>\n&#8211; z. B. die Kompetenzzentren f\u00fcr Begabtenf\u00f6rderung an acht Gymnasien und die Qualifikation weiterer Lehrkr\u00e4fte an Gymnasien mit Hochbegabtenklassen.<\/p>\n<p>Weitere Elemente der Begabtenf\u00f6rderung sind:<br \/>\n&#8211; die Teilnahme an nationalen Spitzenwettbewerben wie beispielsweise dem &#8222;Bundeswettbewerb Mathematik&#8220; und &#8222;Jugend forscht&#8220;.<br \/>\n&#8211; die Vernetzung von Schule und Hochschule mit zielgruppenbezogenen Angeboten wie dem TUM-Kolleg an Gymnasien wie Gauting und Garching, aber auch an anderen Standorten, sowie Formen des Fr\u00fchstudiums und Unitage.<\/p>\n<p>&#8222;Am Ende der schulischen Laufbahn begleitet Bayern besonders begabte Absolventinnen und Absolventen auf dem Weg in die Hochschulen: Auf der Grundlage der Begabtenpr\u00fcfung k\u00f6nnen die Studierenden dann z. B. nach dem Bayerischen Elitef\u00f6rderungsgesetz mit dem Max-Weber-Programm w\u00e4hrend des Studiums gef\u00f6rdert werden&#8220;, schloss Minister Spaenle.<\/p>\n<p>Seine Grundposition, dass Begabtenf\u00f6rderung Kernelement von Bildungsgerechtigkeit ist, hatte der Minister bereits bei einer l\u00e4nder\u00fcbergreifenden Konferenz zu &#8222;Perspektiven der Begabtenf\u00f6rderung&#8220; in Berlin klargemacht.<\/p>\n<p>Quelle: stmbw.bayern.de<\/p>\n","protected":false},"excerpt":{"rendered":"<p>M\u00fcnchen: Bayerns Bildungsminister Spaenle: &#8222;Begabtenf\u00f6rderung ist Kernelement von Bildungsgerechtigkeit&#8220; &#8211; Bayerns Weg von der Mittelschule bis Gymnasium &#8222;Begabtenf\u00f6rderung ist sozial gerecht, ja sie geh\u00f6rt ebenso wie die F\u00f6rderung von Kindern und Jugendlichen mit schwierigeren Startbedingungen zum Kern von Bildungsgerechtigkeit&#8220;, so Bayerns Bildungs- und Wissenschaftsminister Spaenle. Die einzelne Sch\u00fclerin und der einzelne Sch\u00fcler stehen f\u00fcr Bayern [&hellip;]<\/p>\n","protected":false},"author":7,"featured_media":7610,"comment_status":"closed","ping_status":"open","sticky":false,"template":"","format":"standard","meta":{"footnotes":""},"categories":[78,71],"tags":[2056],"class_list":["post-9904","post","type-post","status-publish","format-standard","has-post-thumbnail","hentry","category-bayern","category-menue","tag-begabtenfoerderung"],"_links":{"self":[{"href":"https:\/\/www.frankensicht.de\/index.php?rest_route=\/wp\/v2\/posts\/9904","targetHints":{"allow":["GET"]}}],"collection":[{"href":"https:\/\/www.frankensicht.de\/index.php?rest_route=\/wp\/v2\/posts"}],"about":[{"href":"https:\/\/www.frankensicht.de\/index.php?rest_route=\/wp\/v2\/types\/post"}],"author":[{"embeddable":true,"href":"https:\/\/www.frankensicht.de\/index.php?rest_route=\/wp\/v2\/users\/7"}],"replies":[{"embeddable":true,"href":"https:\/\/www.frankensicht.de\/index.php?rest_route=%2Fwp%2Fv2%2Fcomments&post=9904"}],"version-history":[{"count":2,"href":"https:\/\/www.frankensicht.de\/index.php?rest_route=\/wp\/v2\/posts\/9904\/revisions"}],"predecessor-version":[{"id":9906,"href":"https:\/\/www.frankensicht.de\/index.php?rest_route=\/wp\/v2\/posts\/9904\/revisions\/9906"}],"wp:featuredmedia":[{"embeddable":true,"href":"https:\/\/www.frankensicht.de\/index.php?rest_route=\/wp\/v2\/media\/7610"}],"wp:attachment":[{"href":"https:\/\/www.frankensicht.de\/index.php?rest_route=%2Fwp%2Fv2%2Fmedia&parent=9904"}],"wp:term":[{"taxonomy":"category","embeddable":true,"href":"https:\/\/www.frankensicht.de\/index.php?rest_route=%2Fwp%2Fv2%2Fcategories&post=9904"},{"taxonomy":"post_tag","embeddable":true,"href":"https:\/\/www.frankensicht.de\/index.php?rest_route=%2Fwp%2Fv2%2Ftags&post=9904"}],"curies":[{"name":"wp","href":"https:\/\/api.w.org\/{rel}","templated":true}]}}