{"id":9900,"date":"2016-08-30T08:04:35","date_gmt":"2016-08-30T06:04:35","guid":{"rendered":"http:\/\/www.frankensicht.de\/?p=9900"},"modified":"2016-08-30T08:04:35","modified_gmt":"2016-08-30T06:04:35","slug":"internationales-stadtentwicklung-deutschland-und-litauen-bekraeftigen-zusammenarbeit-im-bereich-der-energieeffizienz","status":"publish","type":"post","link":"https:\/\/www.frankensicht.de\/?p=9900","title":{"rendered":"Internationales \/ Stadtentwicklung Deutschland und Litauen bekr\u00e4ftigen Zusammenarbeit im Bereich der Energieeffizienz"},"content":{"rendered":"<p><span style=\"color: #ff0000;\">Deutschland &#8211; Litauen<\/span><\/p>\n<p>Internationales \/ Stadtentwicklung<br \/>\nDeutschland und Litauen bekr\u00e4ftigen Zusammenarbeit im Bereich der<br \/>\nEnergieeffizienz<\/p>\n<p>In der litauischen Hauptstadt Vilnius haben die Auftaktgespr\u00e4che f\u00fcr eine<br \/>\nst\u00e4rkere Zusammenarbeit bei der energetischen Stadtsanierung zwischen dem<br \/>\nBundesministerium f\u00fcr Umwelt, Naturschutz, Bau und Reaktorsicherheit<br \/>\n(BMUB) und dem Umweltministerium der Republik Litauen begonnen. Auf der<br \/>\nKonferenz \u201eSteigerung der nationalen Energieeffizienz: Von der Sanierung<br \/>\neinzelner Mehrfamilienh\u00e4user zur komplexen Wohnviertelsanierung\u201c<br \/>\nbekr\u00e4ftigte Baustaatssekret\u00e4r Gunther Adler die enge Zusammenarbeit bei<br \/>\nder energetischen Quartierssanierung in Litauen.<\/p>\n<p><a href=\"https:\/\/www.frankensicht.de\/?attachment_id=6409\" rel=\"attachment wp-att-6409\"><img loading=\"lazy\" decoding=\"async\" class=\"alignnone size-medium wp-image-6409\" src=\"https:\/\/www.frankensicht.de\/wp-content\/uploads\/2013\/11\/P1010974-300x225.jpg\" alt=\"P1010974\" width=\"300\" height=\"225\" srcset=\"https:\/\/www.frankensicht.de\/wp-content\/uploads\/2013\/11\/P1010974-300x225.jpg 300w, https:\/\/www.frankensicht.de\/wp-content\/uploads\/2013\/11\/P1010974.jpg 640w\" sizes=\"auto, (max-width: 300px) 100vw, 300px\" \/><\/a><\/p>\n<p>Adler: \u201eIch freue mich, dass der in Deutschland bereits erfolgreich<br \/>\nerprobte Quartiersansatz f\u00fcr eine energetische Stadtsanierung in Litauen<br \/>\nauf so gro\u00dfes Interesse gesto\u00dfen ist. Nat\u00fcrlich gibt es in jedem Land<br \/>\nnationale Besonderheiten, aber ebenso gibt es aus der Praxis immer<br \/>\nErfahrungen, von denen viele profitieren k\u00f6nnen. Deshalb m\u00f6chten wir<br \/>\ngute Erfahrungen auch auf internationaler Ebene austauschen.\u201c Dabei<br \/>\ndient die Konferenz als Austausch mit Ministerpr\u00e4sident \u0160eduva und<br \/>\nUmweltminister Treciokas.<\/p>\n<p>Seit dem Jahr 2000 unterst\u00fctzt das BMUB mit Mitteln des<br \/>\nBeratungshilfeprogramms (BHP) Projekte, die den Umweltschutz in den<br \/>\nStaaten Mittel- und Osteuropas st\u00e4rken. In diesem Rahmen konnte das<br \/>\nProjekt \u201eEnergetische Quartiersanierung in Litauen\u201c durchgef\u00fchrt<br \/>\nwerden. Im Juli 2016 wurde mit dem Beschluss der litauischen Regierung zu<br \/>\n\u201eEmpfehlungen f\u00fcr das Verfahren zur Vorbereitung und Umsetzung von<br \/>\nProgrammen zur Steigerung der Energieeffizienz in Quartieren\u201c ein<br \/>\nwesentliches Ziel umgesetzt.<\/p>\n<p>Mit der Unterzeichnung eines Rahmenabkommens zwischen dem BMUB und dem<br \/>\nUm-weltministerium der Republik Litauen am Rande des Kongresses \u201eVom<br \/>\nGeb\u00e4ude zum Quartier: F\u00fcnf Jahre KfW-Programm Energetische<br \/>\nStadtsanierung\u201c am 22. Juni 2016 in Berlin wurde ein wichtiger Schritt<br \/>\nf\u00fcr eine weitere Zusammenarbeit getan.<\/p>\n<p>Das Abkommen bildet die Grundlage, Investitionsma\u00dfnahmen mit<br \/>\nVorbildcharakter f\u00fcr mehr Umwelt- und Klimaschutz in Litauen zu f\u00f6rdern.<br \/>\nAm 30. August 2016 kommt die daf\u00fcr eingesetzte Arbeitsgruppe zur<br \/>\nIdentifizierung von konkreten Projekten erstmals in Vilnius zusammen. Im<br \/>\nRahmen des Beratungshilfeprogramms wurden bereits erste Vorschl\u00e4ge<br \/>\nerarbeitet.<\/p>\n<p>https:\/\/www.facebook.com\/bmub.bund<\/p>\n<p>https:\/\/www.instagram.com\/bmub\/<\/p>\n<p><a class=\"twitter-timeline\" data-width=\"640\" data-height=\"960\" data-dnt=\"true\" href=\"https:\/\/twitter.com\/bmub?ref_src=twsrc%5Etfw\">Tweets by bmub<\/a><script async src=\"https:\/\/platform.twitter.com\/widgets.js\" charset=\"utf-8\"><\/script><\/p>\n<p>Quelle:bmub.bund.de<\/p>\n","protected":false},"excerpt":{"rendered":"<p>Deutschland &#8211; Litauen Internationales \/ Stadtentwicklung Deutschland und Litauen bekr\u00e4ftigen Zusammenarbeit im Bereich der Energieeffizienz In der litauischen Hauptstadt Vilnius haben die Auftaktgespr\u00e4che f\u00fcr eine st\u00e4rkere Zusammenarbeit bei der energetischen Stadtsanierung zwischen dem Bundesministerium f\u00fcr Umwelt, Naturschutz, Bau und Reaktorsicherheit (BMUB) und dem Umweltministerium der Republik Litauen begonnen. Auf der Konferenz \u201eSteigerung der nationalen Energieeffizienz: [&hellip;]<\/p>\n","protected":false},"author":7,"featured_media":8235,"comment_status":"closed","ping_status":"open","sticky":false,"template":"","format":"standard","meta":{"footnotes":""},"categories":[75,3],"tags":[1739],"class_list":["post-9900","post","type-post","status-publish","format-standard","has-post-thumbnail","hentry","category-europa-2","category-news","tag-stadtentwicklung"],"_links":{"self":[{"href":"https:\/\/www.frankensicht.de\/index.php?rest_route=\/wp\/v2\/posts\/9900","targetHints":{"allow":["GET"]}}],"collection":[{"href":"https:\/\/www.frankensicht.de\/index.php?rest_route=\/wp\/v2\/posts"}],"about":[{"href":"https:\/\/www.frankensicht.de\/index.php?rest_route=\/wp\/v2\/types\/post"}],"author":[{"embeddable":true,"href":"https:\/\/www.frankensicht.de\/index.php?rest_route=\/wp\/v2\/users\/7"}],"replies":[{"embeddable":true,"href":"https:\/\/www.frankensicht.de\/index.php?rest_route=%2Fwp%2Fv2%2Fcomments&post=9900"}],"version-history":[{"count":3,"href":"https:\/\/www.frankensicht.de\/index.php?rest_route=\/wp\/v2\/posts\/9900\/revisions"}],"predecessor-version":[{"id":9903,"href":"https:\/\/www.frankensicht.de\/index.php?rest_route=\/wp\/v2\/posts\/9900\/revisions\/9903"}],"wp:featuredmedia":[{"embeddable":true,"href":"https:\/\/www.frankensicht.de\/index.php?rest_route=\/wp\/v2\/media\/8235"}],"wp:attachment":[{"href":"https:\/\/www.frankensicht.de\/index.php?rest_route=%2Fwp%2Fv2%2Fmedia&parent=9900"}],"wp:term":[{"taxonomy":"category","embeddable":true,"href":"https:\/\/www.frankensicht.de\/index.php?rest_route=%2Fwp%2Fv2%2Fcategories&post=9900"},{"taxonomy":"post_tag","embeddable":true,"href":"https:\/\/www.frankensicht.de\/index.php?rest_route=%2Fwp%2Fv2%2Ftags&post=9900"}],"curies":[{"name":"wp","href":"https:\/\/api.w.org\/{rel}","templated":true}]}}