{"id":9895,"date":"2016-08-28T09:09:35","date_gmt":"2016-08-28T07:09:35","guid":{"rendered":"http:\/\/www.frankensicht.de\/?p=9895"},"modified":"2016-08-28T09:09:35","modified_gmt":"2016-08-28T07:09:35","slug":"wie-sich-krankheiten-an-klappernden-hufen-erkennen-lassen","status":"publish","type":"post","link":"https:\/\/www.frankensicht.de\/?p=9895","title":{"rendered":"Wie sich Krankheiten an klappernden Hufen erkennen lassen"},"content":{"rendered":"<p><span style=\"color: #ff0000;\">Berlin:<\/span><\/p>\n<p>Wie sich Krankheiten an klappernden Hufen erkennen lassen<br \/>\nDer Tag der Offenen T\u00fcr im Bundesministerium f\u00fcr Ern\u00e4hrung und Landwirtschaft steht im Zeichen innovativer Tierhaltung und Agrartechnik<\/p>\n<p>Bundesminister Christian Schmidt l\u00e4dt am kommenden Wochenende zum Tag der Offenen T\u00fcr im Bundesministerium f\u00fcr Ern\u00e4hrung und Landwirtschaft ein: \u201eErfahren Sie, was im Stall und auf dem Feld passiert, wie Sie die Lebensmittelverschwendung verringern k\u00f6nnen und damit den Lebensmitteln und der Landwirtschaft die Wertsch\u00e4tzung geben, die sie verdienen. Lernen Sie, wie Sie Hobbylandwirt werden k\u00f6nnen \u2013 zum Beispiel mit Urban Gardening, den gr\u00fcnen Inseln in der Gro\u00dfstadt.\u201c<\/p>\n<p><a href=\"https:\/\/www.frankensicht.de\/?attachment_id=9898\" rel=\"attachment wp-att-9898\"><img loading=\"lazy\" decoding=\"async\" class=\"alignnone size-medium wp-image-9898\" src=\"https:\/\/www.frankensicht.de\/wp-content\/uploads\/2016\/08\/pferde-300x225.jpg\" alt=\"pferde\" width=\"300\" height=\"225\" srcset=\"https:\/\/www.frankensicht.de\/wp-content\/uploads\/2016\/08\/pferde-300x225.jpg 300w, https:\/\/www.frankensicht.de\/wp-content\/uploads\/2016\/08\/pferde.jpg 640w\" sizes=\"auto, (max-width: 300px) 100vw, 300px\" \/><\/a><\/p>\n<p>Am Samstag, 27. August, und Sonntag, 28. August, k\u00f6nnen Besucherinnen und Besucher jeweils zwischen 10 Uhr und 18 Uhr alles \u00fcber moderne Tierhaltung, innovative Landwirtschaft und ausgewogene Ern\u00e4hrung erfahren. An beiden Tagen finden im Halbstundentakt F\u00fchrungen durch das Ministeriumsgeb\u00e4ude statt \u2013 am Samstag um 14 Uhr sowie Sonntag um 12 Uhr auch in Geb\u00e4rdensprache.<\/p>\n<p>Am Samstag um 13 Uhr stellt die Parlamentarische Staatssekret\u00e4rin Dr. Maria Flachsbarth das Forschungsvorgaben \u201eSoundHooves\u201c vor. Ziel des BMEL-gef\u00f6rderten Projekts ist es, Klauenerkrankungen bei Rindern anhand des, durch Bewegungen erzeugten, K\u00f6rperschalls fr\u00fch zu erkennen.<\/p>\n<p>Am Sonntag diskutiert Bundeslandwirtschaftsminister Christian Schmidt ab 14 Uhr gemeinsam mit dem Vizepr\u00e4sidenten des Deutschen Bauernverbandes, Werner Schwarz, und der Vorsitzenden des Bundes Deutscher Landjugend, Nina Sehnke \u00fcber die Zukunft der Landwirtschaft.<\/p>\n<p>Weitere Informationen zum Programmablauf und Lageplan finden Sie auf der BMEL-Website: http:\/\/www.bmel.de\/DE\/Ministerium\/_Texte\/TdoT2016.html<\/p>\n<p>Quelle:bmel.bund.de<\/p>\n","protected":false},"excerpt":{"rendered":"<p>Berlin: Wie sich Krankheiten an klappernden Hufen erkennen lassen Der Tag der Offenen T\u00fcr im Bundesministerium f\u00fcr Ern\u00e4hrung und Landwirtschaft steht im Zeichen innovativer Tierhaltung und Agrartechnik Bundesminister Christian Schmidt l\u00e4dt am kommenden Wochenende zum Tag der Offenen T\u00fcr im Bundesministerium f\u00fcr Ern\u00e4hrung und Landwirtschaft ein: \u201eErfahren Sie, was im Stall und auf dem Feld [&hellip;]<\/p>\n","protected":false},"author":7,"featured_media":9898,"comment_status":"closed","ping_status":"open","sticky":false,"template":"","format":"standard","meta":{"footnotes":""},"categories":[44,71],"tags":[2055],"class_list":["post-9895","post","type-post","status-publish","format-standard","has-post-thumbnail","hentry","category-deutschland-2","category-menue","tag-klappernde-hufe"],"_links":{"self":[{"href":"https:\/\/www.frankensicht.de\/index.php?rest_route=\/wp\/v2\/posts\/9895","targetHints":{"allow":["GET"]}}],"collection":[{"href":"https:\/\/www.frankensicht.de\/index.php?rest_route=\/wp\/v2\/posts"}],"about":[{"href":"https:\/\/www.frankensicht.de\/index.php?rest_route=\/wp\/v2\/types\/post"}],"author":[{"embeddable":true,"href":"https:\/\/www.frankensicht.de\/index.php?rest_route=\/wp\/v2\/users\/7"}],"replies":[{"embeddable":true,"href":"https:\/\/www.frankensicht.de\/index.php?rest_route=%2Fwp%2Fv2%2Fcomments&post=9895"}],"version-history":[{"count":3,"href":"https:\/\/www.frankensicht.de\/index.php?rest_route=\/wp\/v2\/posts\/9895\/revisions"}],"predecessor-version":[{"id":9899,"href":"https:\/\/www.frankensicht.de\/index.php?rest_route=\/wp\/v2\/posts\/9895\/revisions\/9899"}],"wp:featuredmedia":[{"embeddable":true,"href":"https:\/\/www.frankensicht.de\/index.php?rest_route=\/wp\/v2\/media\/9898"}],"wp:attachment":[{"href":"https:\/\/www.frankensicht.de\/index.php?rest_route=%2Fwp%2Fv2%2Fmedia&parent=9895"}],"wp:term":[{"taxonomy":"category","embeddable":true,"href":"https:\/\/www.frankensicht.de\/index.php?rest_route=%2Fwp%2Fv2%2Fcategories&post=9895"},{"taxonomy":"post_tag","embeddable":true,"href":"https:\/\/www.frankensicht.de\/index.php?rest_route=%2Fwp%2Fv2%2Ftags&post=9895"}],"curies":[{"name":"wp","href":"https:\/\/api.w.org\/{rel}","templated":true}]}}