{"id":9887,"date":"2016-08-29T07:50:56","date_gmt":"2016-08-29T05:50:56","guid":{"rendered":"http:\/\/www.frankensicht.de\/?p=9887"},"modified":"2016-08-29T07:50:56","modified_gmt":"2016-08-29T05:50:56","slug":"vor%c2%adstel%c2%adlung-der-son%c2%adder%c2%adbrief%c2%admar%c2%adke-und-der-20-eu%c2%adro-ge%c2%addenk%c2%admuen%c2%adze-175-jah%c2%adre-deutsch%c2%adland%c2%adlied","status":"publish","type":"post","link":"https:\/\/www.frankensicht.de\/?p=9887","title":{"rendered":"Vor\u00adstel\u00adlung der Son\u00adder\u00adbrief\u00admar\u00adke und der 20-Eu\u00adro-Ge\u00addenk\u00adm\u00fcn\u00adze \u201e175 Jah\u00adre Deutsch\u00adland\u00adlied\u201c"},"content":{"rendered":"<pre class=\"isFirstInSlot\"><span style=\"color: #ff0000;\">Berlin:<\/span>\r\nVor\u00adstel\u00adlung der Son\u00adder\u00adbrief\u00admar\u00adke und der 20-Eu\u00adro-Ge\u00addenk\u00adm\u00fcn\u00adze \u201e175 Jah\u00adre Deutsch\u00adland\u00adlied\u201c\r\n\r\n<\/pre>\n<p>Das <strong>Bundesministerium der Finanzen<\/strong> gibt im Oktober 2016 ein Sonderpostwertzeichen und eine 20-Euro-Gedenkm\u00fcnze \u201e175 Jahre Deutschlandlied\u201c heraus.<\/p>\n<p><strong>Werner Gatzer,<\/strong> Staatssekret\u00e4r im Bundesministerium der Finanzen, stellt die Briefmarke und die Gedenkm\u00fcnze am kommenden Freitag auf Helgoland vor.<\/p>\n<p>Die Pr\u00e4sentation findet <strong>am 26. August 2016 um 13.30 Uhr<\/strong> auf der B\u00fchne Nordseeplatz, 27498 Helgoland statt.<\/p>\n<p><em>Am 26. August 1841 verfasste der Dichter und Literaturprofessor August Heinrich Hoffmann von Fallersleben (1798-1874) auf der damals britischen Insel Helgoland das \u201eLied der Deutschen\u201c als Ausdruck der Sehnsucht nach nationaler Einheit. Das mit der Melodie der Kaiserhymne Joseph Haydns (1732-1809) unterlegte Deutschlandlied wurde bereits am 1. September 1841 bei Hoffmann und Campe in Hamburg als Einzeldruck ver\u00f6ffentlicht. Hoffmann von Fallersleben hatte das dreistrophige Lied bewusst als demokratische Volkshymne konzipiert. Er trat damit f\u00fcr ein geeintes, freies Deutschland ein, das 1841 noch nicht existierte. Das Lied fiel rasch der Zensur zum Opfer. Erst 1922 erkl\u00e4rte Reichspr\u00e4sident Friedrich Ebert (1871-1925) das Deutschlandlied zur deutschen Nationalhymne. Seit 1952 wird nur noch die auf der Briefmarke abgedruckte dritte Strophe als Nationalhymne der Bundesrepublik Deutschland gesungen.<\/em><br \/>\n<em> (Text:<\/em> <em>Dorlis Blume, Deutsches Historisches Museum Berlin)<\/em><\/p>\n<p><a href=\"https:\/\/www.frankensicht.de\/?attachment_id=9889\" rel=\"attachment wp-att-9889\"><img loading=\"lazy\" decoding=\"async\" class=\"alignnone size-medium wp-image-9889\" src=\"https:\/\/www.frankensicht.de\/wp-content\/uploads\/2016\/08\/Marke-Deutschlandlied-300x168.jpeg\" alt=\"Marke-Deutschlandlied\" width=\"300\" height=\"168\" srcset=\"https:\/\/www.frankensicht.de\/wp-content\/uploads\/2016\/08\/Marke-Deutschlandlied-300x168.jpeg 300w, https:\/\/www.frankensicht.de\/wp-content\/uploads\/2016\/08\/Marke-Deutschlandlied.jpeg 447w\" sizes=\"auto, (max-width: 300px) 100vw, 300px\" \/><\/a><\/p>\n<p>@bundesfinazministerium.de<\/p>\n<p>Die Sonderbriefmarke gestalteten Prof. Daniela Haufe und Prof. Detlef Fiedler aus Berlin. Der Entwurf f\u00fcr die 20-Euro-Gedenkm\u00fcnze stammt von dem K\u00fcnstler Claudius Riedmiller aus Stuttgart.<\/p>\n<p>Das Thema \u201e175 Jahre Deutschlandlied\u201c wird auf der Bildseite der M\u00fcnze durch eine ausdrucksstarke Abbildung des Liedautors Hoffmann von Fallersleben und die ersten Worte der deutschen Nationalhymne &#8211; EINIGKEIT UND RECHT UND FREIHEIT &#8211; markant umgesetzt.<\/p>\n<p>Die Wertseite zeigt einen Adler, den Schriftzug \u201eBUNDESREPUBLIK DEUTSCHLAND\u201c, Wertziffer und Wertbezeichnung, das Pr\u00e4gezeichen \u201eJ\u201c der Hamburgischen M\u00fcnze, die Jahreszahl 2016 sowie die zw\u00f6lf Europasterne. Zus\u00e4tzlich ist die Angabe \u201eSILBER 925\u201c aufgepr\u00e4gt.<\/p>\n<p>Der glatte M\u00fcnzrand enth\u00e4lt in vertiefter Pr\u00e4gung die Inschrift<\/p>\n<p>\u201eSIND DES GLUECKES UNTERPFAND\u2026\u201c<\/p>\n<p>Die 20-Euro-M\u00fcnze wird in den beiden Pr\u00e4gequalit\u00e4ten Stempelglanz und<\/p>\n<p>Spiegelglanz in einer Legierung von 925 Tausendteilen Silber und 75<\/p>\n<p>Tausendteilen Kupfer hergestellt werden. Sie hat eine Masse von 18 Gramm und einen Durchmesser von 32,5 Millimetern. Die M\u00fcnzen in der Pr\u00e4gequalit\u00e4t Stempelglanz werden zum Nennwert (20 Euro) in den Verkehr gebracht. Die Ausgabe der M\u00fcnzen in der Sammlerqualit\u00e4t Spiegelglanz erfolgt zu einem \u00fcber dem Nennwert liegenden Verkaufspreis.<\/p>\n<p>Die <strong>Briefmarke<\/strong> ist <strong>ab 6. Oktober 2016<\/strong> in den Verkaufsstellen der Deutschen Post AG erh\u00e4ltlich. Die <strong>20-Euro-M\u00fcnze<\/strong> wird vom gleichen Tag an in den Verkehr gebracht und kann bei der Verkaufsstelle f\u00fcr Sammlerm\u00fcnzen der Bundesrepublik Deutschland (VfS) sowie in den Filialen der Deutschen Bundesbank und zahlreichen Kreditinstituten erworben werden.<\/p>\n<p>Quelle: bundesfinazministerium.de<\/p>\n","protected":false},"excerpt":{"rendered":"<p>Berlin: Vor\u00adstel\u00adlung der Son\u00adder\u00adbrief\u00admar\u00adke und der 20-Eu\u00adro-Ge\u00addenk\u00adm\u00fcn\u00adze \u201e175 Jah\u00adre Deutsch\u00adland\u00adlied\u201c Das Bundesministerium der Finanzen gibt im Oktober 2016 ein Sonderpostwertzeichen und eine 20-Euro-Gedenkm\u00fcnze \u201e175 Jahre Deutschlandlied\u201c heraus. Werner Gatzer, Staatssekret\u00e4r im Bundesministerium der Finanzen, stellt die Briefmarke und die Gedenkm\u00fcnze am kommenden Freitag auf Helgoland vor. Die Pr\u00e4sentation findet am 26. August 2016 um 13.30 [&hellip;]<\/p>\n","protected":false},"author":7,"featured_media":9889,"comment_status":"closed","ping_status":"open","sticky":false,"template":"","format":"standard","meta":{"footnotes":""},"categories":[44,3],"tags":[2053],"class_list":["post-9887","post","type-post","status-publish","format-standard","has-post-thumbnail","hentry","category-deutschland-2","category-news","tag-20-euro"],"_links":{"self":[{"href":"https:\/\/www.frankensicht.de\/index.php?rest_route=\/wp\/v2\/posts\/9887","targetHints":{"allow":["GET"]}}],"collection":[{"href":"https:\/\/www.frankensicht.de\/index.php?rest_route=\/wp\/v2\/posts"}],"about":[{"href":"https:\/\/www.frankensicht.de\/index.php?rest_route=\/wp\/v2\/types\/post"}],"author":[{"embeddable":true,"href":"https:\/\/www.frankensicht.de\/index.php?rest_route=\/wp\/v2\/users\/7"}],"replies":[{"embeddable":true,"href":"https:\/\/www.frankensicht.de\/index.php?rest_route=%2Fwp%2Fv2%2Fcomments&post=9887"}],"version-history":[{"count":3,"href":"https:\/\/www.frankensicht.de\/index.php?rest_route=\/wp\/v2\/posts\/9887\/revisions"}],"predecessor-version":[{"id":9891,"href":"https:\/\/www.frankensicht.de\/index.php?rest_route=\/wp\/v2\/posts\/9887\/revisions\/9891"}],"wp:featuredmedia":[{"embeddable":true,"href":"https:\/\/www.frankensicht.de\/index.php?rest_route=\/wp\/v2\/media\/9889"}],"wp:attachment":[{"href":"https:\/\/www.frankensicht.de\/index.php?rest_route=%2Fwp%2Fv2%2Fmedia&parent=9887"}],"wp:term":[{"taxonomy":"category","embeddable":true,"href":"https:\/\/www.frankensicht.de\/index.php?rest_route=%2Fwp%2Fv2%2Fcategories&post=9887"},{"taxonomy":"post_tag","embeddable":true,"href":"https:\/\/www.frankensicht.de\/index.php?rest_route=%2Fwp%2Fv2%2Ftags&post=9887"}],"curies":[{"name":"wp","href":"https:\/\/api.w.org\/{rel}","templated":true}]}}