{"id":9838,"date":"2016-08-10T08:39:04","date_gmt":"2016-08-10T06:39:04","guid":{"rendered":"http:\/\/www.frankensicht.de\/?p=9838"},"modified":"2016-08-10T08:39:04","modified_gmt":"2016-08-10T06:39:04","slug":"verlaengerung-der-insolvenzantragsfrist-bei-naturkatastrophen","status":"publish","type":"post","link":"https:\/\/www.frankensicht.de\/?p=9838","title":{"rendered":"Verl\u00e4ngerung der Insolvenzantragsfrist bei Naturkatastrophen"},"content":{"rendered":"<p><span style=\"color: #ff0000;\">M\u00fcnchen:<\/span><\/p>\n<p>Bayerns Justizminister Bausback fordert generelle Verl\u00e4ngerung der Insolvenzantragsfrist bei Naturkatastrophen: &#8222;Unternehmen brauchen Rechtssicherheit \u2013 auch und gerade im Katastrophenfall!&#8220;<br \/>\nBayerns Justizminister Prof. Dr. Winfried Bausback fordert eine Regelung in der Insolvenzordnung, nach der f\u00fcr Unternehmen, die durch Naturkatastrophen in wirtschaftliche Schwierigkeiten geraten sind, eine verl\u00e4ngerte Insolvenzantragsfrist gilt. Nach den Starkregenereignissen im Juni 2016 hat der Bundesgesetzgeber &amp;ndash; wie auch zuvor schon bei den Hochwasserkatastrophen 2002 und 2013 &amp;ndash; kurzfristig die Insolvenzantragsfrist f\u00fcr die betroffenen Unternehmen vor\u00fcbergehend ausgesetzt. &#8222;Es ist gut, dass Bundesgesetzgeber quasi im Wege der Eilgesetzgebung sofort gehandelt hat. Daf\u00fcr habe ich mich eingesetzt&#8220;, so Bausback. &#8222;So wichtig diese Soforthilfe war: Wir m\u00fcssen jetzt noch einen Schritt weiter gehen. Hochwasserereignisse und andere Naturkatastrophen k\u00f6nnen k\u00fcnftig leider wieder auftreten. Wir brauchen deshalb eine allgemeine, f\u00fcr alle k\u00fcnftigen F\u00e4lle geltende Regelung im Insolvenzrecht, wie es sie beispielsweise in \u00d6sterreich schon gibt.&#8220;<\/p>\n<p><a href=\"https:\/\/www.frankensicht.de\/?attachment_id=1410\" rel=\"attachment wp-att-1410\"><img loading=\"lazy\" decoding=\"async\" class=\"alignnone size-medium wp-image-1410\" src=\"https:\/\/www.frankensicht.de\/wp-content\/uploads\/2012\/05\/paragraf-300x187.jpg\" alt=\"paragraf\" width=\"300\" height=\"187\" srcset=\"https:\/\/www.frankensicht.de\/wp-content\/uploads\/2012\/05\/paragraf-300x187.jpg 300w, https:\/\/www.frankensicht.de\/wp-content\/uploads\/2012\/05\/paragraf.jpg 640w\" sizes=\"auto, (max-width: 300px) 100vw, 300px\" \/><\/a><\/p>\n<p>Bausback hat sich deshalb mit einem konkreten Vorschlag f\u00fcr eine Erg\u00e4nzung des \u00a7 15a der Insolvenzordnung an den Bundesjustizminister gewandt. Diese Vorschrift sieht vor, dass juristische Personen wie GmbHs sp\u00e4testens drei Wochen nach Eintritt der Zahlungsunf\u00e4higkeit oder \u00dcberschuldung einen Insolvenzantrag stellen m\u00fcssen. &#8222;In F\u00e4llen von Naturkatastrophen ist diese Frist nicht ausreichend. H\u00e4ufig kann so schnell nicht gekl\u00e4rt werden, ob eine drohende Insolvenz etwa durch einen Zahlungsaufschub, staatliche Hilfeleistungen oder Versicherungsleistungen abgewendet werden kann&#8220;, so der bayerische Justizminister. &#8222;Wir d\u00fcrfen nicht zulassen, dass ein an sich sanierungsf\u00e4higes Unternehmen so in die Insolvenz gezwungen wird. Ich schlage deshalb vor, die Insolvenzantragsfrist auf sechs Monate zu verl\u00e4ngern, wenn die Zahlungsunf\u00e4higkeit oder \u00dcberschuldung unmittelbar in Folge von Hochwasser, Starkregen, Erdrutsch, Lawine, Orkan oder anderen Naturkatastrophen eingetreten ist.&#8220;<\/p>\n<p>Bausback h\u00e4lt eine solche generelle Regelung f\u00fcr dringend notwendig: &#8222;Unternehmen brauchen Rechtssicherheit &amp;ndash; auch und gerade im Katastrophenfall! Sie d\u00fcrfen k\u00fcnftig nicht mehr auf ein kurzfristiges Eingreifen des Gesetzgebers angewiesen sein, sondern m\u00fcssen ihre Finanzierungs- und Sanierungsverhandlungen gleich auf verl\u00e4sslicher Grundlage f\u00fchren k\u00f6nnen. Ich bitte den Bundesjustizminister daher, schnellstm\u00f6glich eine entsprechende Regelung auf den Weg zu bringen!&#8220;<\/p>\n<p>Quelle:stmj.bayern.de<\/p>\n","protected":false},"excerpt":{"rendered":"<p>M\u00fcnchen: Bayerns Justizminister Bausback fordert generelle Verl\u00e4ngerung der Insolvenzantragsfrist bei Naturkatastrophen: &#8222;Unternehmen brauchen Rechtssicherheit \u2013 auch und gerade im Katastrophenfall!&#8220; Bayerns Justizminister Prof. Dr. Winfried Bausback fordert eine Regelung in der Insolvenzordnung, nach der f\u00fcr Unternehmen, die durch Naturkatastrophen in wirtschaftliche Schwierigkeiten geraten sind, eine verl\u00e4ngerte Insolvenzantragsfrist gilt. Nach den Starkregenereignissen im Juni 2016 hat [&hellip;]<\/p>\n","protected":false},"author":7,"featured_media":1410,"comment_status":"closed","ping_status":"open","sticky":false,"template":"","format":"standard","meta":{"footnotes":""},"categories":[78,71],"tags":[2043],"class_list":["post-9838","post","type-post","status-publish","format-standard","has-post-thumbnail","hentry","category-bayern","category-menue","tag-insolvenzantrag"],"_links":{"self":[{"href":"https:\/\/www.frankensicht.de\/index.php?rest_route=\/wp\/v2\/posts\/9838","targetHints":{"allow":["GET"]}}],"collection":[{"href":"https:\/\/www.frankensicht.de\/index.php?rest_route=\/wp\/v2\/posts"}],"about":[{"href":"https:\/\/www.frankensicht.de\/index.php?rest_route=\/wp\/v2\/types\/post"}],"author":[{"embeddable":true,"href":"https:\/\/www.frankensicht.de\/index.php?rest_route=\/wp\/v2\/users\/7"}],"replies":[{"embeddable":true,"href":"https:\/\/www.frankensicht.de\/index.php?rest_route=%2Fwp%2Fv2%2Fcomments&post=9838"}],"version-history":[{"count":2,"href":"https:\/\/www.frankensicht.de\/index.php?rest_route=\/wp\/v2\/posts\/9838\/revisions"}],"predecessor-version":[{"id":9840,"href":"https:\/\/www.frankensicht.de\/index.php?rest_route=\/wp\/v2\/posts\/9838\/revisions\/9840"}],"wp:featuredmedia":[{"embeddable":true,"href":"https:\/\/www.frankensicht.de\/index.php?rest_route=\/wp\/v2\/media\/1410"}],"wp:attachment":[{"href":"https:\/\/www.frankensicht.de\/index.php?rest_route=%2Fwp%2Fv2%2Fmedia&parent=9838"}],"wp:term":[{"taxonomy":"category","embeddable":true,"href":"https:\/\/www.frankensicht.de\/index.php?rest_route=%2Fwp%2Fv2%2Fcategories&post=9838"},{"taxonomy":"post_tag","embeddable":true,"href":"https:\/\/www.frankensicht.de\/index.php?rest_route=%2Fwp%2Fv2%2Ftags&post=9838"}],"curies":[{"name":"wp","href":"https:\/\/api.w.org\/{rel}","templated":true}]}}