{"id":9835,"date":"2016-08-05T08:28:56","date_gmt":"2016-08-05T06:28:56","guid":{"rendered":"http:\/\/www.frankensicht.de\/?p=9835"},"modified":"2016-08-05T08:28:56","modified_gmt":"2016-08-05T06:28:56","slug":"bayerns-gesundheitsministerin-besucht-landarztpraxen-im-mittelfraenkischen-uehlfeld","status":"publish","type":"post","link":"https:\/\/www.frankensicht.de\/?p=9835","title":{"rendered":"Bayerns Gesundheitsministerin besucht Landarztpraxen im mittelfr\u00e4nkischen Uehlfeld"},"content":{"rendered":"<p><span style=\"color: #ff0000;\">M\u00fcnchen:<\/span><\/p>\n<p>Huml st\u00e4rkt \u00e4rztliche Versorgung auf dem Land &#8211; Bayerns Gesundheitsministerin besucht Landarztpraxen im mittelfr\u00e4nkischen Uehlfeld<\/p>\n<p>Bayerns Gesundheits- und Pflegeministerin Melanie Huml setzt sich intensiv f\u00fcr die Niederlassung von Haus\u00e4rzten in l\u00e4ndlichen Regionen ein. Anl\u00e4sslich eines Besuchs der mittelfr\u00e4nkischen Marktgemeinde Uehlfeld am Donnerstag informierte sich die Ministerin \u00fcber das kommunale Konzept einer modernen land\u00e4rztlichen Versorgung der Gemeinde.<\/p>\n<p>Huml hob das Engagement der Gemeinde Uehlfeld hervor. Sie unterstrich: &#8222;Die Marktgemeinde Uehlfeld hat fr\u00fchzeitig auf das altersbedingte Ausscheiden von Haus\u00e4rzten reagiert und sich im Kommunalb\u00fcro f\u00fcr \u00e4rztliche Versorgung beraten lassen. So konnten rechtzeitig gemeinsam mit der Gemeinde L\u00f6sungen f\u00fcr die k\u00fcnftige gesundheitliche Versorgung gefunden werden.&#8220;<\/p>\n<p>Das Kommunalb\u00fcro f\u00fcr \u00e4rztliche Versorgung ist am Landesamt f\u00fcr Gesundheit und Lebensmittelsicherheit angesiedelt und bayernweit t\u00e4tig. Aufgabe des B\u00fcros ist es, gemeinsam mit den Kommunen ma\u00dfgeschneiderte Handlungsoptionen zu entwickeln und dabei regionale Besonderheiten zu ber\u00fccksichtigen. Bisher hat das Kommunalb\u00fcro 179 Kommunen intensiv beraten und begleitet.<\/p>\n<p><a href=\"https:\/\/www.frankensicht.de\/?attachment_id=8068\" rel=\"attachment wp-att-8068\"><img loading=\"lazy\" decoding=\"async\" class=\"alignnone size-medium wp-image-8068\" src=\"https:\/\/www.frankensicht.de\/wp-content\/uploads\/2015\/01\/johaniter-300x225.jpg\" alt=\"johaniter\" width=\"300\" height=\"225\" srcset=\"https:\/\/www.frankensicht.de\/wp-content\/uploads\/2015\/01\/johaniter-300x225.jpg 300w, https:\/\/www.frankensicht.de\/wp-content\/uploads\/2015\/01\/johaniter.jpg 640w\" sizes=\"auto, (max-width: 300px) 100vw, 300px\" \/><\/a><\/p>\n<p>Die Ministerin betonte dar\u00fcber hinaus: &#8222;Neben der Beratung helfen wir mit unserem F\u00f6rderprogramm auch finanziell. Wir unterst\u00fctzen die \u00e4rztliche Versorgung, vor allem in den l\u00e4ndlichen Regionen Bayerns. Ziel ist es, allen Menschen in Bayern auch k\u00fcnftig eine gute und wohnortnahe medizinische Versorgung zur Verf\u00fcgung zu stellen. Unser Programm wird gut angenommen. So konnten wir auch in Uehlfeld die Niederlassung einer Hausarztpraxis f\u00f6rdern. \u00dcber den Erfolg unseres Programms freue ich mich sehr.&#8220;<\/p>\n<p>Seit 2012 unterst\u00fctzt das bayerische Gesundheitsministerium unter anderem Haus\u00e4rzte mit einer Anschubfinanzierung von bis zu 60.000 Euro, die sich in Gemeinden mit nicht mehr als 20.000 Einwohnern niederlassen. Voraussetzung ist, dass es sich um nicht \u00fcberversorgte Regionen handelt. Bislang wurden in Bayern 212 Niederlassungen und Filialen von Haus\u00e4rzten unterst\u00fctzt. Zus\u00e4tzlich konnten bisher 42 Fach\u00e4rzte, Psychotherapeuten und Kinder- und Jugendpsychiater von der F\u00f6rderung profitieren. In Mittelfranken haben 32 allgemein\u00e4rztliche Niederlassungen und Filialen sowie 7 Fach\u00e4rzte die F\u00f6rderung erhalten.<\/p>\n<p>Ministerin Huml besuchte in Uehlfeld auch das Vitanas Senioren Centrum Rosenpark. Dort informierte sich die Ministerin \u00fcber altersgerechtes Wohnen.<\/p>\n<p>Das Kommunalb\u00fcro f\u00fcr \u00e4rztliche Versorgung finden Sie unter http:\/\/www.lgl.bayern.de\/gesundheit\/gesundheitsversorgung\/kommunalbuero\/index.htm#abschnitt_5.<\/p>\n<p>Quelle:stmgp.bayern.de<\/p>\n","protected":false},"excerpt":{"rendered":"<p>M\u00fcnchen: Huml st\u00e4rkt \u00e4rztliche Versorgung auf dem Land &#8211; Bayerns Gesundheitsministerin besucht Landarztpraxen im mittelfr\u00e4nkischen Uehlfeld Bayerns Gesundheits- und Pflegeministerin Melanie Huml setzt sich intensiv f\u00fcr die Niederlassung von Haus\u00e4rzten in l\u00e4ndlichen Regionen ein. Anl\u00e4sslich eines Besuchs der mittelfr\u00e4nkischen Marktgemeinde Uehlfeld am Donnerstag informierte sich die Ministerin \u00fcber das kommunale Konzept einer modernen land\u00e4rztlichen Versorgung [&hellip;]<\/p>\n","protected":false},"author":7,"featured_media":8079,"comment_status":"closed","ping_status":"open","sticky":false,"template":"","format":"standard","meta":{"footnotes":""},"categories":[78,71,85],"tags":[2042],"class_list":["post-9835","post","type-post","status-publish","format-standard","has-post-thumbnail","hentry","category-bayern","category-menue","category-mittelfranken","tag-aerzte-auf-dem-land"],"_links":{"self":[{"href":"https:\/\/www.frankensicht.de\/index.php?rest_route=\/wp\/v2\/posts\/9835","targetHints":{"allow":["GET"]}}],"collection":[{"href":"https:\/\/www.frankensicht.de\/index.php?rest_route=\/wp\/v2\/posts"}],"about":[{"href":"https:\/\/www.frankensicht.de\/index.php?rest_route=\/wp\/v2\/types\/post"}],"author":[{"embeddable":true,"href":"https:\/\/www.frankensicht.de\/index.php?rest_route=\/wp\/v2\/users\/7"}],"replies":[{"embeddable":true,"href":"https:\/\/www.frankensicht.de\/index.php?rest_route=%2Fwp%2Fv2%2Fcomments&post=9835"}],"version-history":[{"count":2,"href":"https:\/\/www.frankensicht.de\/index.php?rest_route=\/wp\/v2\/posts\/9835\/revisions"}],"predecessor-version":[{"id":9837,"href":"https:\/\/www.frankensicht.de\/index.php?rest_route=\/wp\/v2\/posts\/9835\/revisions\/9837"}],"wp:featuredmedia":[{"embeddable":true,"href":"https:\/\/www.frankensicht.de\/index.php?rest_route=\/wp\/v2\/media\/8079"}],"wp:attachment":[{"href":"https:\/\/www.frankensicht.de\/index.php?rest_route=%2Fwp%2Fv2%2Fmedia&parent=9835"}],"wp:term":[{"taxonomy":"category","embeddable":true,"href":"https:\/\/www.frankensicht.de\/index.php?rest_route=%2Fwp%2Fv2%2Fcategories&post=9835"},{"taxonomy":"post_tag","embeddable":true,"href":"https:\/\/www.frankensicht.de\/index.php?rest_route=%2Fwp%2Fv2%2Ftags&post=9835"}],"curies":[{"name":"wp","href":"https:\/\/api.w.org\/{rel}","templated":true}]}}