{"id":9825,"date":"2016-08-04T08:41:23","date_gmt":"2016-08-04T06:41:23","guid":{"rendered":"http:\/\/www.frankensicht.de\/?p=9825"},"modified":"2016-08-04T08:41:41","modified_gmt":"2016-08-04T06:41:41","slug":"9825","status":"publish","type":"post","link":"https:\/\/www.frankensicht.de\/?p=9825","title":{"rendered":"Pfadfinder aus Istanbul in Erlangen \u2013 Brief an den Bosporus"},"content":{"rendered":"<p><span style=\"color: #ff0000;\">Erlangen:<\/span><\/p>\n<p>Pfadfinder aus Istanbul in Erlangen \u2013 Brief an den Bosporus<br \/>\nEine 15-k\u00f6pfige Pfadfindergruppe aus Istanbul h\u00e4lt sich momentan zu einem Kurzbesuch in der Hugenottenstadt auf, bevor es mit den Partnern des Erlanger Stamms Florian Geyer (Sieglitzhof) ins Bayern-Camp nach Breitenbrunn in die Oberpfalz geht. B\u00fcrgermeisterin Susanne Lender-Cassens begr\u00fc\u00dft die Pfadfinder am Donnerstag, 4. August, offiziell im Rathaus.<\/p>\n<p><a href=\"https:\/\/www.frankensicht.de\/?attachment_id=8882\" rel=\"attachment wp-att-8882\"><img loading=\"lazy\" decoding=\"async\" class=\"alignnone size-medium wp-image-8882\" src=\"https:\/\/www.frankensicht.de\/wp-content\/uploads\/2015\/08\/tuerkei-300x200.png\" alt=\"tuerkei\" width=\"300\" height=\"200\" srcset=\"https:\/\/www.frankensicht.de\/wp-content\/uploads\/2015\/08\/tuerkei-300x200.png 300w, https:\/\/www.frankensicht.de\/wp-content\/uploads\/2015\/08\/tuerkei-1024x683.png 1024w, https:\/\/www.frankensicht.de\/wp-content\/uploads\/2015\/08\/tuerkei-220x146.png 220w, https:\/\/www.frankensicht.de\/wp-content\/uploads\/2015\/08\/tuerkei.png 1200w\" sizes=\"auto, (max-width: 300px) 100vw, 300px\" \/><\/a><br \/>\nGleichzeitig hat Oberb\u00fcrgermeister Florian Janik seinen Amtskollegen in der der t\u00fcrkischen Partnerstadt Be\u015fikta\u015f, Murat Hazinedar, geschrieben und \u00fcber den Besuch der Pfadfinder informiert: \u201eIch halte die Partnerschaft mit Be\u015fikta\u015f \u2013 besonders unter dem Eindruck der aktuellen Krise \u2013 f\u00fcr herausragend wichtig im Sinne kommunaler Friedenspolitik und will unsere Kontakte verst\u00e4rkt auch f\u00fcr den politischen Meinungsaustausch nutzen.\u201c Deutschland und die T\u00fcrkei seien seit Jahrzehnten eng miteinander verbunden, hei\u00dft es in dem Schreiben weiter. St\u00e4dtepartnerschaften seien auch in schwierigen Zeiten ein Garant f\u00fcr die Weiterf\u00fchrung des Austauschs zwischen den Menschen, so Janik. F\u00fcr den Oktober ist eine Begegnung beider Stadtoberh\u00e4upter in Erlangen geplant.<\/p>\n<p>Quelle:Erlangen.de<\/p>\n","protected":false},"excerpt":{"rendered":"<p>Erlangen: Pfadfinder aus Istanbul in Erlangen \u2013 Brief an den Bosporus Eine 15-k\u00f6pfige Pfadfindergruppe aus Istanbul h\u00e4lt sich momentan zu einem Kurzbesuch in der Hugenottenstadt auf, bevor es mit den Partnern des Erlanger Stamms Florian Geyer (Sieglitzhof) ins Bayern-Camp nach Breitenbrunn in die Oberpfalz geht. B\u00fcrgermeisterin Susanne Lender-Cassens begr\u00fc\u00dft die Pfadfinder am Donnerstag, 4. August, [&hellip;]<\/p>\n","protected":false},"author":7,"featured_media":8882,"comment_status":"closed","ping_status":"open","sticky":false,"template":"","format":"standard","meta":{"footnotes":""},"categories":[78,71],"tags":[2038,2039],"class_list":["post-9825","post","type-post","status-publish","format-standard","has-post-thumbnail","hentry","category-bayern","category-menue","tag-istanbul","tag-pfadfinder"],"_links":{"self":[{"href":"https:\/\/www.frankensicht.de\/index.php?rest_route=\/wp\/v2\/posts\/9825","targetHints":{"allow":["GET"]}}],"collection":[{"href":"https:\/\/www.frankensicht.de\/index.php?rest_route=\/wp\/v2\/posts"}],"about":[{"href":"https:\/\/www.frankensicht.de\/index.php?rest_route=\/wp\/v2\/types\/post"}],"author":[{"embeddable":true,"href":"https:\/\/www.frankensicht.de\/index.php?rest_route=\/wp\/v2\/users\/7"}],"replies":[{"embeddable":true,"href":"https:\/\/www.frankensicht.de\/index.php?rest_route=%2Fwp%2Fv2%2Fcomments&post=9825"}],"version-history":[{"count":2,"href":"https:\/\/www.frankensicht.de\/index.php?rest_route=\/wp\/v2\/posts\/9825\/revisions"}],"predecessor-version":[{"id":9827,"href":"https:\/\/www.frankensicht.de\/index.php?rest_route=\/wp\/v2\/posts\/9825\/revisions\/9827"}],"wp:featuredmedia":[{"embeddable":true,"href":"https:\/\/www.frankensicht.de\/index.php?rest_route=\/wp\/v2\/media\/8882"}],"wp:attachment":[{"href":"https:\/\/www.frankensicht.de\/index.php?rest_route=%2Fwp%2Fv2%2Fmedia&parent=9825"}],"wp:term":[{"taxonomy":"category","embeddable":true,"href":"https:\/\/www.frankensicht.de\/index.php?rest_route=%2Fwp%2Fv2%2Fcategories&post=9825"},{"taxonomy":"post_tag","embeddable":true,"href":"https:\/\/www.frankensicht.de\/index.php?rest_route=%2Fwp%2Fv2%2Ftags&post=9825"}],"curies":[{"name":"wp","href":"https:\/\/api.w.org\/{rel}","templated":true}]}}