{"id":9821,"date":"2016-08-03T10:13:16","date_gmt":"2016-08-03T08:13:16","guid":{"rendered":"http:\/\/www.frankensicht.de\/?p=9821"},"modified":"2016-08-03T10:13:16","modified_gmt":"2016-08-03T08:13:16","slug":"abschlussveranstaltung-der-bayerischen-klimawoche-2016","status":"publish","type":"post","link":"https:\/\/www.frankensicht.de\/?p=9821","title":{"rendered":"Abschlussveranstaltung der Bayerischen Klimawoche 2016"},"content":{"rendered":"<p><span style=\"color: #ff0000;\">M\u00fcnchen:<\/span><\/p>\n<p>Scharf: Klimaschutz braucht starke Partner<br \/>\nAbschlussveranstaltung der Bayerischen Klimawoche 2016<\/p>\n<p>Die Bayerische Klima-Allianz ist deutschlandweit einmalig. Sie verkn\u00fcpft erfolgreich Politik und Verb\u00e4nde. Alle gesellschaftlichen Gruppen sollen damit f\u00fcr einen freiwilligen, praktisch gelebten Klimaschutz sensibilisiert werden. Das betonte heute die Bayerische Umweltministerin Ulrike Scharf bei der Abschlussveranstaltung zur Bayerischen Klimawoche 2016 mit den Partnern der Bayerischen Klima-Allianz. &#8222;Klimapolitik muss zur Beteiligungspolitik werden. Bayern hat dies fr\u00fch erkannt. Vor \u00fcber zehn Jahren haben wir die Bayerische Klima-Allianz aus der Taufe gehoben. Heute k\u00f6nnen wir mit Stolz sagen: Die Klima-Allianz bildet einen bedeutenden Teil der bayerischen Gesellschaft ab. Sie steht f\u00fcr ein starkes Miteinander und daf\u00fcr, wie der Klimaschutzgedanke breit in der Bev\u00f6lkerung verankert werden kann. Ich bin \u00fcberzeugt: Gemeinsam k\u00f6nnen wir den Klimawandel meistern&#8220;, so Scharf. Die Bayerische Klima-Allianz war mit der Kampagne &#8222;Klimawandel meistern&#8220; als Kooperationspartner des Kino-Open-Air eine Woche auf dem Gel\u00e4nde des K\u00f6nigsplatzes in M\u00fcnchen unter anderem mit Infostand, Videos, Klima-Quiz und einer Verlosungsaktion vertreten. Bayernweit wurden w\u00e4hrend der Aktionswoche mit vielf\u00e4ltigen Veranstaltungen Menschen allen Alters angesprochen: Exkursionen in die Natur, lebendige Vortr\u00e4ge, informative Ausstellungen, Energieberatungen und Workshops regten zum Mitmachen an und f\u00f6rdern so auch im Alltag die Eigeninitiative. Die Bayerische Klimawoche ist die wichtigste Aktion der Partner der Bayerischen Klima-Allianz.<\/p>\n<p><a href=\"https:\/\/www.frankensicht.de\/?attachment_id=7973\" rel=\"attachment wp-att-7973\"><img loading=\"lazy\" decoding=\"async\" class=\"alignnone size-medium wp-image-7973\" src=\"https:\/\/www.frankensicht.de\/wp-content\/uploads\/2015\/01\/durchfahrtverboten-300x225.jpg\" alt=\"durchfahrtverboten\" width=\"300\" height=\"225\" srcset=\"https:\/\/www.frankensicht.de\/wp-content\/uploads\/2015\/01\/durchfahrtverboten-300x225.jpg 300w, https:\/\/www.frankensicht.de\/wp-content\/uploads\/2015\/01\/durchfahrtverboten.jpg 640w\" sizes=\"auto, (max-width: 300px) 100vw, 300px\" \/><\/a><\/p>\n<p>Der Klimawandel ist l\u00e4ngst in Bayern angekommen &amp;ndash; er ist sp\u00fcr- und messbar. Die Durchschnittstemperatur ist hierzulande zwischen 1931 und 2010 um rund 1,1 Grad gestiegen, im sensiblen Alpenraum sind die Temperaturen in den letzten 100 Jahren sogar doppelt so stark gestiegen wie im weltweiten Durchschnitt. Bayern steht zu seiner Klimaverantwortung und hat deshalb 2014 das Bayerische Klimaschutzprogramm 2050 beschlossen. Von der energetischen Sanierung staatlicher und kommunaler Geb\u00e4ude \u00fcber die Renaturierung von Mooren bis hin zu Projekten der Energietechnologie: Ein ganzes Ma\u00dfnahmenpaket erg\u00e4nzt damit Bayerns bew\u00e4hrte Mehrfachstrategie aus Reduktion, Anpassung, Forschung und internationale Zusammenarbeit. Bis 2050 strebt die Staatsregierung an, die Treibhausgas-Emissionen in Bayern auf weniger als 2 Tonnen pro Kopf und Jahr zu senken.<\/p>\n<p>Quelle: stmuv.bayern.de<\/p>\n","protected":false},"excerpt":{"rendered":"<p>M\u00fcnchen: Scharf: Klimaschutz braucht starke Partner Abschlussveranstaltung der Bayerischen Klimawoche 2016 Die Bayerische Klima-Allianz ist deutschlandweit einmalig. Sie verkn\u00fcpft erfolgreich Politik und Verb\u00e4nde. Alle gesellschaftlichen Gruppen sollen damit f\u00fcr einen freiwilligen, praktisch gelebten Klimaschutz sensibilisiert werden. Das betonte heute die Bayerische Umweltministerin Ulrike Scharf bei der Abschlussveranstaltung zur Bayerischen Klimawoche 2016 mit den Partnern der [&hellip;]<\/p>\n","protected":false},"author":7,"featured_media":7973,"comment_status":"closed","ping_status":"open","sticky":false,"template":"","format":"standard","meta":{"footnotes":""},"categories":[78,71],"tags":[238],"class_list":["post-9821","post","type-post","status-publish","format-standard","has-post-thumbnail","hentry","category-bayern","category-menue","tag-klimaschutz"],"_links":{"self":[{"href":"https:\/\/www.frankensicht.de\/index.php?rest_route=\/wp\/v2\/posts\/9821","targetHints":{"allow":["GET"]}}],"collection":[{"href":"https:\/\/www.frankensicht.de\/index.php?rest_route=\/wp\/v2\/posts"}],"about":[{"href":"https:\/\/www.frankensicht.de\/index.php?rest_route=\/wp\/v2\/types\/post"}],"author":[{"embeddable":true,"href":"https:\/\/www.frankensicht.de\/index.php?rest_route=\/wp\/v2\/users\/7"}],"replies":[{"embeddable":true,"href":"https:\/\/www.frankensicht.de\/index.php?rest_route=%2Fwp%2Fv2%2Fcomments&post=9821"}],"version-history":[{"count":3,"href":"https:\/\/www.frankensicht.de\/index.php?rest_route=\/wp\/v2\/posts\/9821\/revisions"}],"predecessor-version":[{"id":9824,"href":"https:\/\/www.frankensicht.de\/index.php?rest_route=\/wp\/v2\/posts\/9821\/revisions\/9824"}],"wp:featuredmedia":[{"embeddable":true,"href":"https:\/\/www.frankensicht.de\/index.php?rest_route=\/wp\/v2\/media\/7973"}],"wp:attachment":[{"href":"https:\/\/www.frankensicht.de\/index.php?rest_route=%2Fwp%2Fv2%2Fmedia&parent=9821"}],"wp:term":[{"taxonomy":"category","embeddable":true,"href":"https:\/\/www.frankensicht.de\/index.php?rest_route=%2Fwp%2Fv2%2Fcategories&post=9821"},{"taxonomy":"post_tag","embeddable":true,"href":"https:\/\/www.frankensicht.de\/index.php?rest_route=%2Fwp%2Fv2%2Ftags&post=9821"}],"curies":[{"name":"wp","href":"https:\/\/api.w.org\/{rel}","templated":true}]}}