{"id":9759,"date":"2016-08-05T08:29:50","date_gmt":"2016-08-05T06:29:50","guid":{"rendered":"http:\/\/www.frankensicht.de\/?p=9759"},"modified":"2016-08-05T08:29:50","modified_gmt":"2016-08-05T06:29:50","slug":"naturschutz-braucht-kooperation","status":"publish","type":"post","link":"https:\/\/www.frankensicht.de\/?p=9759","title":{"rendered":"Naturschutz braucht Kooperation"},"content":{"rendered":"<p><span style=\"color: #ff0000;\">M\u00fcnchen:<\/span><\/p>\n<p>Scharf: BayernNetzNatur-Projekt Ecknachtal schafft wertvollen Biotopverbund<br \/>\nNaturschutz braucht Kooperation<\/p>\n<p>Der Erhalt der gewachsenen Natur- und Kulturlandschaft in Schwaben mit ihrer biologischen Vielfalt ist eine wichtige regionale Gemeinschaftsaufgabe. Das betonte die Bayerische Umweltministerin Ulrike Scharf nach der Besichtigung des BayernNetzNatur-Projekts &#8222;Ecknachtal&#8220; bei Maria Birnbaum. &#8222;Natur stiftet Identit\u00e4t. Sie ist mehr als eine Kulisse f\u00fcr Freizeitaktivit\u00e4ten. Unsere inzwischen 400 BayernNetzNatur-Projekte zeigen eindrucksvoll, wie ein Miteinander von Naturschutz und Landwirtschaft aussehen kann. Das Projekt im Ecknachtal ist eines der fr\u00fchen BayernNetzNatur-Projekte und nach wie vor am Puls der Zeit. Das Projekt belegt einmal mehr: Die Sicherung der Artenvielfalt in unseren Kulturlandschaften gelingt nur, wenn die Menschen vor Ort mitgenommen werden. Unser Vertragsnaturschutzprogramm steht f\u00fcr eine verl\u00e4ssliche Zusammenarbeit mit der Landwirtschaft&#8220;, so Scharf. Die Ecknach und ihr Talraum im Landkreis Aichach-Friedberg bieten einen wertvollen R\u00fcckzugsraum selten gewordener Tier- und Pflanzenarten. Beispielsweise kommt hier die Libellenart Gr\u00fcne Keiljungfer vor, die europaweit so stark zur\u00fcckgegangen war, dass sie in die Fauna-Flora-Habitat (FFH)-Listen der EU aufgenommen wurde.<\/p>\n<p><a href=\"https:\/\/www.frankensicht.de\/?attachment_id=4869\" rel=\"attachment wp-att-4869\"><img loading=\"lazy\" decoding=\"async\" class=\"alignnone size-medium wp-image-4869\" src=\"https:\/\/www.frankensicht.de\/wp-content\/uploads\/2012\/12\/pflanzeninextreme-300x225.jpg\" alt=\"pflanzeninextreme\" width=\"300\" height=\"225\" srcset=\"https:\/\/www.frankensicht.de\/wp-content\/uploads\/2012\/12\/pflanzeninextreme-300x225.jpg 300w, https:\/\/www.frankensicht.de\/wp-content\/uploads\/2012\/12\/pflanzeninextreme.jpg 640w\" sizes=\"auto, (max-width: 300px) 100vw, 300px\" \/><\/a><\/p>\n<p>Weltweit ist derzeit ein sp\u00fcrbarer Verlust der biologischen Vielfalt in der Natur zu erkennen. Um diesem Trend zu begegnen hat Bayern bereits 2008 die Bayerische Biodiversit\u00e4tsstrategie verabschiedet. Im Zuge der Umsetzung dieser Strategie baut Bayern den Biotopverbund im Freistaat kontinuierlich aus &#8211; um dem Artenschwund entgegenzuwirken, aber auch den Menschen die M\u00f6glichkeit zu geben, die Natur zu erleben. Hierbei setzt der Freistaat auf das Programm BayernNetzNatur. Damit sollen Lebensr\u00e4ume wie zum Beispiel Magerrasen oder Extensivwiesen miteinander verbunden und so der Austausch zwischen den Teilfl\u00e4chen sichergestellt werden.<\/p>\n<p>Auch die Menschen im Freistaat k\u00f6nnen von den Projekten unmittelbar profitieren. Kinder und Erwachsene k\u00f6nnen bei Wanderungen diese einzigartigen Natursch\u00f6nheiten entdecken und die bedrohten Tier- und Pflanzenarten kennenlernen. Scharf: &#8222;Bayern ist ein einzigartiges \u00d6koreiseziel. Die Menschen wollen ihre Heimat erleben. Wir machen den l\u00e4ndlichen Raum zu einer Oase der Naherholung und st\u00e4rken damit auch den Naturschutz vor Ort.&#8220; Hierzu stellt das Umweltministerium in seinem Internetshop verschiedene Faltbl\u00e4tter zum Thema &#8222;Vielfalt entdecken&#8220; bereit. Auch eine interaktive Karte mit allen BayernNetzNatur-Projekten sowie Hintergrundinformationen zum BayernNetzNatur sind im Internetauftritt des Ministeriums abrufbar unter www.stmuv.bayern.de\/themen\/naturschutz\/baynetznatur\/index.htm.<\/p>\n<p>Quelle: stmuv.bayern.de<\/p>\n","protected":false},"excerpt":{"rendered":"<p>M\u00fcnchen: Scharf: BayernNetzNatur-Projekt Ecknachtal schafft wertvollen Biotopverbund Naturschutz braucht Kooperation Der Erhalt der gewachsenen Natur- und Kulturlandschaft in Schwaben mit ihrer biologischen Vielfalt ist eine wichtige regionale Gemeinschaftsaufgabe. Das betonte die Bayerische Umweltministerin Ulrike Scharf nach der Besichtigung des BayernNetzNatur-Projekts &#8222;Ecknachtal&#8220; bei Maria Birnbaum. &#8222;Natur stiftet Identit\u00e4t. Sie ist mehr als eine Kulisse f\u00fcr Freizeitaktivit\u00e4ten. [&hellip;]<\/p>\n","protected":false},"author":7,"featured_media":6221,"comment_status":"closed","ping_status":"open","sticky":false,"template":"","format":"standard","meta":{"footnotes":""},"categories":[78,71],"tags":[1284],"class_list":["post-9759","post","type-post","status-publish","format-standard","has-post-thumbnail","hentry","category-bayern","category-menue","tag-naturschutz"],"_links":{"self":[{"href":"https:\/\/www.frankensicht.de\/index.php?rest_route=\/wp\/v2\/posts\/9759","targetHints":{"allow":["GET"]}}],"collection":[{"href":"https:\/\/www.frankensicht.de\/index.php?rest_route=\/wp\/v2\/posts"}],"about":[{"href":"https:\/\/www.frankensicht.de\/index.php?rest_route=\/wp\/v2\/types\/post"}],"author":[{"embeddable":true,"href":"https:\/\/www.frankensicht.de\/index.php?rest_route=\/wp\/v2\/users\/7"}],"replies":[{"embeddable":true,"href":"https:\/\/www.frankensicht.de\/index.php?rest_route=%2Fwp%2Fv2%2Fcomments&post=9759"}],"version-history":[{"count":3,"href":"https:\/\/www.frankensicht.de\/index.php?rest_route=\/wp\/v2\/posts\/9759\/revisions"}],"predecessor-version":[{"id":9762,"href":"https:\/\/www.frankensicht.de\/index.php?rest_route=\/wp\/v2\/posts\/9759\/revisions\/9762"}],"wp:featuredmedia":[{"embeddable":true,"href":"https:\/\/www.frankensicht.de\/index.php?rest_route=\/wp\/v2\/media\/6221"}],"wp:attachment":[{"href":"https:\/\/www.frankensicht.de\/index.php?rest_route=%2Fwp%2Fv2%2Fmedia&parent=9759"}],"wp:term":[{"taxonomy":"category","embeddable":true,"href":"https:\/\/www.frankensicht.de\/index.php?rest_route=%2Fwp%2Fv2%2Fcategories&post=9759"},{"taxonomy":"post_tag","embeddable":true,"href":"https:\/\/www.frankensicht.de\/index.php?rest_route=%2Fwp%2Fv2%2Ftags&post=9759"}],"curies":[{"name":"wp","href":"https:\/\/api.w.org\/{rel}","templated":true}]}}