{"id":9694,"date":"2016-06-28T11:29:46","date_gmt":"2016-06-28T09:29:46","guid":{"rendered":"http:\/\/www.frankensicht.de\/?p=9694"},"modified":"2016-07-03T08:26:10","modified_gmt":"2016-07-03T06:26:10","slug":"fastenmonats-ramadan","status":"publish","type":"post","link":"https:\/\/www.frankensicht.de\/?p=9694","title":{"rendered":"Fastenmonats Ramadan"},"content":{"rendered":"<p><span style=\"color: #ff0000;\">Berlin:<\/span><\/p>\n<p>Aus Anlass des Fastenmonats Ramadan haben Bundeswirtschaftsminister Sigmar<br \/>\nGabriel<br \/>\n&lt;http:\/\/www.bmwi.de\/DE\/Ministerium\/Minister-und-Staatssekretaere\/Visitenkarten\/sigmar-gabriel.html&gt;<br \/>\nund die Integrationsbeauftragte der Bundesregierung Aydan \u00d6zoguz gestern Abend<br \/>\ndeutsch-t\u00fcrkische Unternehmensverb\u00e4nde sowie t\u00fcrkeist\u00e4mmige Unternehmerinnen und<br \/>\nUnternehmer in die historischen R\u00e4ume des Bundesministeriums f\u00fcr Wirtschaft und<br \/>\nEnergie eingeladen. In vertrauensvollen Gespr\u00e4chen wurden die deutsch-t\u00fcrkischen<br \/>\nBeziehungen gew\u00fcrdigt. Der Abend wurde mit einem gemeinsamen Fastenbrechen nach<br \/>\nSonnenuntergang beschlossen.<\/p>\n<p><a href=\"https:\/\/www.frankensicht.de\/?attachment_id=8882\" rel=\"attachment wp-att-8882\"><img loading=\"lazy\" decoding=\"async\" class=\"alignnone size-medium wp-image-8882\" src=\"https:\/\/www.frankensicht.de\/wp-content\/uploads\/2015\/08\/tuerkei-300x200.png\" alt=\"tuerkei\" width=\"300\" height=\"200\" srcset=\"https:\/\/www.frankensicht.de\/wp-content\/uploads\/2015\/08\/tuerkei-300x200.png 300w, https:\/\/www.frankensicht.de\/wp-content\/uploads\/2015\/08\/tuerkei-1024x683.png 1024w, https:\/\/www.frankensicht.de\/wp-content\/uploads\/2015\/08\/tuerkei-220x146.png 220w, https:\/\/www.frankensicht.de\/wp-content\/uploads\/2015\/08\/tuerkei.png 1200w\" sizes=\"auto, (max-width: 300px) 100vw, 300px\" \/><\/a><\/p>\n<p>Bundesminister Gabriel: &#8222;Die deutsch-t\u00fcrkischen Beziehungen geh\u00f6ren zu den gro\u00dfen<br \/>\npolitischen Errungenschaften der vergangenen Jahrzehnte. Nicht zuletzt sind es<br \/>\ndie Einwanderer aus der T\u00fcrkei, die mit ihren Ideen, ihrem Elan und ihrer harten<br \/>\nArbeit einen wichtigen Beitrag zur guten wirtschaftlichen Entwicklung<br \/>\nDeutschlands geleistet haben. Viele von ihnen sind als Unternehmer und<br \/>\nUnternehmerinnen in Deutschland erfolgreich, schaffen Arbeitspl\u00e4tze,<br \/>\nAusbildungspl\u00e4tze und neuen Wohlstand. Und viele engagieren sich ehrenamtlich in<br \/>\nSchulen und zahlreichen Vereinen &#8211; vom Sport bis zur Kultur. Es ist wichtig, dass<br \/>\ndiese Leistungen und Errungenschaften f\u00fcr unsere Gesellschaft anerkannt und<br \/>\ngew\u00fcrdigt werden. Herzlichen Dank daf\u00fcr, dass Sie als B\u00fcrgerinnen und B\u00fcrger<br \/>\nDeutschlands zum wirtschaftlichen Erfolg dieses Landes und zur Vertiefung der<br \/>\nwechselseitigen Verbundenheit mit der T\u00fcrkei beitragen.&#8220;<\/p>\n<p>Staatsministerin \u00d6zoguz: &#8222;Gerade im Ramadan m\u00fcssen wir ein Zeichen f\u00fcr<br \/>\nZusammenhalt und Verst\u00e4ndigung setzen &#8211; \u00fcber Religionsgrenzen hinweg, aber auch<br \/>\ninnerhalb der deutsch-t\u00fcrkischen Community. Die t\u00fcrkischst\u00e4mmigen<br \/>\nUnternehmerinnen und Unternehmer sind echte St\u00fctzpfeiler in unserem Land: Sie<br \/>\nbauen nicht nur Br\u00fccken zwischen der T\u00fcrkei und Deutschland, sondern auch in<br \/>\nunserer Gesellschaft. Trotzdem m\u00fcssen viele T\u00fcrkischst\u00e4mmige auch \u00fcber 50 Jahre<br \/>\nnach dem Anwerbeabkommen mit der T\u00fcrkei die leidvolle Erfahrung von<br \/>\nDiskriminierung und Vorurteilen machen. Dagegen m\u00fcssen wir uns gemeinsam wehren.&#8220;<\/p>\n<p>Quelle: bmwi.bund.de<\/p>\n<p>Anmerkung fuer unsere deutschen Leser: Ramadan = Ich darf nur wenns dunkel ist essen.<\/p>\n","protected":false},"excerpt":{"rendered":"<p>Berlin: Aus Anlass des Fastenmonats Ramadan haben Bundeswirtschaftsminister Sigmar Gabriel &lt;http:\/\/www.bmwi.de\/DE\/Ministerium\/Minister-und-Staatssekretaere\/Visitenkarten\/sigmar-gabriel.html&gt; und die Integrationsbeauftragte der Bundesregierung Aydan \u00d6zoguz gestern Abend deutsch-t\u00fcrkische Unternehmensverb\u00e4nde sowie t\u00fcrkeist\u00e4mmige Unternehmerinnen und Unternehmer in die historischen R\u00e4ume des Bundesministeriums f\u00fcr Wirtschaft und Energie eingeladen. In vertrauensvollen Gespr\u00e4chen wurden die deutsch-t\u00fcrkischen Beziehungen gew\u00fcrdigt. Der Abend wurde mit einem gemeinsamen Fastenbrechen nach Sonnenuntergang [&hellip;]<\/p>\n","protected":false},"author":7,"featured_media":8882,"comment_status":"closed","ping_status":"open","sticky":false,"template":"","format":"standard","meta":{"footnotes":""},"categories":[44,3],"tags":[2013],"class_list":["post-9694","post","type-post","status-publish","format-standard","has-post-thumbnail","hentry","category-deutschland-2","category-news","tag-ich-draf-nur-wenns-dunke-ist-essen"],"_links":{"self":[{"href":"https:\/\/www.frankensicht.de\/index.php?rest_route=\/wp\/v2\/posts\/9694","targetHints":{"allow":["GET"]}}],"collection":[{"href":"https:\/\/www.frankensicht.de\/index.php?rest_route=\/wp\/v2\/posts"}],"about":[{"href":"https:\/\/www.frankensicht.de\/index.php?rest_route=\/wp\/v2\/types\/post"}],"author":[{"embeddable":true,"href":"https:\/\/www.frankensicht.de\/index.php?rest_route=\/wp\/v2\/users\/7"}],"replies":[{"embeddable":true,"href":"https:\/\/www.frankensicht.de\/index.php?rest_route=%2Fwp%2Fv2%2Fcomments&post=9694"}],"version-history":[{"count":4,"href":"https:\/\/www.frankensicht.de\/index.php?rest_route=\/wp\/v2\/posts\/9694\/revisions"}],"predecessor-version":[{"id":9698,"href":"https:\/\/www.frankensicht.de\/index.php?rest_route=\/wp\/v2\/posts\/9694\/revisions\/9698"}],"wp:featuredmedia":[{"embeddable":true,"href":"https:\/\/www.frankensicht.de\/index.php?rest_route=\/wp\/v2\/media\/8882"}],"wp:attachment":[{"href":"https:\/\/www.frankensicht.de\/index.php?rest_route=%2Fwp%2Fv2%2Fmedia&parent=9694"}],"wp:term":[{"taxonomy":"category","embeddable":true,"href":"https:\/\/www.frankensicht.de\/index.php?rest_route=%2Fwp%2Fv2%2Fcategories&post=9694"},{"taxonomy":"post_tag","embeddable":true,"href":"https:\/\/www.frankensicht.de\/index.php?rest_route=%2Fwp%2Fv2%2Ftags&post=9694"}],"curies":[{"name":"wp","href":"https:\/\/api.w.org\/{rel}","templated":true}]}}