{"id":9682,"date":"2016-06-24T08:33:00","date_gmt":"2016-06-24T06:33:00","guid":{"rendered":"http:\/\/www.frankensicht.de\/?p=9682"},"modified":"2016-06-24T08:33:00","modified_gmt":"2016-06-24T06:33:00","slug":"20-jahre-bohemicum-regensburg-passau-grenzueberschreitende-netze-zwischen-bayern-und-boehmen-in-wissenschaft-und-forschung","status":"publish","type":"post","link":"https:\/\/www.frankensicht.de\/?p=9682","title":{"rendered":"20 Jahre Bohemicum Regensburg-Passau: Grenz\u00fcberschreitende Netze zwischen Bayern und B\u00f6hmen in Wissenschaft und Forschung"},"content":{"rendered":"<p><span style=\"color: #ff0000;\">Regensburg:<\/span><\/p>\n<p>20 Jahre Bohemicum Regensburg-Passau: Grenz\u00fcberschreitende Netze zwischen Bayern und B\u00f6hmen in Wissenschaft und Forschung &#8211; Wissenschaftsstaatssekret\u00e4r Sibler bei 20-j\u00e4hrigem Jubil\u00e4um<br \/>\n&#8222;Das Bohemicum Regensburg-Passau leistet einen wertvollen Beitrag zur Vertiefung der guten partnerschaftlichen Beziehungen zwischen Bayern und B\u00f6hmen&#8220;, betonte Wissenschaftsstaatssekret\u00e4r Bernd Sibler heute bei den Feierlichkeiten zum 20-j\u00e4hrigen Jubil\u00e4um des Bohemicums Regensburg-Passau an der Universit\u00e4t Regensburg. Der Staatssekret\u00e4r wies darauf hin, dass Bayern und B\u00f6hmen eine lange Tradition verbindet, die weit in die Zeit vor Kaiser Karl IV. reicht.<\/p>\n<p><a href=\"https:\/\/www.frankensicht.de\/?attachment_id=7610\" rel=\"attachment wp-att-7610\"><img loading=\"lazy\" decoding=\"async\" class=\"alignnone size-medium wp-image-7610\" src=\"https:\/\/www.frankensicht.de\/wp-content\/uploads\/2014\/09\/bayern-300x180.png\" alt=\"bayern\" width=\"300\" height=\"180\" srcset=\"https:\/\/www.frankensicht.de\/wp-content\/uploads\/2014\/09\/bayern-300x180.png 300w, https:\/\/www.frankensicht.de\/wp-content\/uploads\/2014\/09\/bayern.png 1000w\" sizes=\"auto, (max-width: 300px) 100vw, 300px\" \/><\/a><br \/>\n&#8222;Mit dem Fall des Eisernen Vorhangs waren die Voraussetzungen gegeben, alte Verbindungen wiederzubeleben und neue Kontakte zu kn\u00fcpfen. Das Bohemicum Regensburg-Passau zeigt uns eindrucksvoll, dass Wissenschaft und Forschung besonders geeignet sind, grenz\u00fcberschreitende Netze zu kn\u00fcpfen&#8220;, so der Staatssekret\u00e4r. Die zahlreichen Veranstaltungen des Bohemicums er\u00f6ffnen f\u00fcr ihn Einblicke in die Kultur und Gesellschaft des Nachbarn und f\u00f6rderten damit das gegenseitige Verst\u00e4ndnis \u00fcber Staatsgrenzen hinweg.<br \/>\nDas Bohemicum Regensburg-Passau ist in Forschung und Lehre t\u00e4tig. Es bietet neben Fachtagungen und kulturellen Veranstaltungen auch eine studienbegleitende Ausbildung zum Erwerb von Sprach- und Fachkompetenz im Tschechischen an. Partneruniversit\u00e4ten sind u. a. die Universit\u00e4ten in Brno und Prag. Beispielsweise koordiniert das Bohemicum Regensburg-Passau an der Universit\u00e4t Regensburg und an der Karlsuniversit\u00e4t Prag den binationalen Bachelorstudiengang &#8222;Deutsch-Tschechische Studien&#8220;. Zudem kooperiert es eng mit Forschungseinrichtungen wie BAYHOST (Bayerisches Hochschulzentrum. f\u00fcr Mittel-, Ost- und S\u00fcdosteuropa). 2015 wurde das Bohemicum mit dem Br\u00fcckenbauerpreis des Centrum Bavaria Bohemia f\u00fcr sein wegweisendes grenz\u00fcberschreitendes Engagement ausgezeichnet.<\/p>\n<p>Quelle:stbmw.bayern.de<\/p>\n","protected":false},"excerpt":{"rendered":"<p>Regensburg: 20 Jahre Bohemicum Regensburg-Passau: Grenz\u00fcberschreitende Netze zwischen Bayern und B\u00f6hmen in Wissenschaft und Forschung &#8211; Wissenschaftsstaatssekret\u00e4r Sibler bei 20-j\u00e4hrigem Jubil\u00e4um &#8222;Das Bohemicum Regensburg-Passau leistet einen wertvollen Beitrag zur Vertiefung der guten partnerschaftlichen Beziehungen zwischen Bayern und B\u00f6hmen&#8220;, betonte Wissenschaftsstaatssekret\u00e4r Bernd Sibler heute bei den Feierlichkeiten zum 20-j\u00e4hrigen Jubil\u00e4um des Bohemicums Regensburg-Passau an der Universit\u00e4t [&hellip;]<\/p>\n","protected":false},"author":7,"featured_media":7610,"comment_status":"closed","ping_status":"open","sticky":false,"template":"","format":"standard","meta":{"footnotes":""},"categories":[78,71],"tags":[2007],"class_list":["post-9682","post","type-post","status-publish","format-standard","has-post-thumbnail","hentry","category-bayern","category-menue","tag-bohemicum"],"_links":{"self":[{"href":"https:\/\/www.frankensicht.de\/index.php?rest_route=\/wp\/v2\/posts\/9682","targetHints":{"allow":["GET"]}}],"collection":[{"href":"https:\/\/www.frankensicht.de\/index.php?rest_route=\/wp\/v2\/posts"}],"about":[{"href":"https:\/\/www.frankensicht.de\/index.php?rest_route=\/wp\/v2\/types\/post"}],"author":[{"embeddable":true,"href":"https:\/\/www.frankensicht.de\/index.php?rest_route=\/wp\/v2\/users\/7"}],"replies":[{"embeddable":true,"href":"https:\/\/www.frankensicht.de\/index.php?rest_route=%2Fwp%2Fv2%2Fcomments&post=9682"}],"version-history":[{"count":2,"href":"https:\/\/www.frankensicht.de\/index.php?rest_route=\/wp\/v2\/posts\/9682\/revisions"}],"predecessor-version":[{"id":9684,"href":"https:\/\/www.frankensicht.de\/index.php?rest_route=\/wp\/v2\/posts\/9682\/revisions\/9684"}],"wp:featuredmedia":[{"embeddable":true,"href":"https:\/\/www.frankensicht.de\/index.php?rest_route=\/wp\/v2\/media\/7610"}],"wp:attachment":[{"href":"https:\/\/www.frankensicht.de\/index.php?rest_route=%2Fwp%2Fv2%2Fmedia&parent=9682"}],"wp:term":[{"taxonomy":"category","embeddable":true,"href":"https:\/\/www.frankensicht.de\/index.php?rest_route=%2Fwp%2Fv2%2Fcategories&post=9682"},{"taxonomy":"post_tag","embeddable":true,"href":"https:\/\/www.frankensicht.de\/index.php?rest_route=%2Fwp%2Fv2%2Ftags&post=9682"}],"curies":[{"name":"wp","href":"https:\/\/api.w.org\/{rel}","templated":true}]}}