{"id":9679,"date":"2016-06-23T08:16:27","date_gmt":"2016-06-23T06:16:27","guid":{"rendered":"http:\/\/www.frankensicht.de\/?p=9679"},"modified":"2016-06-23T08:16:27","modified_gmt":"2016-06-23T06:16:27","slug":"bund-bahn-und-bahnindustrie-unterzeichnen-strategie-schiene-digital","status":"publish","type":"post","link":"https:\/\/www.frankensicht.de\/?p=9679","title":{"rendered":"Bund, Bahn und Bahnindustrie unterzeichnen &#8222;Strategie Schiene Digital&#8220;"},"content":{"rendered":"<p><span style=\"color: #ff0000;\">Berlin:<\/span><\/p>\n<p>Bund, Bahn und Bahnindustrie unterzeichnen &#8222;Strategie Schiene Digital&#8220;<\/p>\n<p>Auf dem \u201eZukunftsforum Schiene Digital\u201c im BMVI am 22. Juni 2016 haben Bundesverkehrsminister Alexander Dobrindt, der Vorstandvorsitzende der DB AG, R\u00fcdiger Grube, und der Pr\u00e4sident des Verbandes der\u00a0Bahnindustrie, Volker Schenk, die &#8222;Strategie Schiene Digital&#8220; unterzeichnet.<\/p>\n<p>Alexander Dobrindt, Bundesverkehrsminister:<\/p>\n<p>Wir schmieden ein Zukunftsb\u00fcndnis f\u00fcr die digitale Mobilit\u00e4tsrevolution auf der Schiene. Die Bahn kann so das Verkehrsmittel des digitalen Zeitalters werden\u00a0&#8211; neben Arbeitsplatz und Wohnung, ein zus\u00e4tzlicher Ort zum Arbeiten und zur Kommunikation.<\/p>\n<p>R\u00fcdiger Grube, Vorstandsvorsitzender Deutsche Bahn AG:<\/p>\n<p>Bei der DB verstehen wir die digitalen Technologien und die neuen Kundenbed\u00fcrfnisse und Marktver\u00e4nderungen als Motor des Fortschritts. Mit der DB 4.0 arbeiten wir offensiv an drei Handlungsfeldern: Erstens an der Schnittstelle zum Kunden, um das Reisen einfacher, bequemer, flexibler und pers\u00f6nlicher zu machen. Zweitens an verbesserten internen Prozessen und Abl\u00e4ufen und drittens an der intelligenten Nutzung neuer, datenbasierter Gesch\u00e4ftsmodelle. Die Schiene geh\u00f6rt in Sachen Mobilit\u00e4t und Logistik zu den besten und innovativsten Adressen. Die gemeinsame &#8222;5-Punkte-Strategie Schiene Digital&#8220; schafft daf\u00fcr ganz entscheidende Grundlagen.\u201c<\/p>\n<p>Volker Schenk, Pr\u00e4sident des Verbandes der Bahnindustrie in Deutschland (VDB):<\/p>\n<p>Die Digitalisierung schafft die beste Schienenmobilit\u00e4t, die es je gab: noch klimaschonender, noch sicherer, noch wirtschaftlicher, noch leiser, noch komfortabler. Diesem Ziel folgen die Unternehmen der Bahnindustrie in Deutschland mit ihren Technologien. Die heute verabschiedete &#8222;5-Punkte-Strategie Schiene Digital&#8220; ist der Startschuss f\u00fcr den Innovationswettlauf auf der Schiene. Nationale Forschungsprogramme sollen nun digitale Innovationen auch im Eisenbahnverkehr deutlich und kraftvoll unterst\u00fctzen.<\/p>\n<p><a href=\"https:\/\/www.frankensicht.de\/?attachment_id=9657\" rel=\"attachment wp-att-9657\"><img loading=\"lazy\" decoding=\"async\" class=\"alignnone size-medium wp-image-9657\" src=\"https:\/\/www.frankensicht.de\/wp-content\/uploads\/2016\/06\/P1020523-300x225.jpg\" alt=\"P1020523\" width=\"300\" height=\"225\" srcset=\"https:\/\/www.frankensicht.de\/wp-content\/uploads\/2016\/06\/P1020523-300x225.jpg 300w, https:\/\/www.frankensicht.de\/wp-content\/uploads\/2016\/06\/P1020523.jpg 640w\" sizes=\"auto, (max-width: 300px) 100vw, 300px\" \/><\/a><\/p>\n<p>Die &#8222;Strategie Schiene Digital&#8220; enth\u00e4lt f\u00fcnf Punkte, mit denen Bund, Bahn und Bahnindustrie gemeinsam die Digitalisierung des Verkehrstr\u00e4gers Schiene vorantreiben:<\/p>\n<p>Investitionen auf Rekordniveau in Modernisierung und Digitalisierung<\/p>\n<p>Die Bundesmittel aus dem Investitionshochlauf von Minister Dobrindt steigen auf Rekordniveau\u00a0&#8211; bis 2020 auf j\u00e4hrlich mehr als 5\u00a0Milliarden Euro. Damit werden Modernisierung und Digitalisierung der Schiene vorangetrieben, insbesondere die europ\u00e4ische Leit- und Sicherungstechnik ETCS und elektronische Stellwerke.<\/p>\n<p>Kostenfreier Internetzugang \u00fcber WLAN in noch mehr Z\u00fcgen und Bahnh\u00f6fen<\/p>\n<p>Der Bund hat die Telekommunikationsunternehmen bei der Frequenzversteigerung 2015 (&#8222;Digitale Dividende II&#8220;) verpflichtet, eine fl\u00e4chendeckende Anbindung aller ICE-Strecken an mobiles Breitband sicherzustellen. Bis Ende des Jahres 2016 wird kostenfreier Internetzugang \u00fcber WLAN in allen ICE-Z\u00fcgen, auch in der 2. Klasse geschaffen. Gemeinsam mit den Mobilfunknetzbetreibern soll daf\u00fcr gesorgt werden, dass Reisende und weitere Nutzer der Schiene \u00fcberall und jederzeit Zugang zum mobilen Breitband haben.<\/p>\n<p>Forschung und Entwicklung<\/p>\n<p>Der Bund investiert 75 Millionen Euro in die Entwicklung digitaler Anwendungen zur Kapazit\u00e4tssteigerung auf der Schiene. Minister Dobrindt hat mit der mCLOUD ein offenes Datenportal gestartet, auf dem Entwicklern und Startups Millionen an Mobilit\u00e4ts-, Geo- und Wetterdaten zur Verf\u00fcgung gestellt werden. Mitdem mFUND werden zudem 100 Millionen Euro in die fr\u00fche Entwicklung digitaler Innovationen investiert.<\/p>\n<p>Automatisierung und Vernetzung<\/p>\n<p>Der Bund schafft die rechtlichen Rahmenbedingungen f\u00fcr das automatisierte und vernetzte Fahren auf der Schiene. Gemeinsam werden Pilotprojekte unter Realbedingungen gestartet, um innovative Konzepte zu b\u00fcndeln und international sichtbar zu machen. Mit der sukzessiven Automatisierung wird das System Schiene noch flexibler, energieeffizienter und zukunftsf\u00e4higer. Ziel ist, Deutschland zum internationalen Technologief\u00fchrer zu machen.<\/p>\n<p>Digitales Planen und Bauen bei Schieneninfrastrukturprojekten<\/p>\n<p>Das digitale Planen und Bauen wird bis 2020 zum Standard bei allen \u00f6ffentlichen Verkehrs-Infrastrukturprojekten. Minister Dobrindt hat daf\u00fcr einen Stufenplan entwickelt und zusammen mit der Deutschen Bahn Pilotprojekte gestartet. Gemeinsam sind wir Vorreiter f\u00fcr die Baustelle der Zukunft\u00a0&#8211; nach dem Grundsatz: erst digital, dann real bauen.<\/p>\n<p>Quelle: bmvi.bund.de<\/p>\n","protected":false},"excerpt":{"rendered":"<p>Berlin: Bund, Bahn und Bahnindustrie unterzeichnen &#8222;Strategie Schiene Digital&#8220; Auf dem \u201eZukunftsforum Schiene Digital\u201c im BMVI am 22. Juni 2016 haben Bundesverkehrsminister Alexander Dobrindt, der Vorstandvorsitzende der DB AG, R\u00fcdiger Grube, und der Pr\u00e4sident des Verbandes der\u00a0Bahnindustrie, Volker Schenk, die &#8222;Strategie Schiene Digital&#8220; unterzeichnet. Alexander Dobrindt, Bundesverkehrsminister: Wir schmieden ein Zukunftsb\u00fcndnis f\u00fcr die digitale Mobilit\u00e4tsrevolution [&hellip;]<\/p>\n","protected":false},"author":7,"featured_media":9657,"comment_status":"closed","ping_status":"open","sticky":false,"template":"","format":"standard","meta":{"footnotes":""},"categories":[44,3],"tags":[2006],"class_list":["post-9679","post","type-post","status-publish","format-standard","has-post-thumbnail","hentry","category-deutschland-2","category-news","tag-schine-digital"],"_links":{"self":[{"href":"https:\/\/www.frankensicht.de\/index.php?rest_route=\/wp\/v2\/posts\/9679","targetHints":{"allow":["GET"]}}],"collection":[{"href":"https:\/\/www.frankensicht.de\/index.php?rest_route=\/wp\/v2\/posts"}],"about":[{"href":"https:\/\/www.frankensicht.de\/index.php?rest_route=\/wp\/v2\/types\/post"}],"author":[{"embeddable":true,"href":"https:\/\/www.frankensicht.de\/index.php?rest_route=\/wp\/v2\/users\/7"}],"replies":[{"embeddable":true,"href":"https:\/\/www.frankensicht.de\/index.php?rest_route=%2Fwp%2Fv2%2Fcomments&post=9679"}],"version-history":[{"count":2,"href":"https:\/\/www.frankensicht.de\/index.php?rest_route=\/wp\/v2\/posts\/9679\/revisions"}],"predecessor-version":[{"id":9681,"href":"https:\/\/www.frankensicht.de\/index.php?rest_route=\/wp\/v2\/posts\/9679\/revisions\/9681"}],"wp:featuredmedia":[{"embeddable":true,"href":"https:\/\/www.frankensicht.de\/index.php?rest_route=\/wp\/v2\/media\/9657"}],"wp:attachment":[{"href":"https:\/\/www.frankensicht.de\/index.php?rest_route=%2Fwp%2Fv2%2Fmedia&parent=9679"}],"wp:term":[{"taxonomy":"category","embeddable":true,"href":"https:\/\/www.frankensicht.de\/index.php?rest_route=%2Fwp%2Fv2%2Fcategories&post=9679"},{"taxonomy":"post_tag","embeddable":true,"href":"https:\/\/www.frankensicht.de\/index.php?rest_route=%2Fwp%2Fv2%2Ftags&post=9679"}],"curies":[{"name":"wp","href":"https:\/\/api.w.org\/{rel}","templated":true}]}}