{"id":9500,"date":"2016-04-29T09:13:06","date_gmt":"2016-04-29T07:13:06","guid":{"rendered":"http:\/\/www.frankensicht.de\/?p=9500"},"modified":"2016-04-29T09:13:06","modified_gmt":"2016-04-29T07:13:06","slug":"20-euro-gedenkmuenze-500-jahre-reformation","status":"publish","type":"post","link":"https:\/\/www.frankensicht.de\/?p=9500","title":{"rendered":"20 Euro Gedenkm\u00fcnze &#8222;500 Jahre Reformation&#8220;"},"content":{"rendered":"<p><span style=\"color: #ff0000;\">Berlin:<\/span><\/p>\n<div class=\"article-header-wrapper\">\n<div class=\"article-header-wrapper-inner\">\n<div class=\"article-header-wrapper-box\">\n<div class=\"article-header\">\n<h4 class=\"isFirstInSlot\">20-Eu\u00adro-Ge\u00addenk\u00adm\u00fcn\u00adze \u201e500 Jah\u00adre Re\u00adfor\u00adma\u00adti\u00adon\u201c<\/h4>\n<\/div>\n<\/div>\n<\/div>\n<\/div>\n<div class=\"article-content-wrapper\">\n<div class=\"article-text-wrapper\">\n<div class=\"article-text singleview\">\n<p>Das Bundeskabinett hat heute beschlossen, eine 20-Euro-Gedenkm\u00fcnze \u201e500 Jahre Reformation\u201c pr\u00e4gen zu lassen und im ersten Halbjahr 2017 auszugeben. Martin Luthers Thesenanschlag im Jahr 1517 war der Auftakt zur Reformation \u2013 einem Ereignis, das die Weltgeschichte in Politik, Religion, Kultur und Gesellschaft ma\u00dfgeblich beeinflusst hat.<br \/>\n<q>Der Bundesminister der Finanzen Dr. Wolfgang Sch\u00e4uble: \u201eDie Frage nach dem Verh\u00e4ltnis von Religion, Kultur und Politik ist auch heute wieder hochaktuell. Martin Luther und seine Reformation haben Europa gelehrt, mit religi\u00f6ser Vielfalt umzugehen. Unser modernes Menschenbild mit der eigenen W\u00fcrde und Verantwortung des Einzelnen hat hier seine Wurzeln. Dass wir heute in Deutschland in einer freiheitlichen, pluralistischen Demokratie leben k\u00f6nnen, ist auch Luthers Verdienst.\u201c<\/q><\/p>\n<p><a href=\"https:\/\/www.frankensicht.de\/?attachment_id=9502\" rel=\"attachment wp-att-9502\"><img loading=\"lazy\" decoding=\"async\" class=\"alignnone size-medium wp-image-9502\" src=\"https:\/\/www.frankensicht.de\/wp-content\/uploads\/2016\/04\/2017-500-Jahre-Reformation.jpgjsessionid97B1947B18F13C6CDE484C452DECE61B-300x169.jpeg\" alt=\"2017-500-Jahre-Reformation.jpg;jsessionid=97B1947B18F13C6CDE484C452DECE61B\" width=\"300\" height=\"169\" srcset=\"https:\/\/www.frankensicht.de\/wp-content\/uploads\/2016\/04\/2017-500-Jahre-Reformation.jpgjsessionid97B1947B18F13C6CDE484C452DECE61B-300x169.jpeg 300w, https:\/\/www.frankensicht.de\/wp-content\/uploads\/2016\/04\/2017-500-Jahre-Reformation.jpgjsessionid97B1947B18F13C6CDE484C452DECE61B-768x432.jpeg 768w, https:\/\/www.frankensicht.de\/wp-content\/uploads\/2016\/04\/2017-500-Jahre-Reformation.jpgjsessionid97B1947B18F13C6CDE484C452DECE61B-384x217.jpeg 384w, https:\/\/www.frankensicht.de\/wp-content\/uploads\/2016\/04\/2017-500-Jahre-Reformation.jpgjsessionid97B1947B18F13C6CDE484C452DECE61B.jpeg 877w\" sizes=\"auto, (max-width: 300px) 100vw, 300px\" \/><\/a><\/p>\n<p>@bundesfinanzministerium.de<\/p>\n<p>Der Entwurf der M\u00fcnze stammt von dem K\u00fcnstler Patrick Niesel aus Schwaig. In der Begr\u00fcndung der Jury hei\u00dft es:<br \/>\n<em>\u201eDer Entwurf zeichnet sich durch eine eigenst\u00e4ndige visuelle Umsetzung des Themas \u201a500 Jahre Reformation\u2018 aus. Das Antlitz Luthers ist aus dem Gem\u00e4lde Lucas Cranachs d.\u00c4. von 1529 \u00fcbernommen, erscheint aber zugleich in einer zeitgen\u00f6ssischen Interpretation. Das Portr\u00e4t des Reformators und der Text der 95 Thesen treten gleichwertig in Erscheinung. Die lineare Darstellung des Luther-Antlitzes unterstreicht in ihrer Modernit\u00e4t die Relevanz des Ereignisses f\u00fcr unsere Gegenwart; die als Textur erscheinenden Fragmente aus den 95 Thesen betonen die epochale Bedeutung der Reformation. Die Komposition von Typografie und Motiv ist sowohl auf der Bild- als auch auf der Wertseite hervorragend gelungen. Die ebenfalls zeichenhaft angelegte Adlerfigur erscheint in w\u00fcrdiger Darstellung.\u201c<\/em><\/p>\n<p>Die Wertseite zeigt einen Adler, den Schriftzug \u201eBUNDESREPUBLIK DEUTSCHLAND\u201c, Wertziffer und Wertbezeichnung, das Pr\u00e4gezeichen \u201eA\u201c der Staatlichen M\u00fcnze Berlin, die Jahreszahl 2017 sowie die zw\u00f6lf Europasterne. Zus\u00e4tzlich ist die Angabe \u201eSILBER 925\u201c aufgepr\u00e4gt.<br \/>\nDer glatte M\u00fcnzrand enth\u00e4lt in vertiefter Pr\u00e4gung die Inschrift:<\/p>\n<p class=\"center\">\u201eHIER STEHE ICH, ICH KANN NICHT ANDERS\u201c<\/p>\n<p>Die 20-Euro-M\u00fcnze soll in den beiden Pr\u00e4gequalit\u00e4ten Stempelglanz und Spiegelglanz in einer Legierung von 925 Tausendteilen Silber und 75 Tausendteilen Kupfer hergestellt werden. Sie hat eine Masse von 18 g und einen Durchmesser von 32,5 mm.<\/p>\n<p>Die M\u00fcnzen in der Pr\u00e4gequalit\u00e4t Stempelglanz werden zum Nennwert (20 Euro) \u00fcber die Deutsche Bundesbank in den Verkehr gebracht. Die Ausgabe der M\u00fcnzen in der Sammlerqualit\u00e4t Spiegelglanz erfolgt zu einem \u00fcber dem Nennwert liegenden Verkaufspreis. Die Verkaufsstelle f\u00fcr Sammlerm\u00fcnzen der Bundesrepublik Deutschland (VfS) wird \u00fcber den genauen Preis und die konkreten Bestellmodalit\u00e4ten rechtzeitig vor Ausgabe der M\u00fcnze informieren.<\/p>\n<p>Quelle: BUndesfinanzminiterium.de<\/p>\n<\/div>\n<\/div>\n<\/div>\n<p>&nbsp;<\/p>\n","protected":false},"excerpt":{"rendered":"<p>Berlin: 20-Eu\u00adro-Ge\u00addenk\u00adm\u00fcn\u00adze \u201e500 Jah\u00adre Re\u00adfor\u00adma\u00adti\u00adon\u201c Das Bundeskabinett hat heute beschlossen, eine 20-Euro-Gedenkm\u00fcnze \u201e500 Jahre Reformation\u201c pr\u00e4gen zu lassen und im ersten Halbjahr 2017 auszugeben. Martin Luthers Thesenanschlag im Jahr 1517 war der Auftakt zur Reformation \u2013 einem Ereignis, das die Weltgeschichte in Politik, Religion, Kultur und Gesellschaft ma\u00dfgeblich beeinflusst hat. Der Bundesminister der Finanzen Dr. [&hellip;]<\/p>\n","protected":false},"author":7,"featured_media":9502,"comment_status":"closed","ping_status":"open","sticky":false,"template":"","format":"standard","meta":{"footnotes":""},"categories":[44,3],"tags":[1961],"class_list":["post-9500","post","type-post","status-publish","format-standard","has-post-thumbnail","hentry","category-deutschland-2","category-news","tag-20-euro-gedenkmuenze"],"_links":{"self":[{"href":"https:\/\/www.frankensicht.de\/index.php?rest_route=\/wp\/v2\/posts\/9500","targetHints":{"allow":["GET"]}}],"collection":[{"href":"https:\/\/www.frankensicht.de\/index.php?rest_route=\/wp\/v2\/posts"}],"about":[{"href":"https:\/\/www.frankensicht.de\/index.php?rest_route=\/wp\/v2\/types\/post"}],"author":[{"embeddable":true,"href":"https:\/\/www.frankensicht.de\/index.php?rest_route=\/wp\/v2\/users\/7"}],"replies":[{"embeddable":true,"href":"https:\/\/www.frankensicht.de\/index.php?rest_route=%2Fwp%2Fv2%2Fcomments&post=9500"}],"version-history":[{"count":4,"href":"https:\/\/www.frankensicht.de\/index.php?rest_route=\/wp\/v2\/posts\/9500\/revisions"}],"predecessor-version":[{"id":9505,"href":"https:\/\/www.frankensicht.de\/index.php?rest_route=\/wp\/v2\/posts\/9500\/revisions\/9505"}],"wp:featuredmedia":[{"embeddable":true,"href":"https:\/\/www.frankensicht.de\/index.php?rest_route=\/wp\/v2\/media\/9502"}],"wp:attachment":[{"href":"https:\/\/www.frankensicht.de\/index.php?rest_route=%2Fwp%2Fv2%2Fmedia&parent=9500"}],"wp:term":[{"taxonomy":"category","embeddable":true,"href":"https:\/\/www.frankensicht.de\/index.php?rest_route=%2Fwp%2Fv2%2Fcategories&post=9500"},{"taxonomy":"post_tag","embeddable":true,"href":"https:\/\/www.frankensicht.de\/index.php?rest_route=%2Fwp%2Fv2%2Ftags&post=9500"}],"curies":[{"name":"wp","href":"https:\/\/api.w.org\/{rel}","templated":true}]}}