{"id":9489,"date":"2016-04-26T08:18:24","date_gmt":"2016-04-26T06:18:24","guid":{"rendered":"http:\/\/www.frankensicht.de\/?p=9489"},"modified":"2016-04-26T08:18:24","modified_gmt":"2016-04-26T06:18:24","slug":"weisser-engel","status":"publish","type":"post","link":"https:\/\/www.frankensicht.de\/?p=9489","title":{"rendered":"Weisser Engel"},"content":{"rendered":"<p><span style=\"color: #ff0000;\">M\u00fcnchen:<\/span><\/p>\n<p>Huml verleiht &#8222;Wei\u00dfen Engel&#8220; an engagierte Oberfranken &#8211; Bayerns Gesundheitsministerin: Vorbildlicher Einsatz von Ehrenamtlichen im Bereich der Gesundheit und Pflege<\/p>\n<p>Bayerns Gesundheits- und Pflegeministerin Melanie Huml hat am Montag in Bayreuth zehn B\u00fcrgerinnen und B\u00fcrgern aus Oberfranken die Auszeichnung &#8222;Wei\u00dfer Engel&#8220; verliehen. Damit wurde deren langj\u00e4hriges ehrenamtliches Engagement im Gesundheit- und Pflegebereich gew\u00fcrdigt. Huml betonte: &#8222;Ich bin sehr dankbar, dass es Menschen gibt, die f\u00fcr andere da sind und helfen, wenn sie gebraucht werden. Daf\u00fcr geb\u00fcrt ihnen Respekt und Anerkennung.&#8220;<\/p>\n<p>Die Auszeichnung &#8222;Wei\u00dfer Engel&#8220; wird in jedem Regierungsbezirk verliehen &#8211; diesmal in Oberfranken. Huml unterstrich: &#8222;Die Aufgaben unserer ,Wei\u00dfen Engel&#8216; sind vielf\u00e4ltig &#8211; und doch haben sie eines gemeinsam: Unsere ,Engel&#8216; schenken Zeit, Kraft und Energie &#8211; und vor allem Herzblut. Sie alle machen das nicht beruflich, sondern aus Berufung. Bleiben Sie unsere Engel auf Erden in Oberfranken &amp;ndash; und geben Sie Ihre Begeisterung, Gutes zu tun, auch an andere Menschen weiter!&#8220;<\/p>\n<p>Die Ministerin f\u00fcgte hinzu: &#8222;In Bayern hat das Ehrenamt einen hohen Stellenwert. Das gilt besonders f\u00fcr die Bereiche Gesundheit und Pflege. Mehr als ein Drittel der Menschen ab 14 Jahren engagiert sich f\u00fcr das Gemeinwohl. Das sind fast vier Millionen B\u00fcrgerinnen und B\u00fcrger, die sich au\u00dferhalb ihres Berufs f\u00fcr andere einsetzen. Dieses Engagement macht unser Bayern auch so lebenswert!&#8220;<\/p>\n<p><a href=\"https:\/\/www.frankensicht.de\/?attachment_id=4951\" rel=\"attachment wp-att-4951\"><img loading=\"lazy\" decoding=\"async\" class=\"alignnone size-medium wp-image-4951\" src=\"https:\/\/www.frankensicht.de\/wp-content\/uploads\/2013\/01\/krankenhaus-300x187.jpg\" alt=\"krankenhaus\" width=\"300\" height=\"187\" srcset=\"https:\/\/www.frankensicht.de\/wp-content\/uploads\/2013\/01\/krankenhaus-300x187.jpg 300w, https:\/\/www.frankensicht.de\/wp-content\/uploads\/2013\/01\/krankenhaus.jpg 640w\" sizes=\"auto, (max-width: 300px) 100vw, 300px\" \/><\/a><\/p>\n<p>Die Geehrten engagierten sich etwa als Patientenf\u00fcrsprecher, in der Rehabilitation von Schlaganfallpatienten, in Besuchsdiensten, Selbsthilfegruppen, als Hospiz- oder Trauerbegleiter.<\/p>\n<p>Mit dem &#8222;Wei\u00dfen Engel&#8220; wurden ausgezeichnet:<br \/>\nMarina Fraas, Hauptwohnsitz: Dresden, Nebenwohnsitz: Helmbrechts<\/p>\n<p>Ingrid Hofmann, Litzendorf<\/p>\n<p>Klaus Hohlweg, Bayreuth<\/p>\n<p>Elfriede Jungblut, Burgebrach<\/p>\n<p>Sabine K\u00e4stle, Bayreuth<\/p>\n<p>Ursula Kufky, Hof<\/p>\n<p>Heidrun Marek, R\u00f6dental<\/p>\n<p>Irene Pilz, R\u00f6dental<\/p>\n<p>Petra Weber, Ahorn<\/p>\n<p>Dr. Peter Witton, Kronach<\/p>\n<p>Quelle:stmgp.bayern.de<\/p>\n","protected":false},"excerpt":{"rendered":"<p>M\u00fcnchen: Huml verleiht &#8222;Wei\u00dfen Engel&#8220; an engagierte Oberfranken &#8211; Bayerns Gesundheitsministerin: Vorbildlicher Einsatz von Ehrenamtlichen im Bereich der Gesundheit und Pflege Bayerns Gesundheits- und Pflegeministerin Melanie Huml hat am Montag in Bayreuth zehn B\u00fcrgerinnen und B\u00fcrgern aus Oberfranken die Auszeichnung &#8222;Wei\u00dfer Engel&#8220; verliehen. Damit wurde deren langj\u00e4hriges ehrenamtliches Engagement im Gesundheit- und Pflegebereich gew\u00fcrdigt. Huml [&hellip;]<\/p>\n","protected":false},"author":7,"featured_media":4951,"comment_status":"closed","ping_status":"open","sticky":false,"template":"","format":"standard","meta":{"footnotes":""},"categories":[78,71],"tags":[1960],"class_list":["post-9489","post","type-post","status-publish","format-standard","has-post-thumbnail","hentry","category-bayern","category-menue","tag-weisser-engel"],"_links":{"self":[{"href":"https:\/\/www.frankensicht.de\/index.php?rest_route=\/wp\/v2\/posts\/9489","targetHints":{"allow":["GET"]}}],"collection":[{"href":"https:\/\/www.frankensicht.de\/index.php?rest_route=\/wp\/v2\/posts"}],"about":[{"href":"https:\/\/www.frankensicht.de\/index.php?rest_route=\/wp\/v2\/types\/post"}],"author":[{"embeddable":true,"href":"https:\/\/www.frankensicht.de\/index.php?rest_route=\/wp\/v2\/users\/7"}],"replies":[{"embeddable":true,"href":"https:\/\/www.frankensicht.de\/index.php?rest_route=%2Fwp%2Fv2%2Fcomments&post=9489"}],"version-history":[{"count":2,"href":"https:\/\/www.frankensicht.de\/index.php?rest_route=\/wp\/v2\/posts\/9489\/revisions"}],"predecessor-version":[{"id":9491,"href":"https:\/\/www.frankensicht.de\/index.php?rest_route=\/wp\/v2\/posts\/9489\/revisions\/9491"}],"wp:featuredmedia":[{"embeddable":true,"href":"https:\/\/www.frankensicht.de\/index.php?rest_route=\/wp\/v2\/media\/4951"}],"wp:attachment":[{"href":"https:\/\/www.frankensicht.de\/index.php?rest_route=%2Fwp%2Fv2%2Fmedia&parent=9489"}],"wp:term":[{"taxonomy":"category","embeddable":true,"href":"https:\/\/www.frankensicht.de\/index.php?rest_route=%2Fwp%2Fv2%2Fcategories&post=9489"},{"taxonomy":"post_tag","embeddable":true,"href":"https:\/\/www.frankensicht.de\/index.php?rest_route=%2Fwp%2Fv2%2Ftags&post=9489"}],"curies":[{"name":"wp","href":"https:\/\/api.w.org\/{rel}","templated":true}]}}