{"id":9479,"date":"2016-04-23T08:47:37","date_gmt":"2016-04-23T06:47:37","guid":{"rendered":"http:\/\/www.frankensicht.de\/?p=9479"},"modified":"2016-04-23T08:47:37","modified_gmt":"2016-04-23T06:47:37","slug":"landshuter-hofmusiktage-2016","status":"publish","type":"post","link":"https:\/\/www.frankensicht.de\/?p=9479","title":{"rendered":"Landshuter Hofmusiktage 2016:"},"content":{"rendered":"<p><span style=\"color: #ff0000;\">Landshut:<\/span><\/p>\n<p>Landshuter Hofmusiktage 2016: Bayerns Kunststaatssekret\u00e4r Sibler bei Er\u00f6ffnung im historischen Rathausprunksaal &#8211; Musikalische Br\u00fccken zwischen j\u00fcdischer, christlicher und islamischer Kultur<br \/>\n&#8222;Die Hofmusiktage zeigen eindrucksvoll, wie Geschichte in der Gegenwart erfahrbar und erlebbar werden kann. Landshut schl\u00e4gt in den kommenden zehn Tagen k\u00fcnstlerische Br\u00fccken zwischen j\u00fcdischer, christlicher und islamischer Kultur&#8220;, w\u00fcrdigte Kunststaatssekret\u00e4r Bernd Sibler in Vertretung von Staatsminister Dr. Ludwig Spaenle das Europ\u00e4ische Festival Alter Musik bei der Er\u00f6ffnung heute Abend im historischen Rathausprunksaal der Stadt. Staatssekret\u00e4r Sibler sagte weiter: &#8222;Die Sprache der Musik ist einzigartig: Sie wird von allen Menschen verstanden. Das diesj\u00e4hrige Motto &amp;sbquo;Gerusalemme liberata&#8216; vom &amp;sbquo;befreiten Israel&#8216; ist besonders geeignet, Menschen \u00fcber Grenzen von Kultur und Religion hinweg anzusprechen.&#8220;<\/p>\n<p><a href=\"https:\/\/www.frankensicht.de\/?attachment_id=9483\" rel=\"attachment wp-att-9483\"><img loading=\"lazy\" decoding=\"async\" class=\"alignnone size-medium wp-image-9483\" src=\"https:\/\/www.frankensicht.de\/wp-content\/uploads\/2016\/04\/P1020751-300x225.jpg\" alt=\"P1020751\" width=\"300\" height=\"225\" srcset=\"https:\/\/www.frankensicht.de\/wp-content\/uploads\/2016\/04\/P1020751-300x225.jpg 300w, https:\/\/www.frankensicht.de\/wp-content\/uploads\/2016\/04\/P1020751.jpg 640w\" sizes=\"auto, (max-width: 300px) 100vw, 300px\" \/><\/a><\/p>\n<p>Judentum, Christentum und Islam musikalisch zu verschmelzen, ist der k\u00fcnstlerische Leitgedanke der Landshuter Hofmusiktage, die vom 21. April bis zum 1. Mai 2016 zum 18. Mal inszeniert werden. International renommierte Solisten und Ensembles aus ganz Europa stehen seit mehr als drei Jahrzehnten f\u00fcr dieses Festival Alter Musik. Die Stadt im Herzen Niederbayerns mit ihren bedeutenden Bauwerken aus Mittelalter, Renaissance und Barock bietet den idealen Rahmen f\u00fcr die Auff\u00fchrung von Musik aus dieser Zeit. Das Er\u00f6ffnungskonzert im Rathausprunksaal bildete einen eindrucksvollen Auftakt: Es ist Tradition, dass das Vokalensemble &#8222;ad libitum&#8220; die Landshuter Hofmusiktage musikalisch er\u00f6ffnet. &#8222;Wenn bedeutende Musiker Noten von Komponisten vergangener Zeiten so spielen, dass damit ein gro\u00dfes Publikum unserer Zeit gefesselt wird, entsteht etwas Neues: Geschichte wird zur Gegenwart&#8220;, betonte Staatssekret\u00e4r Sibler.<\/p>\n<p>Quelle:stmbw.bayern.de<\/p>\n","protected":false},"excerpt":{"rendered":"<p>Landshut: Landshuter Hofmusiktage 2016: Bayerns Kunststaatssekret\u00e4r Sibler bei Er\u00f6ffnung im historischen Rathausprunksaal &#8211; Musikalische Br\u00fccken zwischen j\u00fcdischer, christlicher und islamischer Kultur &#8222;Die Hofmusiktage zeigen eindrucksvoll, wie Geschichte in der Gegenwart erfahrbar und erlebbar werden kann. Landshut schl\u00e4gt in den kommenden zehn Tagen k\u00fcnstlerische Br\u00fccken zwischen j\u00fcdischer, christlicher und islamischer Kultur&#8220;, w\u00fcrdigte Kunststaatssekret\u00e4r Bernd Sibler in [&hellip;]<\/p>\n","protected":false},"author":7,"featured_media":9483,"comment_status":"closed","ping_status":"open","sticky":false,"template":"","format":"standard","meta":{"footnotes":""},"categories":[78,71],"tags":[1958],"class_list":["post-9479","post","type-post","status-publish","format-standard","has-post-thumbnail","hentry","category-bayern","category-menue","tag-hofmusiktage"],"_links":{"self":[{"href":"https:\/\/www.frankensicht.de\/index.php?rest_route=\/wp\/v2\/posts\/9479","targetHints":{"allow":["GET"]}}],"collection":[{"href":"https:\/\/www.frankensicht.de\/index.php?rest_route=\/wp\/v2\/posts"}],"about":[{"href":"https:\/\/www.frankensicht.de\/index.php?rest_route=\/wp\/v2\/types\/post"}],"author":[{"embeddable":true,"href":"https:\/\/www.frankensicht.de\/index.php?rest_route=\/wp\/v2\/users\/7"}],"replies":[{"embeddable":true,"href":"https:\/\/www.frankensicht.de\/index.php?rest_route=%2Fwp%2Fv2%2Fcomments&post=9479"}],"version-history":[{"count":4,"href":"https:\/\/www.frankensicht.de\/index.php?rest_route=\/wp\/v2\/posts\/9479\/revisions"}],"predecessor-version":[{"id":9484,"href":"https:\/\/www.frankensicht.de\/index.php?rest_route=\/wp\/v2\/posts\/9479\/revisions\/9484"}],"wp:featuredmedia":[{"embeddable":true,"href":"https:\/\/www.frankensicht.de\/index.php?rest_route=\/wp\/v2\/media\/9483"}],"wp:attachment":[{"href":"https:\/\/www.frankensicht.de\/index.php?rest_route=%2Fwp%2Fv2%2Fmedia&parent=9479"}],"wp:term":[{"taxonomy":"category","embeddable":true,"href":"https:\/\/www.frankensicht.de\/index.php?rest_route=%2Fwp%2Fv2%2Fcategories&post=9479"},{"taxonomy":"post_tag","embeddable":true,"href":"https:\/\/www.frankensicht.de\/index.php?rest_route=%2Fwp%2Fv2%2Ftags&post=9479"}],"curies":[{"name":"wp","href":"https:\/\/api.w.org\/{rel}","templated":true}]}}