{"id":9476,"date":"2016-04-22T08:12:03","date_gmt":"2016-04-22T06:12:03","guid":{"rendered":"http:\/\/www.frankensicht.de\/?p=9476"},"modified":"2016-04-22T08:12:03","modified_gmt":"2016-04-22T06:12:03","slug":"sieben-bayerische-solarparks-erhalten-zuschlag","status":"publish","type":"post","link":"https:\/\/www.frankensicht.de\/?p=9476","title":{"rendered":"Sieben bayerische Solarparks erhalten Zuschlag"},"content":{"rendered":"<p><span style=\"color: #ff0000;\">M\u00fcnchen:<\/span><\/p>\n<p>Sieben bayerische Solarparks erhalten Zuschlag<\/p>\n<p>Aigner: &#8222;Bayern ist Sonnenstromland. Diesen Weg setzen wir jetzt erfolgreich fort.&#8220;<\/p>\n<p>Seit dem vergangenen Jahr schreibt die Bundesnetzagentur j\u00e4hrlich in drei Runden Photovoltaik-Freifl\u00e4chenanlagen aus. Bieter aus dem Freistaat sind dabei sehr erfolgreich. Bayerns Energieministerin Ilse Aigner: Sieben von 21 Zuschl\u00e4gen und mehr als 47 MW der insgesamt ausgeschriebenen 128 MW gehen nach Bayern. Bei der Anzahl der Zuschl\u00e4ge liegen wir auf Platz eins, bei der vergebenen Leistung auf Platz 2. Das ist ein gro\u00dfer Erfolg. Die Ministerin f\u00fchrt dies insbesondere darauf zur\u00fcck, dass bei der aktuellen Ausschreibung Ackerfl\u00e4chen in benachteiligten Gebieten ber\u00fccksichtigt wurden. &amp;bdquo;Der Photovoltaik-Ausbau kann nicht nur auf Konversionsfl\u00e4chen und Seitenrandstreifen erfolgen. Dadurch wird Bayern stark benachteiligt. Wenn wir die Energiewende ernst nehmen, brauchen wir mehr Flexibilit\u00e4t bei der Auswahl der Fl\u00e4chen, etwa im Fall schlechter B\u00f6den. Auch, um einen regional ausgewogenen Ausbau der erneuerbaren Energie zu erm\u00f6glichen, so die Ministerin weiter.<\/p>\n<p><a href=\"https:\/\/www.frankensicht.de\/?attachment_id=7477\" rel=\"attachment wp-att-7477\"><img loading=\"lazy\" decoding=\"async\" class=\"alignnone size-medium wp-image-7477\" src=\"https:\/\/www.frankensicht.de\/wp-content\/uploads\/2014\/08\/P1020626-300x225.jpg\" alt=\"P1020626\" width=\"300\" height=\"225\" srcset=\"https:\/\/www.frankensicht.de\/wp-content\/uploads\/2014\/08\/P1020626-300x225.jpg 300w, https:\/\/www.frankensicht.de\/wp-content\/uploads\/2014\/08\/P1020626.jpg 640w\" sizes=\"auto, (max-width: 300px) 100vw, 300px\" \/><\/a><\/p>\n<p>Aigner sieht zudem noch Handlungsbedarf hinsichtlich B\u00fcrgerenergieanlagen. Akteursvielfalt sei ein wichtiges Kriterium f\u00fcr eine erfolgreiche Energiewende. Bei der aktuellen Ausschreibung kamen weder Einzelpersonen noch Genossenschaften zum Zuge. B\u00fcrgerenergieanlagen tragen zur regionalen Wertsch\u00f6pfung bei und steigern die Akzeptanz vor Ort. Ich fordere daher technologie\u00fcbergreifend eine Zuschlagsgarantie f\u00fcr B\u00fcrgerenergie.<\/p>\n<p>Quelle:stmwi.bayern.de<\/p>\n","protected":false},"excerpt":{"rendered":"<p>M\u00fcnchen: Sieben bayerische Solarparks erhalten Zuschlag Aigner: &#8222;Bayern ist Sonnenstromland. Diesen Weg setzen wir jetzt erfolgreich fort.&#8220; Seit dem vergangenen Jahr schreibt die Bundesnetzagentur j\u00e4hrlich in drei Runden Photovoltaik-Freifl\u00e4chenanlagen aus. Bieter aus dem Freistaat sind dabei sehr erfolgreich. Bayerns Energieministerin Ilse Aigner: Sieben von 21 Zuschl\u00e4gen und mehr als 47 MW der insgesamt ausgeschriebenen 128 [&hellip;]<\/p>\n","protected":false},"author":7,"featured_media":8920,"comment_status":"closed","ping_status":"open","sticky":false,"template":"","format":"standard","meta":{"footnotes":""},"categories":[78,383,71],"tags":[1957],"class_list":["post-9476","post","type-post","status-publish","format-standard","has-post-thumbnail","hentry","category-bayern","category-energie","category-menue","tag-solarparks"],"_links":{"self":[{"href":"https:\/\/www.frankensicht.de\/index.php?rest_route=\/wp\/v2\/posts\/9476","targetHints":{"allow":["GET"]}}],"collection":[{"href":"https:\/\/www.frankensicht.de\/index.php?rest_route=\/wp\/v2\/posts"}],"about":[{"href":"https:\/\/www.frankensicht.de\/index.php?rest_route=\/wp\/v2\/types\/post"}],"author":[{"embeddable":true,"href":"https:\/\/www.frankensicht.de\/index.php?rest_route=\/wp\/v2\/users\/7"}],"replies":[{"embeddable":true,"href":"https:\/\/www.frankensicht.de\/index.php?rest_route=%2Fwp%2Fv2%2Fcomments&post=9476"}],"version-history":[{"count":2,"href":"https:\/\/www.frankensicht.de\/index.php?rest_route=\/wp\/v2\/posts\/9476\/revisions"}],"predecessor-version":[{"id":9478,"href":"https:\/\/www.frankensicht.de\/index.php?rest_route=\/wp\/v2\/posts\/9476\/revisions\/9478"}],"wp:featuredmedia":[{"embeddable":true,"href":"https:\/\/www.frankensicht.de\/index.php?rest_route=\/wp\/v2\/media\/8920"}],"wp:attachment":[{"href":"https:\/\/www.frankensicht.de\/index.php?rest_route=%2Fwp%2Fv2%2Fmedia&parent=9476"}],"wp:term":[{"taxonomy":"category","embeddable":true,"href":"https:\/\/www.frankensicht.de\/index.php?rest_route=%2Fwp%2Fv2%2Fcategories&post=9476"},{"taxonomy":"post_tag","embeddable":true,"href":"https:\/\/www.frankensicht.de\/index.php?rest_route=%2Fwp%2Fv2%2Ftags&post=9476"}],"curies":[{"name":"wp","href":"https:\/\/api.w.org\/{rel}","templated":true}]}}