{"id":9460,"date":"2016-04-18T11:11:11","date_gmt":"2016-04-18T09:11:11","guid":{"rendered":"http:\/\/www.frankensicht.de\/?p=9460"},"modified":"2016-04-18T11:11:11","modified_gmt":"2016-04-18T09:11:11","slug":"einweihung-des-neubaus-des-amtsgerichts-guenzburg","status":"publish","type":"post","link":"https:\/\/www.frankensicht.de\/?p=9460","title":{"rendered":"Einweihung des Neubaus des Amtsgerichts G\u00fcnzburg"},"content":{"rendered":"<p><span style=\"color: #ff0000;\">M\u00fcnchen:<\/span><\/p>\n<p>Bayerns Justizminister Prof. Dr. Bausback bei der Einweihung des Neubaus des Amtsgerichts G\u00fcnzburg \/ &#8222;Kein allt\u00e4gliches Ereignis und ein gro\u00dfer Gewinn f\u00fcr B\u00fcrger und Justiz in G\u00fcnzburg!&#8220;<br \/>\nNach nur knapp dreij\u00e4hriger Bauzeit wird heute das neue Amtsgerichtsgeb\u00e4ude in G\u00fcnzburg feierlich seiner Bestimmung \u00fcbergeben. Bayerns Justizminister Prof. Dr. Winfried Bausback hebt in seiner Festrede hervor: &#8222;Die Einweihung eines nagelneuen Gerichtsgeb\u00e4udes ist wahrlich kein allt\u00e4gliches Ereignis. Das neue Amtsgericht ist ein gro\u00dfer Gewinn &#8211; nicht nur f\u00fcr die G\u00fcnzburger Justiz, sondern f\u00fcr alle B\u00fcrgerinnen und B\u00fcrger! Es ist mir daher eine gro\u00dfe Ehre, heute mit Ihnen gemeinsam die Einweihung zu feiern!&#8220;<\/p>\n<p><a href=\"https:\/\/www.frankensicht.de\/?attachment_id=1410\" rel=\"attachment wp-att-1410\"><img loading=\"lazy\" decoding=\"async\" class=\"alignnone size-medium wp-image-1410\" src=\"https:\/\/www.frankensicht.de\/wp-content\/uploads\/2012\/05\/paragraf-300x187.jpg\" alt=\"paragraf\" width=\"300\" height=\"187\" srcset=\"https:\/\/www.frankensicht.de\/wp-content\/uploads\/2012\/05\/paragraf-300x187.jpg 300w, https:\/\/www.frankensicht.de\/wp-content\/uploads\/2012\/05\/paragraf.jpg 640w\" sizes=\"auto, (max-width: 300px) 100vw, 300px\" \/><\/a><\/p>\n<p>Die gut 16 Millionen Euro, die die Justiz in G\u00fcnzburg in die Hand genommen habe, seien bestens investiert und ein starkes Signal f\u00fcr die Region Schwaben, so Bayerns Justizminister. Er spricht daher allen Beteiligten, die zum Gelingen des Neubaus beigetragen haben, seinen herzlichen Dank aus: &#8222;Von den Kolleginnen und Kollegen im Bayerischen Landtag, \u00fcber die Verantwortlichen vor Ort, das Architekturb\u00fcro, die Mitarbeiterinnen und Mitarbeiter des staatlichen Bauamtes in Krumbach bis hin zu den Handwerkern auf der Baustelle: Alle Beteiligten haben Hand in Hand und v\u00f6llig reibungslos zusammengearbeitet. Eine z\u00fcgiger umgesetzte Bauma\u00dfnahme ist mir kaum bekannt.&#8220;<\/p>\n<p>Bausback wendet sich auch an die Mitarbeiterinnen und Mitarbeiter des Amtsgerichts: &#8222;Jede und jeder einzelne von Ihnen wird das neue Amtsgerichtsgeb\u00e4ude nun mit Leben erf\u00fcllen. Nicht zuletzt deshalb liegt mir eine angenehme Arbeitsumgebung f\u00fcr Sie sehr am Herzen. Wenn ich mich hier umsehe, wei\u00df ich, dass uns das hier in G\u00fcnzburg vorbildlich gelungen ist. Ich bin sicher: Sie, lieber Herr Direktor Henle und alle Mitarbeiterinnen und Mitarbeiter des Amtsgerichts, werden sich im neuen, gro\u00dfz\u00fcgigen Gerichtsgeb\u00e4ude sehr wohl f\u00fchlen.&#8220;<\/p>\n<p>Bayerns Justizminister abschlie\u00dfend: &#8222;&#8218;Justiz ist f\u00fcr die Menschen da&#8216; &#8211; dieses Motto der bayerischen Justiz gilt auch und gerade beim Bau von Justizgeb\u00e4uden. Ich meine, wir k\u00f6nnen das heute hier G\u00fcnzburg ganz besonders eindrucksvoll erleben. Ich kann die G\u00fcnzburger B\u00fcrgerinnen und B\u00fcrger sowie die Mitarbeiterinnen und Mitarbeiter des Amtsgerichts zu ihrem neuen Gerichtsgeb\u00e4ude daher nur herzlich begl\u00fcckw\u00fcnschen!&amp;ldquo;<br \/>\nHintergrund:<br \/>\nSeit Juni 2013 errichtete der Freistaat Bayern in G\u00fcnzburg f\u00fcr rund 16 Millionen Euro ein neues Amtsgerichtsgeb\u00e4ude. Die bisherige Unterbringung im sog. Stadtschloss und in einem Mietgeb\u00e4ude entsprach nicht mehr den Anforderungen an ein modernes Gerichtsgeb\u00e4ude.<br \/>\nDer Neubau &#8211; ein Bauk\u00f6rper mit kubischen Grundformen und einer Nutzfl\u00e4che von ca. 2.800 Quadratmetern &#8211; ist in seiner H\u00f6henentwicklung abgestuft und f\u00fcgt sich gut in die topographische Situation und die umliegende Bebauung ein. Er verzahnt gleichsam die &#8222;Ober-&#8220; mit der &#8222;Unterstadt&#8220;. Das Geb\u00e4ude besteht aus einem dreigeschossigen Kopfbau, in dem sich der Eingangsbereich und die \u00f6ffentlich zug\u00e4nglichen Sitzungss\u00e4le befinden. Hinter dem Kopfbau liegt ein langgestreckter flacher Bauk\u00f6rper, der im Erdgeschoss an den Eingangsbereich angebunden ist. Dort sowie in den darunterliegenden, in den Hang geschobenen Sockelgeschossen ist der nicht\u00f6ffentliche B\u00fcrobereich untergebracht. Begr\u00fcnte Lichth\u00f6fe bringen Tageslicht in die Erschlie\u00dfungszonen und die B\u00fcror\u00e4ume.<\/p>\n<p>Quelle:stmj.bayern.de<\/p>\n","protected":false},"excerpt":{"rendered":"<p>M\u00fcnchen: Bayerns Justizminister Prof. Dr. Bausback bei der Einweihung des Neubaus des Amtsgerichts G\u00fcnzburg \/ &#8222;Kein allt\u00e4gliches Ereignis und ein gro\u00dfer Gewinn f\u00fcr B\u00fcrger und Justiz in G\u00fcnzburg!&#8220; Nach nur knapp dreij\u00e4hriger Bauzeit wird heute das neue Amtsgerichtsgeb\u00e4ude in G\u00fcnzburg feierlich seiner Bestimmung \u00fcbergeben. Bayerns Justizminister Prof. Dr. Winfried Bausback hebt in seiner Festrede hervor: [&hellip;]<\/p>\n","protected":false},"author":7,"featured_media":1410,"comment_status":"closed","ping_status":"open","sticky":false,"template":"","format":"standard","meta":{"footnotes":""},"categories":[78,71],"tags":[1950],"class_list":["post-9460","post","type-post","status-publish","format-standard","has-post-thumbnail","hentry","category-bayern","category-menue","tag-amtsgericht-guenzburg"],"_links":{"self":[{"href":"https:\/\/www.frankensicht.de\/index.php?rest_route=\/wp\/v2\/posts\/9460","targetHints":{"allow":["GET"]}}],"collection":[{"href":"https:\/\/www.frankensicht.de\/index.php?rest_route=\/wp\/v2\/posts"}],"about":[{"href":"https:\/\/www.frankensicht.de\/index.php?rest_route=\/wp\/v2\/types\/post"}],"author":[{"embeddable":true,"href":"https:\/\/www.frankensicht.de\/index.php?rest_route=\/wp\/v2\/users\/7"}],"replies":[{"embeddable":true,"href":"https:\/\/www.frankensicht.de\/index.php?rest_route=%2Fwp%2Fv2%2Fcomments&post=9460"}],"version-history":[{"count":3,"href":"https:\/\/www.frankensicht.de\/index.php?rest_route=\/wp\/v2\/posts\/9460\/revisions"}],"predecessor-version":[{"id":9463,"href":"https:\/\/www.frankensicht.de\/index.php?rest_route=\/wp\/v2\/posts\/9460\/revisions\/9463"}],"wp:featuredmedia":[{"embeddable":true,"href":"https:\/\/www.frankensicht.de\/index.php?rest_route=\/wp\/v2\/media\/1410"}],"wp:attachment":[{"href":"https:\/\/www.frankensicht.de\/index.php?rest_route=%2Fwp%2Fv2%2Fmedia&parent=9460"}],"wp:term":[{"taxonomy":"category","embeddable":true,"href":"https:\/\/www.frankensicht.de\/index.php?rest_route=%2Fwp%2Fv2%2Fcategories&post=9460"},{"taxonomy":"post_tag","embeddable":true,"href":"https:\/\/www.frankensicht.de\/index.php?rest_route=%2Fwp%2Fv2%2Ftags&post=9460"}],"curies":[{"name":"wp","href":"https:\/\/api.w.org\/{rel}","templated":true}]}}