{"id":9451,"date":"2016-04-15T09:13:25","date_gmt":"2016-04-15T07:13:25","guid":{"rendered":"http:\/\/www.frankensicht.de\/?p=9451"},"modified":"2016-04-15T09:13:25","modified_gmt":"2016-04-15T07:13:25","slug":"globale-umweltfragen-regional-loesen-internationale-expertentagung-eroeffnet","status":"publish","type":"post","link":"https:\/\/www.frankensicht.de\/?p=9451","title":{"rendered":"Globale Umweltfragen regional l\u00f6sen. Internationale Expertentagung er\u00f6ffnet"},"content":{"rendered":"<p><span style=\"color: #ff0000;\">M\u00fcnchen:<\/span><\/p>\n<p>Scharf: Globale Umweltfragen regional l\u00f6sen<br \/>\nInternationale Expertentagung er\u00f6ffnet<\/p>\n<p>Die Gefahren und Risiken des Klimawandels, einer wachsenden Weltbev\u00f6lkerung und der zunehmenden Globalisierung sind zentrale Herausforderungen f\u00fcr die Weltgemeinschaft. Das betonte die Bayerische Umweltministerin Ulrike Scharf bei der Er\u00f6ffnung der diesj\u00e4hrigen internationalen Expertentagung des &#8222;Institute for Earth System Preservation&#8220; (IESP) zu aktuellen globalen Umweltfragen. &#8222;Komplexe Zusammenh\u00e4nge erkennen und bestehende Risiken analysieren &amp;ndash; das ist die Grundlage, um mit den enormen Herausforderungen der Zukunft angemessen umzugehen. Gleichzeitig m\u00fcssen wir Wege finden, wie wir Risiken begrenzen oder weitgehend vermeiden k\u00f6nnen&#8220;, so Scharf. Speziell die Folgen des Klimawandels werden die Staaten zuk\u00fcnftig intensiv fordern. Scharf: &#8222;Der Klimawandel ist eine der gr\u00f6\u00dften Herausforderungen unserer Zeit. Um den Auswirkungen entgegen zu treten, bedarf es einer globalen Anstrengung aller Staaten. Bayern geht hier mit gutem Beispiel voran. Wir haben uns zum Ziel gesetzt, den Aussto\u00df von Treibhausgasen bis 2050 auf zwei Tonnen pro Kopf und Jahr zu reduzieren. Wir m\u00fcssen regional handeln, um einen Anstieg klimasch\u00e4dlicher Gase zu bremsen und den Weg in die Zukunft zu gehen. Wir m\u00fcssen uns fr\u00fchzeitig und umfassend auf die Risiken der Erderw\u00e4rmung vorbereiten.&#8220;<\/p>\n<p><a href=\"https:\/\/www.frankensicht.de\/?attachment_id=3481\" rel=\"attachment wp-att-3481\"><img loading=\"lazy\" decoding=\"async\" class=\"alignnone size-medium wp-image-3481\" src=\"https:\/\/www.frankensicht.de\/wp-content\/uploads\/2012\/07\/computer-300x225.jpg\" alt=\"computer\" width=\"300\" height=\"225\" srcset=\"https:\/\/www.frankensicht.de\/wp-content\/uploads\/2012\/07\/computer-300x225.jpg 300w, https:\/\/www.frankensicht.de\/wp-content\/uploads\/2012\/07\/computer.jpg 500w\" sizes=\"auto, (max-width: 300px) 100vw, 300px\" \/><\/a><\/p>\n<p>Die Bayerische Klimapolitik hat zum Ziel, Klimaschutz und -anpassung in allen Lebensbereichen zu verankern. Sie basiert auf f\u00fcnf S\u00e4ulen: Der Minderung von Treibhausgasemissionen, der regionalen Anpassung an die Folgen des Klimawandels, dem Ausbau der Forschung, der inl\u00e4ndischen Vernetzung sowie der St\u00e4rkung der Bayerischen Klima-Allianz. Ein wichtiger Baustein ist dabei das Klimaprogramm Bayern 2050. Beispiele sind Initiativen bei der Energieeinsparung von Geb\u00e4uden oder die l\u00e4nder\u00fcbergreifende Kooperation der Umweltforschungsstation Schneefernerhaus. Eine entscheidende Ma\u00dfnahme zur Vorbereitung auf den Klimawandel ist das bayerische Hochwasserschutz-Aktionsprogramm 2020plus. Mit 3,4 Milliarden Euro Investitionen bis 2021 soll Bayern im Hinblick auf drohende Wetterextreme klimafest gemacht werden.<\/p>\n<p>Die Expertengruppe um IESP ist ein internationales Netzwerk zur Entwicklung ganzheitlicher L\u00f6sungsans\u00e4tze f\u00fcr grenz\u00fcberschreitende Umweltkrisen in Bayern. Die Gruppe hat seit 2008 eine Wissensbr\u00fccke zwischen Natur-, Ingenieurs- und Geisteswissenschaftlern aufgebaut. Das Bayerische Umweltministerium unterst\u00fctzt dabei das Projekt &#8222;Entwicklung von Methoden zur L\u00f6sung grenz\u00fcberschreitender Umweltkrisen&#8220;. Dabei sollen Antworten darauf gefunden werden, wie die lebenserhaltenden Funktionen des Erdsystems in der richtigen Balance gehalten werden k\u00f6nnen. Die IESP-Expertengruppe engagiert sich erfolgreich bei der Vermittlung von wissenschaftlich fundierten Informationen an die \u00d6ffentlichkeit und politische Entscheidungstr\u00e4ger. Sie liefert damit einen wichtigen Beitrag zur nachhaltigen Entwicklung Bayerns und Europas. Die Aktivit\u00e4ten des Vorhabens werden zielgerichtet in Abstimmung mit dem Bayerischen Umweltministerium durchgef\u00fchrt.<\/p>\n<p>Quelle:stmuv.bayern.de<\/p>\n","protected":false},"excerpt":{"rendered":"<p>M\u00fcnchen: Scharf: Globale Umweltfragen regional l\u00f6sen Internationale Expertentagung er\u00f6ffnet Die Gefahren und Risiken des Klimawandels, einer wachsenden Weltbev\u00f6lkerung und der zunehmenden Globalisierung sind zentrale Herausforderungen f\u00fcr die Weltgemeinschaft. Das betonte die Bayerische Umweltministerin Ulrike Scharf bei der Er\u00f6ffnung der diesj\u00e4hrigen internationalen Expertentagung des &#8222;Institute for Earth System Preservation&#8220; (IESP) zu aktuellen globalen Umweltfragen. &#8222;Komplexe Zusammenh\u00e4nge [&hellip;]<\/p>\n","protected":false},"author":7,"featured_media":4631,"comment_status":"closed","ping_status":"open","sticky":false,"template":"","format":"standard","meta":{"footnotes":""},"categories":[78,71],"tags":[1949],"class_list":["post-9451","post","type-post","status-publish","format-standard","has-post-thumbnail","hentry","category-bayern","category-menue","tag-umweltfragen"],"_links":{"self":[{"href":"https:\/\/www.frankensicht.de\/index.php?rest_route=\/wp\/v2\/posts\/9451","targetHints":{"allow":["GET"]}}],"collection":[{"href":"https:\/\/www.frankensicht.de\/index.php?rest_route=\/wp\/v2\/posts"}],"about":[{"href":"https:\/\/www.frankensicht.de\/index.php?rest_route=\/wp\/v2\/types\/post"}],"author":[{"embeddable":true,"href":"https:\/\/www.frankensicht.de\/index.php?rest_route=\/wp\/v2\/users\/7"}],"replies":[{"embeddable":true,"href":"https:\/\/www.frankensicht.de\/index.php?rest_route=%2Fwp%2Fv2%2Fcomments&post=9451"}],"version-history":[{"count":3,"href":"https:\/\/www.frankensicht.de\/index.php?rest_route=\/wp\/v2\/posts\/9451\/revisions"}],"predecessor-version":[{"id":9454,"href":"https:\/\/www.frankensicht.de\/index.php?rest_route=\/wp\/v2\/posts\/9451\/revisions\/9454"}],"wp:featuredmedia":[{"embeddable":true,"href":"https:\/\/www.frankensicht.de\/index.php?rest_route=\/wp\/v2\/media\/4631"}],"wp:attachment":[{"href":"https:\/\/www.frankensicht.de\/index.php?rest_route=%2Fwp%2Fv2%2Fmedia&parent=9451"}],"wp:term":[{"taxonomy":"category","embeddable":true,"href":"https:\/\/www.frankensicht.de\/index.php?rest_route=%2Fwp%2Fv2%2Fcategories&post=9451"},{"taxonomy":"post_tag","embeddable":true,"href":"https:\/\/www.frankensicht.de\/index.php?rest_route=%2Fwp%2Fv2%2Ftags&post=9451"}],"curies":[{"name":"wp","href":"https:\/\/api.w.org\/{rel}","templated":true}]}}