{"id":9446,"date":"2016-04-16T08:10:38","date_gmt":"2016-04-16T06:10:38","guid":{"rendered":"http:\/\/www.frankensicht.de\/?p=9446"},"modified":"2016-04-16T08:10:38","modified_gmt":"2016-04-16T06:10:38","slug":"neue-wanderausstellung-zum-thema-leben-mit-demenz-in-bamberg-gestartet","status":"publish","type":"post","link":"https:\/\/www.frankensicht.de\/?p=9446","title":{"rendered":"Neue Wanderausstellung zum Thema &#8222;Leben mit Demenz&#8220; in Bamberg gestartet"},"content":{"rendered":"<p><span style=\"color: #ff0000;\">M\u00fcnchen:<\/span><\/p>\n<p>Neue Wanderausstellung zum Thema &#8222;Leben mit Demenz&#8220; in Bamberg gestartet &#8211; Bayerns Gesundheits- und Pflegeministerin Huml: Menschen mit Demenz d\u00fcrfen nicht ausgegrenzt werden<\/p>\n<p>Eine neue Wanderausstellung des Bayerischen Gesundheits- und Pflegeministeriums informiert seit dem Donnerstag \u00fcber das Leben mit Demenz. Der erste Ausstellungsort ist Bamberg. Bayerns Gesundheits- und Pflegeministerin Melanie Huml betonte anl\u00e4sslich der Er\u00f6ffnung: &#8222;Menschen mit Demenz d\u00fcrfen nicht ausgegrenzt werden. Wir m\u00fcssen vielmehr daf\u00fcr sorgen, dass ihnen ein Leben in der Mitte unserer Gesellschaft erm\u00f6glicht wird. Die Ausstellung soll dazu beitragen, Menschen mit Demenz besser zu verstehen. Sie gibt auch Tipps zum Umgang mit Demenzkranken.&#8220;<\/p>\n<p><a href=\"https:\/\/www.frankensicht.de\/?attachment_id=9449\" rel=\"attachment wp-att-9449\"><img loading=\"lazy\" decoding=\"async\" class=\"alignnone size-medium wp-image-9449\" src=\"https:\/\/www.frankensicht.de\/wp-content\/uploads\/2016\/04\/demenz-300x225.jpg\" alt=\"demenz\" width=\"300\" height=\"225\" srcset=\"https:\/\/www.frankensicht.de\/wp-content\/uploads\/2016\/04\/demenz-300x225.jpg 300w, https:\/\/www.frankensicht.de\/wp-content\/uploads\/2016\/04\/demenz-768x576.jpg 768w, https:\/\/www.frankensicht.de\/wp-content\/uploads\/2016\/04\/demenz-1024x768.jpg 1024w\" sizes=\"auto, (max-width: 300px) 100vw, 300px\" \/><\/a><\/p>\n<p>Die Ministerin f\u00fcgte hinzu: &#8222;Ein wichtiges Handlungsfeld der Bayerischen Demenzstrategie ist es, \u00fcber die Krankheit zu informieren und das Thema aus der Tabuzone herauszuholen. Unsere neue Wanderausstellung &#8218;Was geht. Was bleibt. Leben mit Demenz&#8216; ist Teil dieser Aufkl\u00e4rungsarbeit. Dabei wird den Besucherinnen und Besuchern \u00fcber Alltagsgegenst\u00e4nde die Lebenswirklichkeit der an Demenz erkrankten Menschen nahegebracht. Nach der ersten Station hier in Bamberg wird die Ausstellung noch an vielen weiteren Orten in ganz Bayern zu sehen sein.&#8220;<\/p>\n<p>Derzeit leben in Bayern etwa 220.000 Menschen mit einer Demenzerkrankung. Bis zum Jahr 2020 ist mit einem Anstieg auf circa 270.000 zu rechnen, wenn das Erkrankungsrisiko auf dem bisherigen Niveau bleibt. Bis zum Jahr 2032 w\u00fcrde sich demnach die Zahl der Demenzkranken sogar auf rund 340.000 erh\u00f6hen. Circa 70 Prozent der Betroffenen werden derzeit zu Hause gepflegt &#8211; die \u00fcbrigen leben in Pflegeheimen, einige auch in ambulant betreuten Wohngemeinschaften.<\/p>\n<p>Huml unterstrich: &#8222;Am Thema Demenz kommt in unserer alternden Gesellschaft keiner vorbei. Es handelt sich dabei um weit mehr als eine pflegerische und medizinische Herausforderung. Die Bayerische Demenzstrategie hat das Ziel, die Lebensqualit\u00e4t f\u00fcr Erkrankte und pflegende Angeh\u00f6rige zu verbessern sowie die W\u00fcrde, Selbstbestimmung und Teilhabe in allen Phasen der Erkrankung zu erhalten.&#8220;<\/p>\n<p>Die Ministerin erl\u00e4uterte: &#8222;Unsere Demenzstrategie schlie\u00dft bewusst alle Lebensbereiche mit ein. Wir wollen sowohl eine bedarfsgerechte Versorgung der Erkrankten sicherstellen als auch einen positiven Bewusstseinswandel in der Gesellschaft zum Thema Demenz unterst\u00fctzen.&#8220;<\/p>\n<p>Der Freistaat f\u00f6rdert im Rahmen der Bayerischen Demenzstrategie zahlreiche Projekte und Angebote. Ein Beispiel ist der Ausbau von Betreuungsangeboten f\u00fcr Demenzkranke, die zu Hause gepflegt werden. Ferner werden Ma\u00dfnahmen zur demenzgerechten Innen- und Au\u00dfenraumgestaltung von Kurzzeit-, Tages- und Nachtpflegeeinrichtungen gef\u00f6rdert. F\u00fcr Betroffene erm\u00f6glichen diese Versorgungsformen ein m\u00f6glichst langes Verbleiben in den eigenen vier W\u00e4nden &#8211; und f\u00fcr pflegende Angeh\u00f6rige bieten sie eine wichtige Entlastung.<\/p>\n<p>Mehr Informationen zur Bayerischen Demenzstrategie unter:<\/p>\n<p>http:\/\/www.stmgp.bayern.de\/pflege\/demenz\/<\/p>\n<p>Quelle:stmgp.bayern.de<\/p>\n","protected":false},"excerpt":{"rendered":"<p>M\u00fcnchen: Neue Wanderausstellung zum Thema &#8222;Leben mit Demenz&#8220; in Bamberg gestartet &#8211; Bayerns Gesundheits- und Pflegeministerin Huml: Menschen mit Demenz d\u00fcrfen nicht ausgegrenzt werden Eine neue Wanderausstellung des Bayerischen Gesundheits- und Pflegeministeriums informiert seit dem Donnerstag \u00fcber das Leben mit Demenz. Der erste Ausstellungsort ist Bamberg. Bayerns Gesundheits- und Pflegeministerin Melanie Huml betonte anl\u00e4sslich der [&hellip;]<\/p>\n","protected":false},"author":7,"featured_media":9449,"comment_status":"closed","ping_status":"open","sticky":false,"template":"","format":"standard","meta":{"footnotes":""},"categories":[78,71],"tags":[205],"class_list":["post-9446","post","type-post","status-publish","format-standard","has-post-thumbnail","hentry","category-bayern","category-menue","tag-demenz"],"_links":{"self":[{"href":"https:\/\/www.frankensicht.de\/index.php?rest_route=\/wp\/v2\/posts\/9446","targetHints":{"allow":["GET"]}}],"collection":[{"href":"https:\/\/www.frankensicht.de\/index.php?rest_route=\/wp\/v2\/posts"}],"about":[{"href":"https:\/\/www.frankensicht.de\/index.php?rest_route=\/wp\/v2\/types\/post"}],"author":[{"embeddable":true,"href":"https:\/\/www.frankensicht.de\/index.php?rest_route=\/wp\/v2\/users\/7"}],"replies":[{"embeddable":true,"href":"https:\/\/www.frankensicht.de\/index.php?rest_route=%2Fwp%2Fv2%2Fcomments&post=9446"}],"version-history":[{"count":3,"href":"https:\/\/www.frankensicht.de\/index.php?rest_route=\/wp\/v2\/posts\/9446\/revisions"}],"predecessor-version":[{"id":9450,"href":"https:\/\/www.frankensicht.de\/index.php?rest_route=\/wp\/v2\/posts\/9446\/revisions\/9450"}],"wp:featuredmedia":[{"embeddable":true,"href":"https:\/\/www.frankensicht.de\/index.php?rest_route=\/wp\/v2\/media\/9449"}],"wp:attachment":[{"href":"https:\/\/www.frankensicht.de\/index.php?rest_route=%2Fwp%2Fv2%2Fmedia&parent=9446"}],"wp:term":[{"taxonomy":"category","embeddable":true,"href":"https:\/\/www.frankensicht.de\/index.php?rest_route=%2Fwp%2Fv2%2Fcategories&post=9446"},{"taxonomy":"post_tag","embeddable":true,"href":"https:\/\/www.frankensicht.de\/index.php?rest_route=%2Fwp%2Fv2%2Ftags&post=9446"}],"curies":[{"name":"wp","href":"https:\/\/api.w.org\/{rel}","templated":true}]}}