{"id":9442,"date":"2016-04-14T08:06:09","date_gmt":"2016-04-14T06:06:09","guid":{"rendered":"http:\/\/www.frankensicht.de\/?p=9442"},"modified":"2016-04-14T08:06:09","modified_gmt":"2016-04-14T06:06:09","slug":"mehr-perspektiven-fuer-leben-auf-dem-land","status":"publish","type":"post","link":"https:\/\/www.frankensicht.de\/?p=9442","title":{"rendered":"Mehr Perspektiven f\u00fcr Leben auf dem Land"},"content":{"rendered":"<p><span style=\"color: #ff0000;\">Berlin:<\/span><\/p>\n<p>Schmidt: Mehr Perspektiven f\u00fcr Leben auf dem Land<br \/>\nBundesregierung st\u00e4rkt mit GAK-Erweiterung den l\u00e4ndlichen Raum<\/p>\n<p><a href=\"https:\/\/www.frankensicht.de\/?attachment_id=8045\" rel=\"attachment wp-att-8045\"><img loading=\"lazy\" decoding=\"async\" class=\"alignnone size-medium wp-image-8045\" src=\"https:\/\/www.frankensicht.de\/wp-content\/uploads\/2015\/01\/kuehe-300x225.jpg\" alt=\"kuehe\" width=\"300\" height=\"225\" srcset=\"https:\/\/www.frankensicht.de\/wp-content\/uploads\/2015\/01\/kuehe-300x225.jpg 300w, https:\/\/www.frankensicht.de\/wp-content\/uploads\/2015\/01\/kuehe.jpg 640w\" sizes=\"auto, (max-width: 300px) 100vw, 300px\" \/><\/a><\/p>\n<p>Das Bundeskabinett hat heute den Entwurf des Vierten Gesetzes zur \u00c4nderung des Gesetzes \u00fcber die Gemeinschaftsaufgabe &#8222;Verbesserung der Agrarstruktur und des K\u00fcstenschutzes&#8220; (GAK) beschlossen. Dazu erkl\u00e4rt Bundeslandwirtschaftsminister Christian Schmidt:<br \/>\n&#8222;Mit dem neuen GAK-Gesetz erweitern wir das F\u00f6rderspektrum von agrarbezogenen Ma\u00dfnahmen auf Ma\u00dfnahmen f\u00fcr die l\u00e4ndliche Entwicklung insgesamt. Durch die zus\u00e4tzlichen F\u00f6rderm\u00f6glichkeiten von Infrastruktur und Kleinstbetrieben werden wir die l\u00e4ndlichen R\u00e4ume weiter voranbringen. Mein Ziel ist es, Perspektiven zu schaffen f\u00fcr die Menschen in l\u00e4ndlichen Regionen. Um gleichwertige Lebensverh\u00e4ltnisse zwischen Stadt und Land zu schaffen, brauchen wir gezielte F\u00f6rderung auch dort, wo der Markt alleine es nicht richten kann. Diese M\u00f6glichkeiten haben wir mit dem neuen Gesetz geschaffen. Damit st\u00e4rken wir erneut den l\u00e4ndlichen Raum.<br \/>\nWir wollen uns auf die Ma\u00dfnahmen konzentrieren, die f\u00fcr die Gesamtheit von Bedeutung sind. Im Fokus stehen Regionen, in denen der Einkauf, die Fahrt zur Schule oder der Arztbesuch zum echten H\u00fcrdenlauf werden. Wir werden dort ansetzen, wo die Wege besonders weit und beschwerlich sind und der demographische Wandel seine Spuren hinterlassen hat. Diese zus\u00e4tzlichen Aufgaben ben\u00f6tigen zus\u00e4tzliches Geld. Deshalb ist es gut und richtig, dass der Deutsche Bundestag die Investitionsmittel in diesem Jahr um 30 Millionen und in den Folgejahren um jeweils 60 Millionen Euro aufgestockt hat.&#8220;<\/p>\n<p>Quelle:bmel.bund.de<\/p>\n","protected":false},"excerpt":{"rendered":"<p>Berlin: Schmidt: Mehr Perspektiven f\u00fcr Leben auf dem Land Bundesregierung st\u00e4rkt mit GAK-Erweiterung den l\u00e4ndlichen Raum Das Bundeskabinett hat heute den Entwurf des Vierten Gesetzes zur \u00c4nderung des Gesetzes \u00fcber die Gemeinschaftsaufgabe &#8222;Verbesserung der Agrarstruktur und des K\u00fcstenschutzes&#8220; (GAK) beschlossen. Dazu erkl\u00e4rt Bundeslandwirtschaftsminister Christian Schmidt: &#8222;Mit dem neuen GAK-Gesetz erweitern wir das F\u00f6rderspektrum von agrarbezogenen [&hellip;]<\/p>\n","protected":false},"author":7,"featured_media":8045,"comment_status":"closed","ping_status":"open","sticky":false,"template":"","format":"standard","meta":{"footnotes":""},"categories":[44,3],"tags":[1948],"class_list":["post-9442","post","type-post","status-publish","format-standard","has-post-thumbnail","hentry","category-deutschland-2","category-news","tag-leben-auf-dem-land"],"_links":{"self":[{"href":"https:\/\/www.frankensicht.de\/index.php?rest_route=\/wp\/v2\/posts\/9442","targetHints":{"allow":["GET"]}}],"collection":[{"href":"https:\/\/www.frankensicht.de\/index.php?rest_route=\/wp\/v2\/posts"}],"about":[{"href":"https:\/\/www.frankensicht.de\/index.php?rest_route=\/wp\/v2\/types\/post"}],"author":[{"embeddable":true,"href":"https:\/\/www.frankensicht.de\/index.php?rest_route=\/wp\/v2\/users\/7"}],"replies":[{"embeddable":true,"href":"https:\/\/www.frankensicht.de\/index.php?rest_route=%2Fwp%2Fv2%2Fcomments&post=9442"}],"version-history":[{"count":2,"href":"https:\/\/www.frankensicht.de\/index.php?rest_route=\/wp\/v2\/posts\/9442\/revisions"}],"predecessor-version":[{"id":9444,"href":"https:\/\/www.frankensicht.de\/index.php?rest_route=\/wp\/v2\/posts\/9442\/revisions\/9444"}],"wp:featuredmedia":[{"embeddable":true,"href":"https:\/\/www.frankensicht.de\/index.php?rest_route=\/wp\/v2\/media\/8045"}],"wp:attachment":[{"href":"https:\/\/www.frankensicht.de\/index.php?rest_route=%2Fwp%2Fv2%2Fmedia&parent=9442"}],"wp:term":[{"taxonomy":"category","embeddable":true,"href":"https:\/\/www.frankensicht.de\/index.php?rest_route=%2Fwp%2Fv2%2Fcategories&post=9442"},{"taxonomy":"post_tag","embeddable":true,"href":"https:\/\/www.frankensicht.de\/index.php?rest_route=%2Fwp%2Fv2%2Ftags&post=9442"}],"curies":[{"name":"wp","href":"https:\/\/api.w.org\/{rel}","templated":true}]}}