{"id":9439,"date":"2016-04-11T12:41:27","date_gmt":"2016-04-11T10:41:27","guid":{"rendered":"http:\/\/www.frankensicht.de\/?p=9439"},"modified":"2016-04-11T12:41:27","modified_gmt":"2016-04-11T10:41:27","slug":"archivneubau-des-amtsgerichts-lichtenfels","status":"publish","type":"post","link":"https:\/\/www.frankensicht.de\/?p=9439","title":{"rendered":"Archivneubau des Amtsgerichts Lichtenfels"},"content":{"rendered":"<p><span style=\"color: #ff0000;\">Lichtenfels:<\/span><\/p>\n<p>Bayerns Justizminister gibt Startschuss f\u00fcr den Archivneubau des Amtsgerichts Lichtenfels \/ Bausback: &#8222;Gut funktionierende Justiz setzt gute Rahmenbedingungen f\u00fcr ihre Arbeit voraus!&#8220;<br \/>\nBayerns Justizminister Prof. Dr. Winfried Bausback gibt heute in Lichtenfels den Startschuss f\u00fcr den Neubau des Archivgeb\u00e4udes des Amtsgerichts Lichtenfels. Bausback zu diesem Anlass: &#8222;Der Freistaat Bayern investiert f\u00fcr den Archivneubau rund eine Million Euro. Das ist ein starkes Signal f\u00fcr den Justizstandort Lichtenfels!&#8220; Nach Regenf\u00e4llen im Jahr 2013 war Grundwasser in die Kellerr\u00e4ume des Amtsgerichts eingedrungen. Aufgrund massiver Feuchtigkeitsprobleme konnte der Keller seither nicht mehr als Archivraum genutzt werden. &#8222;Rund 1.600 laufende Regalmeter Akten mussten &#8222;evakuiert&#8220; und in einem provisorischen Containerkomplex ausgelagert werden. Der Neubau ist also dringend erforderlich, damit Akten und weitere wichtige Dokumente bald wieder sicher und dauerhaft gelagert werden k\u00f6nnen&#8220;, so Bayerns Justizminister.<\/p>\n<p><a href=\"https:\/\/www.frankensicht.de\/?attachment_id=1410\" rel=\"attachment wp-att-1410\"><img loading=\"lazy\" decoding=\"async\" class=\"alignnone size-medium wp-image-1410\" src=\"https:\/\/www.frankensicht.de\/wp-content\/uploads\/2012\/05\/paragraf-300x187.jpg\" alt=\"paragraf\" width=\"300\" height=\"187\" srcset=\"https:\/\/www.frankensicht.de\/wp-content\/uploads\/2012\/05\/paragraf-300x187.jpg 300w, https:\/\/www.frankensicht.de\/wp-content\/uploads\/2012\/05\/paragraf.jpg 640w\" sizes=\"auto, (max-width: 300px) 100vw, 300px\" \/><\/a><\/p>\n<p>In dem eingeschossigen Neubau entstehen auf einer Nutzfl\u00e4che von ca. 250 m\u00b2 neben den Archivfl\u00e4chen auch dringend ben\u00f6tigte B\u00fcror\u00e4ume f\u00fcr das Grundbuchamt sowie eine moderne Einsichtsstelle. Voraussichtlich im Jahr 2017 wird das Geb\u00e4ude den Bediensteten zur Verf\u00fcgung stehen und bestm\u00f6gliche Arbeitsbedingungen bieten.<\/p>\n<p>Bausback abschlie\u00dfend: &#8222;Das Geld ist bestens investiert! Denn eine gut funktionierende Justiz setzt auch gute Rahmenbedingungen f\u00fcr ihre Arbeit voraus. Bei allen, die an der Planung des Bauvorhabens mitgewirkt haben, m\u00f6chte ich mich herzlich bedanken. Und dem Projekt w\u00fcnsche ich einen guten Verlauf!&#8220;<\/p>\n<p>Quelle:stmj.bayern.de<\/p>\n","protected":false},"excerpt":{"rendered":"<p>Lichtenfels: Bayerns Justizminister gibt Startschuss f\u00fcr den Archivneubau des Amtsgerichts Lichtenfels \/ Bausback: &#8222;Gut funktionierende Justiz setzt gute Rahmenbedingungen f\u00fcr ihre Arbeit voraus!&#8220; Bayerns Justizminister Prof. Dr. Winfried Bausback gibt heute in Lichtenfels den Startschuss f\u00fcr den Neubau des Archivgeb\u00e4udes des Amtsgerichts Lichtenfels. Bausback zu diesem Anlass: &#8222;Der Freistaat Bayern investiert f\u00fcr den Archivneubau rund [&hellip;]<\/p>\n","protected":false},"author":7,"featured_media":1410,"comment_status":"closed","ping_status":"open","sticky":false,"template":"","format":"standard","meta":{"footnotes":""},"categories":[99,71,83],"tags":[1947],"class_list":["post-9439","post","type-post","status-publish","format-standard","has-post-thumbnail","hentry","category-lichtenfels","category-menue","category-oberfranken","tag-amtsgericht-lichtenfels"],"_links":{"self":[{"href":"https:\/\/www.frankensicht.de\/index.php?rest_route=\/wp\/v2\/posts\/9439","targetHints":{"allow":["GET"]}}],"collection":[{"href":"https:\/\/www.frankensicht.de\/index.php?rest_route=\/wp\/v2\/posts"}],"about":[{"href":"https:\/\/www.frankensicht.de\/index.php?rest_route=\/wp\/v2\/types\/post"}],"author":[{"embeddable":true,"href":"https:\/\/www.frankensicht.de\/index.php?rest_route=\/wp\/v2\/users\/7"}],"replies":[{"embeddable":true,"href":"https:\/\/www.frankensicht.de\/index.php?rest_route=%2Fwp%2Fv2%2Fcomments&post=9439"}],"version-history":[{"count":2,"href":"https:\/\/www.frankensicht.de\/index.php?rest_route=\/wp\/v2\/posts\/9439\/revisions"}],"predecessor-version":[{"id":9441,"href":"https:\/\/www.frankensicht.de\/index.php?rest_route=\/wp\/v2\/posts\/9439\/revisions\/9441"}],"wp:featuredmedia":[{"embeddable":true,"href":"https:\/\/www.frankensicht.de\/index.php?rest_route=\/wp\/v2\/media\/1410"}],"wp:attachment":[{"href":"https:\/\/www.frankensicht.de\/index.php?rest_route=%2Fwp%2Fv2%2Fmedia&parent=9439"}],"wp:term":[{"taxonomy":"category","embeddable":true,"href":"https:\/\/www.frankensicht.de\/index.php?rest_route=%2Fwp%2Fv2%2Fcategories&post=9439"},{"taxonomy":"post_tag","embeddable":true,"href":"https:\/\/www.frankensicht.de\/index.php?rest_route=%2Fwp%2Fv2%2Ftags&post=9439"}],"curies":[{"name":"wp","href":"https:\/\/api.w.org\/{rel}","templated":true}]}}