{"id":9420,"date":"2016-04-07T11:02:23","date_gmt":"2016-04-07T09:02:23","guid":{"rendered":"http:\/\/www.frankensicht.de\/?p=9420"},"modified":"2016-04-07T11:02:23","modified_gmt":"2016-04-07T09:02:23","slug":"ernaehrung-der-wachsenden-weltbevoelkerung-sichern","status":"publish","type":"post","link":"https:\/\/www.frankensicht.de\/?p=9420","title":{"rendered":"Ern\u00e4hrung der wachsenden Weltbev\u00f6lkerung sichern"},"content":{"rendered":"<p><span style=\"color: #ff0000;\">Berlin:<\/span><\/p>\n<p>Ern\u00e4hrung der wachsenden Weltbev\u00f6lkerung sichern<\/p>\n<p>Anl\u00e4sslich der OECD-Agrarministerkonferenz in Paris erkl\u00e4rt Bundeslandwirt-schaftsminister Christian Schmidt:<\/p>\n<p>&#8222;Ern\u00e4hrung sichern, Ressourcen schonen und Klima sch\u00fctzen &#8211; das sind die gro\u00dfen Herausforderungen unserer Zeit. Zu deren Bew\u00e4ltigung bedarf es einer nachhaltigen, widerstandsf\u00e4higen und effizienten Landwirtschaft. Die Landwirtschaft ist jedoch kein Wirtschaftszweig wie jeder andere. Sie hat den Kernauftrag die Ern\u00e4hrung der Weltbe-v\u00f6lkerung zu sichern. Die OECD-Agrarministerkonferenz kann uns dabei unterst\u00fctzen, effektive und effiziente politische Ma\u00dfnahmen zu formulieren, um diese Ziele zu errei-chen.&#8220;<\/p>\n<p><a href=\"https:\/\/www.frankensicht.de\/?attachment_id=1057\" rel=\"attachment wp-att-1057\"><img loading=\"lazy\" decoding=\"async\" class=\"alignnone size-medium wp-image-1057\" src=\"https:\/\/www.frankensicht.de\/wp-content\/uploads\/2012\/04\/apfel-300x225.jpg\" alt=\"apfel\" width=\"300\" height=\"225\" srcset=\"https:\/\/www.frankensicht.de\/wp-content\/uploads\/2012\/04\/apfel-300x225.jpg 300w, https:\/\/www.frankensicht.de\/wp-content\/uploads\/2012\/04\/apfel.jpg 640w\" sizes=\"auto, (max-width: 300px) 100vw, 300px\" \/><\/a><\/p>\n<p>Der Parlamentarische Staatssekret\u00e4r beim Bundeslandwirtschaftsminister, Peter Bleser erg\u00e4nzt:<\/p>\n<p>&#8222;Trotz der aktuell kritischen Situation auf den landwirtschaftlichen M\u00e4rkten d\u00fcrfen und sollen wir unser langfristiges Ziel nicht aus den Augen verlieren: Die wachsende Welt-bev\u00f6lkerung muss mit ausreichender und gesunder Nahrung versorgt werden. Eine nachhaltige Agrar- und Ern\u00e4hrungswirtschaft ist hierf\u00fcr die Grundlage. Gleichzeitig leistet sie einen aktiven Beitrag zum Klimaschutz, denn die Landwirtschaft ist nicht Teil des Problems sondern Teil der L\u00f6sung.<\/p>\n<p>Die Welt ern\u00e4hren, Ressourcen nachhaltig nutzen, Klima sch\u00fctzen &#8211; diese UN-Entwick-lungsziele f\u00fcr 2030 k\u00f6nnen gleichzeitig nur erreicht werden, wenn wir alle Ressourcen noch effizienter einsetzen. Dies muss unser gemeinsames Ziel sein. Produktivit\u00e4t und Effizienz sind keine Schimpfw\u00f6rter sondern unabdingbare Voraussetzung zur Errei-chung der Ziele. Jeder verschwenderische Umgang, sei es von Wasser, von Land oder anderen Ressourcen erh\u00f6ht die Gefahr, den Kampf gegen den Hunger zu verlieren.&#8220;<\/p>\n<p>Hintergrund:<\/p>\n<p>Die Nachfrage nach Agrarprodukten wird durch die wachsende Weltbev\u00f6lkerung, Wohlstandsentwicklung und Verst\u00e4dterung verst\u00e4rkt. Zugleich beeinflussen sich Kli-mawandel und agrarische Produktion wechselseitig. Die Sicherung der Ern\u00e4hrung wird durch den steigenden Wettbewerb um knappe Ressourcen zus\u00e4tzlich versch\u00e4rft.<\/p>\n<p>Die Minister f\u00fcr Landwirtschaft aus den OECD-L\u00e4ndern sowie aus zahlreichen mit der OECD partnerschaftlich verbundenen Schwellenl\u00e4ndern weltweit treffen sich heute in Paris mit dem Ziel, Ans\u00e4tze f\u00fcr eine zukunftsf\u00e4hige Agrarpolitik zu entwickeln um pro-duktive, nachhaltige und widerstandsf\u00e4hige globale Ern\u00e4hrungssysteme zu schaffen. Dies ist notwendig, um in Zukunft die 800 Millionen Hungernden und 2 Milliarden un-terern\u00e4hrten Menschen sicher zu versorgen. Die OECD-Agrarministerkonferenz, als Teil einer Folge hochrangiger internationaler agrarpolitischer Treffen, soll Beitr\u00e4ge lie-fern um diesen Herausforderungen der Zukunft gerecht zu werden. Nach dem letzten Treffen im Jahr 2010 wurde die WTO aufgefordert, einen Beschluss \u00fcber die Aufhe-bung von Exporterstattungen zu fassen, um Agrarm\u00e4rkte durch solche Subventionen nicht zu st\u00f6ren. Inzwischen wurde dieses Ziel erreicht.<\/p>\n<p>Quelle: bmel.bund.de<\/p>\n","protected":false},"excerpt":{"rendered":"<p>Berlin: Ern\u00e4hrung der wachsenden Weltbev\u00f6lkerung sichern Anl\u00e4sslich der OECD-Agrarministerkonferenz in Paris erkl\u00e4rt Bundeslandwirt-schaftsminister Christian Schmidt: &#8222;Ern\u00e4hrung sichern, Ressourcen schonen und Klima sch\u00fctzen &#8211; das sind die gro\u00dfen Herausforderungen unserer Zeit. Zu deren Bew\u00e4ltigung bedarf es einer nachhaltigen, widerstandsf\u00e4higen und effizienten Landwirtschaft. Die Landwirtschaft ist jedoch kein Wirtschaftszweig wie jeder andere. Sie hat den Kernauftrag die [&hellip;]<\/p>\n","protected":false},"author":7,"featured_media":1057,"comment_status":"closed","ping_status":"open","sticky":false,"template":"","format":"standard","meta":{"footnotes":""},"categories":[3,30],"tags":[986],"class_list":["post-9420","post","type-post","status-publish","format-standard","has-post-thumbnail","hentry","category-news","category-welt","tag-welternahrung"],"_links":{"self":[{"href":"https:\/\/www.frankensicht.de\/index.php?rest_route=\/wp\/v2\/posts\/9420","targetHints":{"allow":["GET"]}}],"collection":[{"href":"https:\/\/www.frankensicht.de\/index.php?rest_route=\/wp\/v2\/posts"}],"about":[{"href":"https:\/\/www.frankensicht.de\/index.php?rest_route=\/wp\/v2\/types\/post"}],"author":[{"embeddable":true,"href":"https:\/\/www.frankensicht.de\/index.php?rest_route=\/wp\/v2\/users\/7"}],"replies":[{"embeddable":true,"href":"https:\/\/www.frankensicht.de\/index.php?rest_route=%2Fwp%2Fv2%2Fcomments&post=9420"}],"version-history":[{"count":3,"href":"https:\/\/www.frankensicht.de\/index.php?rest_route=\/wp\/v2\/posts\/9420\/revisions"}],"predecessor-version":[{"id":9423,"href":"https:\/\/www.frankensicht.de\/index.php?rest_route=\/wp\/v2\/posts\/9420\/revisions\/9423"}],"wp:featuredmedia":[{"embeddable":true,"href":"https:\/\/www.frankensicht.de\/index.php?rest_route=\/wp\/v2\/media\/1057"}],"wp:attachment":[{"href":"https:\/\/www.frankensicht.de\/index.php?rest_route=%2Fwp%2Fv2%2Fmedia&parent=9420"}],"wp:term":[{"taxonomy":"category","embeddable":true,"href":"https:\/\/www.frankensicht.de\/index.php?rest_route=%2Fwp%2Fv2%2Fcategories&post=9420"},{"taxonomy":"post_tag","embeddable":true,"href":"https:\/\/www.frankensicht.de\/index.php?rest_route=%2Fwp%2Fv2%2Ftags&post=9420"}],"curies":[{"name":"wp","href":"https:\/\/api.w.org\/{rel}","templated":true}]}}