{"id":9417,"date":"2016-04-06T11:03:21","date_gmt":"2016-04-06T09:03:21","guid":{"rendered":"http:\/\/www.frankensicht.de\/?p=9417"},"modified":"2016-04-06T11:03:35","modified_gmt":"2016-04-06T09:03:35","slug":"umweltministerin-scharf-beim-spatenstich-fuer-neue-hochwasserschutzmassnahmen-in-michelau","status":"publish","type":"post","link":"https:\/\/www.frankensicht.de\/?p=9417","title":{"rendered":"Umweltministerin Scharf beim Spatenstich f\u00fcr neue Hochwasserschutzma\u00dfnahmen in Michelau"},"content":{"rendered":"<p><span style=\"color: #ff0000;\">Michelau:<\/span><\/p>\n<p>Umweltministerin Scharf beim Spatenstich f\u00fcr neue Hochwasserschutzma\u00dfnahmen in Michelau<\/p>\n<p>Ein nachhaltiger Hochwasserschutz ist f\u00fcr Kommunen auch angesichts des Klimawandels ein wesentlicher Standortfaktor. In Michelau werden die Hochwasserschutzanlagen nun mit einem finanziellen Aufwand von mehreren Millionen Euro erweitert und f\u00fcr ein m\u00f6gliches 100-j\u00e4hrliches Hochwasser ausgebaut.<\/p>\n<p><a href=\"https:\/\/www.frankensicht.de\/?attachment_id=9033\" rel=\"attachment wp-att-9033\"><img loading=\"lazy\" decoding=\"async\" class=\"alignnone size-medium wp-image-9033\" src=\"https:\/\/www.frankensicht.de\/wp-content\/uploads\/2015\/09\/P1000137-300x225.jpg\" alt=\"P1000137\" width=\"300\" height=\"225\" srcset=\"https:\/\/www.frankensicht.de\/wp-content\/uploads\/2015\/09\/P1000137-300x225.jpg 300w, https:\/\/www.frankensicht.de\/wp-content\/uploads\/2015\/09\/P1000137.jpg 640w\" sizes=\"auto, (max-width: 300px) 100vw, 300px\" \/><\/a><\/p>\n<p>Die Bayerische Umweltministerin Ulrike Scharf nimmt am Spatenstich f\u00fcr die Bauma\u00dfnahmen teil am<\/p>\n<p>Freitag, 8. April, 14 Uhr,<\/p>\n<p>Anger 11,<\/p>\n<p>96247 Michelau.<\/p>\n<p>Quelle: stmuv.bayern.de<\/p>\n","protected":false},"excerpt":{"rendered":"<p>Michelau: Umweltministerin Scharf beim Spatenstich f\u00fcr neue Hochwasserschutzma\u00dfnahmen in Michelau Ein nachhaltiger Hochwasserschutz ist f\u00fcr Kommunen auch angesichts des Klimawandels ein wesentlicher Standortfaktor. In Michelau werden die Hochwasserschutzanlagen nun mit einem finanziellen Aufwand von mehreren Millionen Euro erweitert und f\u00fcr ein m\u00f6gliches 100-j\u00e4hrliches Hochwasser ausgebaut. Die Bayerische Umweltministerin Ulrike Scharf nimmt am Spatenstich f\u00fcr die [&hellip;]<\/p>\n","protected":false},"author":7,"featured_media":9033,"comment_status":"closed","ping_status":"open","sticky":false,"template":"","format":"standard","meta":{"footnotes":""},"categories":[78,71],"tags":[316],"class_list":["post-9417","post","type-post","status-publish","format-standard","has-post-thumbnail","hentry","category-bayern","category-menue","tag-hochwasserschutz"],"_links":{"self":[{"href":"https:\/\/www.frankensicht.de\/index.php?rest_route=\/wp\/v2\/posts\/9417","targetHints":{"allow":["GET"]}}],"collection":[{"href":"https:\/\/www.frankensicht.de\/index.php?rest_route=\/wp\/v2\/posts"}],"about":[{"href":"https:\/\/www.frankensicht.de\/index.php?rest_route=\/wp\/v2\/types\/post"}],"author":[{"embeddable":true,"href":"https:\/\/www.frankensicht.de\/index.php?rest_route=\/wp\/v2\/users\/7"}],"replies":[{"embeddable":true,"href":"https:\/\/www.frankensicht.de\/index.php?rest_route=%2Fwp%2Fv2%2Fcomments&post=9417"}],"version-history":[{"count":2,"href":"https:\/\/www.frankensicht.de\/index.php?rest_route=\/wp\/v2\/posts\/9417\/revisions"}],"predecessor-version":[{"id":9419,"href":"https:\/\/www.frankensicht.de\/index.php?rest_route=\/wp\/v2\/posts\/9417\/revisions\/9419"}],"wp:featuredmedia":[{"embeddable":true,"href":"https:\/\/www.frankensicht.de\/index.php?rest_route=\/wp\/v2\/media\/9033"}],"wp:attachment":[{"href":"https:\/\/www.frankensicht.de\/index.php?rest_route=%2Fwp%2Fv2%2Fmedia&parent=9417"}],"wp:term":[{"taxonomy":"category","embeddable":true,"href":"https:\/\/www.frankensicht.de\/index.php?rest_route=%2Fwp%2Fv2%2Fcategories&post=9417"},{"taxonomy":"post_tag","embeddable":true,"href":"https:\/\/www.frankensicht.de\/index.php?rest_route=%2Fwp%2Fv2%2Ftags&post=9417"}],"curies":[{"name":"wp","href":"https:\/\/api.w.org\/{rel}","templated":true}]}}