{"id":9401,"date":"2016-04-04T07:56:51","date_gmt":"2016-04-04T05:56:51","guid":{"rendered":"http:\/\/www.frankensicht.de\/?p=9401"},"modified":"2016-04-04T07:56:51","modified_gmt":"2016-04-04T05:56:51","slug":"neue-vorsitzende-der-bundespruefstelle-fuer-jugendgefaehrdende-medien","status":"publish","type":"post","link":"https:\/\/www.frankensicht.de\/?p=9401","title":{"rendered":"Neue Vorsitzende der Bundespr\u00fcfstelle f\u00fcr jugendgef\u00e4hrdende Medien"},"content":{"rendered":"<p><span style=\"color: #ff0000;\">Berlin:<\/span><\/p>\n<p>Neue Vorsitzende der Bundespr\u00fcfstelle f\u00fcr jugendgef\u00e4hrdende Medien<br \/>\nMartina Hannak-Meinke ist neue Vorsitzende der Bundespr\u00fcfstelle f\u00fcr<br \/>\njugendgef\u00e4hrdende Medien (BPjM). Sie wurde heute vom Staatssekret\u00e4r des<br \/>\nBundesministeriums f\u00fcr Familie, Senioren, Frauen und Jugend, Dr. Ralf Kleindiek<br \/>\nernannt und wird die Leitung der BPjM ab dem 1. April 2016 \u00fcbernehmen.<\/p>\n<p>&#8222;Ich freue mich, dass wir mit Martina Hannak-Meinke eine neue Vorsitzende<br \/>\ngefunden haben, mit der die Bundespr\u00fcfstelle ihre Aufgaben weiter engagiert<br \/>\nwahrnehmen und Verantwortung f\u00fcr einen zukunftsf\u00e4higen Jugendmedienschutz<br \/>\n\u00fcbernehmen kann&#8220;, sagte Dr. Ralf Kleindiek bei der Ernennung.<\/p>\n<p>Martina Hannak-Meinke war zuletzt Leiterin des Referates Grundsatzangelegenheiten<br \/>\nder Engagementpolitik des BMFSFJ. Als Juristin begann ihre berufliche Laufbahn<br \/>\n2003 als Referentin in der Bundespr\u00fcfstelle f\u00fcr jugendgef\u00e4hrdende Medien, von<br \/>\n2008 bis 2016 war sie in unterschiedlichen Bereichen im BMFSFJ t\u00e4tig.<\/p>\n<p><a href=\"https:\/\/www.frankensicht.de\/?attachment_id=7631\" rel=\"attachment wp-att-7631\"><img loading=\"lazy\" decoding=\"async\" class=\"alignnone size-medium wp-image-7631\" src=\"https:\/\/www.frankensicht.de\/wp-content\/uploads\/2014\/09\/deutschlandfahne-300x180.png\" alt=\"deutschlandfahne\" width=\"300\" height=\"180\" srcset=\"https:\/\/www.frankensicht.de\/wp-content\/uploads\/2014\/09\/deutschlandfahne-300x180.png 300w, https:\/\/www.frankensicht.de\/wp-content\/uploads\/2014\/09\/deutschlandfahne.png 1000w\" sizes=\"auto, (max-width: 300px) 100vw, 300px\" \/><\/a><\/p>\n<p>&#8222;Die Bundespr\u00fcfstelle leistet innerhalb des vielschichtigen Kinder- und<br \/>\nJugendmedienschutzes einen wichtigen Beitrag, um das Aufwachsen Minderj\u00e4hriger in<br \/>\neiner digitalisierten Gesellschaft zu gestalten&#8220;, erkl\u00e4rte die neue Leiterin der<br \/>\nBPjM, Hannak-Meinke. &#8222;Vor diesem Hintergrund freue ich mich sehr auf die vor mir<br \/>\nliegenden Aufgaben und die sich dadurch ergebende M\u00f6glichkeit, mich in diesem<br \/>\nBereich aktiv f\u00fcr Kinder und Jugendliche einsetzen zu k\u00f6nnen.&#8220;<\/p>\n<p>Hannak-Meinke folgt auf die langj\u00e4hrige Vorsitzende Elke Monssen-Engberding, die<br \/>\nzum 29. Februar 2016 aus Ihrem Amt schied und zu Beginn des Monats mit einem<br \/>\nFestakt im Bundesministerium f\u00fcr Familie, Senioren, Frauen und Jugend<br \/>\nverabschiedet wurde.<\/p>\n<p>Die Bundespr\u00fcfstelle f\u00fcr jugendgef\u00e4hrdende Medien ist eine selbstst\u00e4ndige<br \/>\nBundesoberbeh\u00f6rde im Gesch\u00e4ftsbereich des Bundesministeriums f\u00fcr Familie,<br \/>\nSenioren, Frauen und Jugend. Sie ist zust\u00e4ndig f\u00fcr die Indizierung von Tr\u00e4ger-<br \/>\nund Telemedien mit jugendgef\u00e4hrdendem Inhalt auf Grundlage des<br \/>\nJugendschutzgesetzes (JuSchG).<\/p>\n<p>&nbsp;<\/p>\n<p>Bundesministerium f\u00fcr Familie, Senioren, Frauen und Jugend<br \/>\nE-mail: poststelle@bmfsfj.bund.de &lt;mailto:poststelle@bmfsfj.bund.de&gt;<br \/>\nInternet: http:\/\/www.bmfsfj.de &lt;http:\/\/www.bmfsfj.de&gt;<\/p>\n<p>Quelle: bmfsfj.bund.de<\/p>\n","protected":false},"excerpt":{"rendered":"<p>Berlin: Neue Vorsitzende der Bundespr\u00fcfstelle f\u00fcr jugendgef\u00e4hrdende Medien Martina Hannak-Meinke ist neue Vorsitzende der Bundespr\u00fcfstelle f\u00fcr jugendgef\u00e4hrdende Medien (BPjM). Sie wurde heute vom Staatssekret\u00e4r des Bundesministeriums f\u00fcr Familie, Senioren, Frauen und Jugend, Dr. Ralf Kleindiek ernannt und wird die Leitung der BPjM ab dem 1. April 2016 \u00fcbernehmen. &#8222;Ich freue mich, dass wir mit Martina [&hellip;]<\/p>\n","protected":false},"author":7,"featured_media":7631,"comment_status":"closed","ping_status":"open","sticky":false,"template":"","format":"standard","meta":{"footnotes":""},"categories":[44,3],"tags":[1941],"class_list":["post-9401","post","type-post","status-publish","format-standard","has-post-thumbnail","hentry","category-deutschland-2","category-news","tag-bundespruefstelle"],"_links":{"self":[{"href":"https:\/\/www.frankensicht.de\/index.php?rest_route=\/wp\/v2\/posts\/9401","targetHints":{"allow":["GET"]}}],"collection":[{"href":"https:\/\/www.frankensicht.de\/index.php?rest_route=\/wp\/v2\/posts"}],"about":[{"href":"https:\/\/www.frankensicht.de\/index.php?rest_route=\/wp\/v2\/types\/post"}],"author":[{"embeddable":true,"href":"https:\/\/www.frankensicht.de\/index.php?rest_route=\/wp\/v2\/users\/7"}],"replies":[{"embeddable":true,"href":"https:\/\/www.frankensicht.de\/index.php?rest_route=%2Fwp%2Fv2%2Fcomments&post=9401"}],"version-history":[{"count":3,"href":"https:\/\/www.frankensicht.de\/index.php?rest_route=\/wp\/v2\/posts\/9401\/revisions"}],"predecessor-version":[{"id":9404,"href":"https:\/\/www.frankensicht.de\/index.php?rest_route=\/wp\/v2\/posts\/9401\/revisions\/9404"}],"wp:featuredmedia":[{"embeddable":true,"href":"https:\/\/www.frankensicht.de\/index.php?rest_route=\/wp\/v2\/media\/7631"}],"wp:attachment":[{"href":"https:\/\/www.frankensicht.de\/index.php?rest_route=%2Fwp%2Fv2%2Fmedia&parent=9401"}],"wp:term":[{"taxonomy":"category","embeddable":true,"href":"https:\/\/www.frankensicht.de\/index.php?rest_route=%2Fwp%2Fv2%2Fcategories&post=9401"},{"taxonomy":"post_tag","embeddable":true,"href":"https:\/\/www.frankensicht.de\/index.php?rest_route=%2Fwp%2Fv2%2Ftags&post=9401"}],"curies":[{"name":"wp","href":"https:\/\/api.w.org\/{rel}","templated":true}]}}