{"id":9398,"date":"2016-04-01T08:37:42","date_gmt":"2016-04-01T06:37:42","guid":{"rendered":"http:\/\/www.frankensicht.de\/?p=9398"},"modified":"2016-04-02T08:24:35","modified_gmt":"2016-04-02T06:24:35","slug":"9398","status":"publish","type":"post","link":"https:\/\/www.frankensicht.de\/?p=9398","title":{"rendered":"Bayerns Justizminister Bausback: &#8222;Reform des Wohnungseinbruchdiebstahls ist \u00fcberf\u00e4llig!&#8220;"},"content":{"rendered":"<p><span style=\"color: #ff0000;\">M\u00fcnchen:<\/span><\/p>\n<p>Bayerns Justizminister Bausback: &#8222;Reform des Wohnungseinbruchdiebstahls ist \u00fcberf\u00e4llig!&#8220;<br \/>\nBayerns Justizminister Prof. Dr. Winfried Bausback begr\u00fc\u00dft, dass ab dem morgigen Freitag f\u00fcr Mieter und Eigent\u00fcmer ein noch weiter verbessertes staatliches F\u00f6rderangebot f\u00fcr Einbruchsschutzma\u00dfnahmen zur Verf\u00fcgung steht. &#8222;Auch wenn die Fallzahlen in Bayern zuletzt dank des bayerischen Ma\u00dfnahmenkonzepts zur\u00fcckgegangenen sind: Wohnungseinbruchdiebst\u00e4hle sind nach wie vor ein gravierendes Problem in Deutschland. Ein guter Schutz von Wohnung und Haus etwa durch den Einbau einbruchhemmender T\u00fcren und Fenster ist deshalb sehr sinnvoll&#8220;, so Bausback. &#8222;So wichtig Pr\u00e4ventionsma\u00dfnahmen sind, das alleine reicht nicht. Auch und gerade in unserem Strafrecht muss unser Wille klar und unmissverst\u00e4ndlich erkennbar sein, dass wir der Wohnungseinbruchkriminalit\u00e4t mit aller Entschlossenheit die Stirn bieten!&#8220;<\/p>\n<p><a href=\"https:\/\/www.frankensicht.de\/?attachment_id=1410\" rel=\"attachment wp-att-1410\"><img loading=\"lazy\" decoding=\"async\" class=\"alignnone size-medium wp-image-1410\" src=\"https:\/\/www.frankensicht.de\/wp-content\/uploads\/2012\/05\/paragraf-300x187.jpg\" alt=\"paragraf\" width=\"300\" height=\"187\" srcset=\"https:\/\/www.frankensicht.de\/wp-content\/uploads\/2012\/05\/paragraf-300x187.jpg 300w, https:\/\/www.frankensicht.de\/wp-content\/uploads\/2012\/05\/paragraf.jpg 640w\" sizes=\"auto, (max-width: 300px) 100vw, 300px\" \/><\/a><\/p>\n<p>Bausback h\u00e4lt eine Reform des Wohnungseinbruchdiebstahls deshalb f\u00fcr \u00fcberf\u00e4llig: &#8222;Bereits im letzten Jahr habe ich einen Gesetzentwurf vorgelegt, der die notwendigen Schritte im Bereich des Strafrechts aufgezeigt.&#8220; Zum einen m\u00fcsse die bislang vorgesehene M\u00f6glichkeit des minder schweren Falles mit einem erheblich milderen Strafrahmen gestrichen werden. &#8222;Einbr\u00fcche in die eigenen vier W\u00e4nde sind angesichts der gravierenden, vor allem auch psychischen Folgen f\u00fcr die Opfer nie minder schwere F\u00e4lle! Diese Wertungsunwucht m\u00fcssen wir beseitigen und der Bedeutung der Tat gerechte Strafen erm\u00f6glichen&#8220;, so der bayerische Justizminister. Zum anderen m\u00fcssten die Aufkl\u00e4rungsm\u00f6glichkeiten der Strafverfolgungsbeh\u00f6rden verbessert werden. Bausback: &#8222;Immer mehr sind hier organisierte Strukturen am Werk. Um diese Strukturen wirksam aufdecken zu k\u00f6nnen, m\u00fcssen unsere Staatsanw\u00e4lte bei jedem Wohnungseinbruchdiebstahl an die Kommunikation herankommen k\u00f6nnen und Telekommunikations\u00fcberwachungen beantragen k\u00f6nnen.&#8220;<\/p>\n<p>Der bayerische Justizminister abschlie\u00dfend: &#8222;Die Opfer und die besorgten B\u00fcrgerinnen und B\u00fcrger erwarten von uns, dass wir ihre \u00c4ngste ernst nehmen und alles daf\u00fcr tun, dass sich diese \u00c4ngste nicht realisieren! Mit einer z\u00fcgigen Reform des Wohnungseinbruchdiebstahls w\u00fcrden wir ein eindeutiges Zeichen f\u00fcr den Opferschutz setzen!&#8220;<\/p>\n<p>Hintergrund:<br \/>\nInformationen zu den F\u00f6rderm\u00f6glichkeiten f\u00fcr Einbruchschutzma\u00dfnahmen sind auf der Internetseite www.kfw.de\/einbruchschutz oder \u00fcber das KfW-Infocenter unter der kostenfreien Telefonnummer 0800 \/ 539 9002 erh\u00e4ltlich.<\/p>\n<p>Quelle: stmj.bayern.de<\/p>\n","protected":false},"excerpt":{"rendered":"<p>M\u00fcnchen: Bayerns Justizminister Bausback: &#8222;Reform des Wohnungseinbruchdiebstahls ist \u00fcberf\u00e4llig!&#8220; Bayerns Justizminister Prof. Dr. Winfried Bausback begr\u00fc\u00dft, dass ab dem morgigen Freitag f\u00fcr Mieter und Eigent\u00fcmer ein noch weiter verbessertes staatliches F\u00f6rderangebot f\u00fcr Einbruchsschutzma\u00dfnahmen zur Verf\u00fcgung steht. &#8222;Auch wenn die Fallzahlen in Bayern zuletzt dank des bayerischen Ma\u00dfnahmenkonzepts zur\u00fcckgegangenen sind: Wohnungseinbruchdiebst\u00e4hle sind nach wie vor ein [&hellip;]<\/p>\n","protected":false},"author":7,"featured_media":1410,"comment_status":"closed","ping_status":"open","sticky":false,"template":"","format":"standard","meta":{"footnotes":""},"categories":[78,71],"tags":[1940,1764],"class_list":["post-9398","post","type-post","status-publish","format-standard","has-post-thumbnail","hentry","category-bayern","category-menue","tag-diebstahl","tag-einbruch"],"_links":{"self":[{"href":"https:\/\/www.frankensicht.de\/index.php?rest_route=\/wp\/v2\/posts\/9398","targetHints":{"allow":["GET"]}}],"collection":[{"href":"https:\/\/www.frankensicht.de\/index.php?rest_route=\/wp\/v2\/posts"}],"about":[{"href":"https:\/\/www.frankensicht.de\/index.php?rest_route=\/wp\/v2\/types\/post"}],"author":[{"embeddable":true,"href":"https:\/\/www.frankensicht.de\/index.php?rest_route=\/wp\/v2\/users\/7"}],"replies":[{"embeddable":true,"href":"https:\/\/www.frankensicht.de\/index.php?rest_route=%2Fwp%2Fv2%2Fcomments&post=9398"}],"version-history":[{"count":3,"href":"https:\/\/www.frankensicht.de\/index.php?rest_route=\/wp\/v2\/posts\/9398\/revisions"}],"predecessor-version":[{"id":9409,"href":"https:\/\/www.frankensicht.de\/index.php?rest_route=\/wp\/v2\/posts\/9398\/revisions\/9409"}],"wp:featuredmedia":[{"embeddable":true,"href":"https:\/\/www.frankensicht.de\/index.php?rest_route=\/wp\/v2\/media\/1410"}],"wp:attachment":[{"href":"https:\/\/www.frankensicht.de\/index.php?rest_route=%2Fwp%2Fv2%2Fmedia&parent=9398"}],"wp:term":[{"taxonomy":"category","embeddable":true,"href":"https:\/\/www.frankensicht.de\/index.php?rest_route=%2Fwp%2Fv2%2Fcategories&post=9398"},{"taxonomy":"post_tag","embeddable":true,"href":"https:\/\/www.frankensicht.de\/index.php?rest_route=%2Fwp%2Fv2%2Ftags&post=9398"}],"curies":[{"name":"wp","href":"https:\/\/api.w.org\/{rel}","templated":true}]}}