{"id":9382,"date":"2016-03-25T08:27:37","date_gmt":"2016-03-25T07:27:37","guid":{"rendered":"http:\/\/www.frankensicht.de\/?p=9382"},"modified":"2016-03-25T08:27:37","modified_gmt":"2016-03-25T07:27:37","slug":"bayerische-erfolge-beim-63-europaeischen-wettbewerb-bildungsminister-spaenle-gratuliert-bundessiegern-aus-bayern","status":"publish","type":"post","link":"https:\/\/www.frankensicht.de\/?p=9382","title":{"rendered":"Bayerische Erfolge beim 63. Europ\u00e4ischen Wettbewerb &#8211; Bildungsminister Spaenle gratuliert Bundessiegern aus Bayern"},"content":{"rendered":"<p><span style=\"color: #ff0000;\">M\u00fcnchen:<\/span><\/p>\n<p>Bayerische Erfolge beim 63. Europ\u00e4ischen Wettbewerb &#8211; Bildungsminister Spaenle gratuliert Bundessiegern aus Bayern<br \/>\nMit 117 Bundespreistr\u00e4gern waren die bayerischen Teilnehmerinnen und Teilnehmer auch 2016 beim Europ\u00e4ischen Wettbewerb sehr erfolgreich. Thema des 63. Europ\u00e4ischen Wettbewerbs war &#8222;Gemeinsam in Frieden leben&#8220;. Bildungsminister Spaenle gratulierte den bayerischen Bundessiegern zu ihrer Leistung: &#8222;Die bayerischen Schulen haben mit ihren Beitr\u00e4gen beim Europ\u00e4ischen Wettbewerb gezeigt, welche Werte f\u00fcr ein friedliches Miteinander grundlegend sind: Zivilcourage, ein respektvoller Umgang miteinander und Toleranz. Der Erfolg der Sch\u00fclerarbeiten belegt, dass diese Grundprinzipien einer demokratischen Gesellschaft nachhaltig an bayerischen Schulen gelebt werden. Die Preistr\u00e4gerinnen und Preistr\u00e4ger haben sich engagiert und kreativ mit anspruchsvollen Themen der politischen Bildung und der Demokratie- und Friedenserziehung auseinandergesetzt. Herzlichen Gl\u00fcckwunsch dazu.&#8220;<\/p>\n<p><a href=\"https:\/\/www.frankensicht.de\/?attachment_id=7610\" rel=\"attachment wp-att-7610\"><img loading=\"lazy\" decoding=\"async\" class=\"alignnone size-medium wp-image-7610\" src=\"https:\/\/www.frankensicht.de\/wp-content\/uploads\/2014\/09\/bayern-300x180.png\" alt=\"bayern\" width=\"300\" height=\"180\" srcset=\"https:\/\/www.frankensicht.de\/wp-content\/uploads\/2014\/09\/bayern-300x180.png 300w, https:\/\/www.frankensicht.de\/wp-content\/uploads\/2014\/09\/bayern.png 1000w\" sizes=\"auto, (max-width: 300px) 100vw, 300px\" \/><\/a><\/p>\n<p>Unter den rund 1.600 auf Bundesebene eingereichten Sch\u00fclerarbeiten wurden die folgenden Sch\u00fclerinnen und Sch\u00fcler aus Bayern mit dem Preis f\u00fcr die besten Arbeiten pr\u00e4miert:<\/p>\n<p>Beste Arbeit Medien Aufgabe 2-2:<br \/>\nHanna B\u00fcching, Laura Insam, Mathilda Gallitzend\u00f6rfer, Eva Metus; M\u00e4dchenrealschule St. Ursula,\u00a0 Augsburg<br \/>\nBeste Arbeit Text Aufgabe 4-3:<br \/>\nAntonia Dressel; Gymnasium der Schulstiftung Seligenthal, Landshut<br \/>\nBeste Arbeit Medien Aufgabe 4-3:<br \/>\nLena Wacker; Gustav-von-Schl\u00f6r Schule, Weiden<br \/>\nBeste Arbeit Medien Aufgabe S (Musik):<br \/>\nLaura Wiebe; Gustav-von-Schl\u00f6r Schule, Weiden<\/p>\n<p>Sch\u00fclerinnen und Sch\u00fcler aller Schularten und Jahrgangsstufen waren bis Ende Januar aufgerufen, ihre Beitr\u00e4ge zum Europ\u00e4ischen Wettbewerb einzureichen. In vier Altersgruppen konnten die Sch\u00fcler aus verschiedenen Aufgabenstellungen im schriftlichen, bildnerischen, medialen oder musikalischen Bereich ausw\u00e4hlen und ihre Kreativit\u00e4t unter Beweis stellen. Die Auseinandersetzung mit den Aufgaben, bei denen Geschlechtergerechtigkeit ebenso eine Rolle spielte wie der Einsatz gegen Gewalt, Mobbing und Ausgrenzung, sensibilisierte die Teilnehmer f\u00fcr ein friedliches Europa. In einem mehrstufigen Auswahlverfahren wurden die Arbeiten zun\u00e4chst von den Lehrkr\u00e4ften an den Schulen gepr\u00fcft und dann bei der Landesjury eingereicht. Diese w\u00e4hlte anschlie\u00dfend die Beitr\u00e4ge aus, die an die Bundesjury weitergereicht und zusammen mit den Sch\u00fclerarbeiten aus den anderen L\u00e4ndern bewertet wurden.<\/p>\n<p>Der Europ\u00e4ische Wettbewerb<br \/>\nDer Europ\u00e4ische Wettbewerb ist der \u00e4lteste Sch\u00fclerwettbewerb Deutschlands und steht unter der Schirmherrschaft des Bundespr\u00e4sidenten. Die besten Beitr\u00e4ge werden auf Landes- und Bundesebene pr\u00e4miert. Die bayerischen Preistr\u00e4gerinnen und Preistr\u00e4ger werden am Schuljahresende durch die Bezirksregierungen geehrt. Der Europ\u00e4ische Wettbewerb tr\u00e4gt dazu bei, die Kreativit\u00e4t der Sch\u00fcler zu f\u00f6rdern und zugleich ihren Blick f\u00fcr gesamteurop\u00e4ische Zusammenh\u00e4nge zu sch\u00e4rfen. Im Schuljahr 2015\/2016 nahmen deutschlandweit fast 77.000 Sch\u00fclerinnen und Sch\u00fcler am Wettbewerb teil, mehr als 22.000 von ihnen stammten aus Bayern.<br \/>\nWeiterf\u00fchrende Informationen: www.europaeischer-wettbewerb.de.<\/p>\n<p>Quelle: stmbw.bayern.de<\/p>\n","protected":false},"excerpt":{"rendered":"<p>M\u00fcnchen: Bayerische Erfolge beim 63. Europ\u00e4ischen Wettbewerb &#8211; Bildungsminister Spaenle gratuliert Bundessiegern aus Bayern Mit 117 Bundespreistr\u00e4gern waren die bayerischen Teilnehmerinnen und Teilnehmer auch 2016 beim Europ\u00e4ischen Wettbewerb sehr erfolgreich. Thema des 63. Europ\u00e4ischen Wettbewerbs war &#8222;Gemeinsam in Frieden leben&#8220;. Bildungsminister Spaenle gratulierte den bayerischen Bundessiegern zu ihrer Leistung: &#8222;Die bayerischen Schulen haben mit ihren [&hellip;]<\/p>\n","protected":false},"author":7,"featured_media":7610,"comment_status":"closed","ping_status":"open","sticky":false,"template":"","format":"standard","meta":{"footnotes":""},"categories":[78,71],"tags":[1937],"class_list":["post-9382","post","type-post","status-publish","format-standard","has-post-thumbnail","hentry","category-bayern","category-menue","tag-europaeischer-wettbewerb"],"_links":{"self":[{"href":"https:\/\/www.frankensicht.de\/index.php?rest_route=\/wp\/v2\/posts\/9382","targetHints":{"allow":["GET"]}}],"collection":[{"href":"https:\/\/www.frankensicht.de\/index.php?rest_route=\/wp\/v2\/posts"}],"about":[{"href":"https:\/\/www.frankensicht.de\/index.php?rest_route=\/wp\/v2\/types\/post"}],"author":[{"embeddable":true,"href":"https:\/\/www.frankensicht.de\/index.php?rest_route=\/wp\/v2\/users\/7"}],"replies":[{"embeddable":true,"href":"https:\/\/www.frankensicht.de\/index.php?rest_route=%2Fwp%2Fv2%2Fcomments&post=9382"}],"version-history":[{"count":2,"href":"https:\/\/www.frankensicht.de\/index.php?rest_route=\/wp\/v2\/posts\/9382\/revisions"}],"predecessor-version":[{"id":9384,"href":"https:\/\/www.frankensicht.de\/index.php?rest_route=\/wp\/v2\/posts\/9382\/revisions\/9384"}],"wp:featuredmedia":[{"embeddable":true,"href":"https:\/\/www.frankensicht.de\/index.php?rest_route=\/wp\/v2\/media\/7610"}],"wp:attachment":[{"href":"https:\/\/www.frankensicht.de\/index.php?rest_route=%2Fwp%2Fv2%2Fmedia&parent=9382"}],"wp:term":[{"taxonomy":"category","embeddable":true,"href":"https:\/\/www.frankensicht.de\/index.php?rest_route=%2Fwp%2Fv2%2Fcategories&post=9382"},{"taxonomy":"post_tag","embeddable":true,"href":"https:\/\/www.frankensicht.de\/index.php?rest_route=%2Fwp%2Fv2%2Ftags&post=9382"}],"curies":[{"name":"wp","href":"https:\/\/api.w.org\/{rel}","templated":true}]}}