{"id":9378,"date":"2016-03-29T08:46:49","date_gmt":"2016-03-29T06:46:49","guid":{"rendered":"http:\/\/www.frankensicht.de\/?p=9378"},"modified":"2016-03-29T08:46:49","modified_gmt":"2016-03-29T06:46:49","slug":"laermschutz-em","status":"publish","type":"post","link":"https:\/\/www.frankensicht.de\/?p=9378","title":{"rendered":"L\u00e4rmschutz EM"},"content":{"rendered":"<p><span style=\"color: #ff0000;\">Berlin:<\/span><\/p>\n<p>Fu\u00dfball-EM 2016: Bundesumweltministerin Hendricks macht Weg frei f\u00fcr<br \/>\n&#8222;Public Viewing&#8220;<\/p>\n<p>W\u00e4hrend der Fu\u00dfball-Europameisterschaft 2016 wird es Ausnahmen beim<br \/>\nL\u00e4rmschutz geben. Damit k\u00f6nnen auch Fu\u00dfballspiele, die nach 20 Uhr<br \/>\nstattfinden, \u00f6ffentlich auf Gro\u00dfleinw\u00e4nden unter freiem Himmel<br \/>\n\u00fcbertragen werden. Dazu beschloss das Bundeskabinett heute eine vom<br \/>\nBundesumweltministerium vorgelegte Verordnung. Die Kommunen k\u00f6nnen auf<br \/>\nderen Grundlage Ausnahmegenehmigungen f\u00fcr Public-Viewing-Veranstaltungen<br \/>\nerteilen.<\/p>\n<p><a href=\"https:\/\/www.frankensicht.de\/?attachment_id=7631\" rel=\"attachment wp-att-7631\"><img loading=\"lazy\" decoding=\"async\" class=\"alignnone size-medium wp-image-7631\" src=\"https:\/\/www.frankensicht.de\/wp-content\/uploads\/2014\/09\/deutschlandfahne-300x180.png\" alt=\"deutschlandfahne\" width=\"300\" height=\"180\" srcset=\"https:\/\/www.frankensicht.de\/wp-content\/uploads\/2014\/09\/deutschlandfahne-300x180.png 300w, https:\/\/www.frankensicht.de\/wp-content\/uploads\/2014\/09\/deutschlandfahne.png 1000w\" sizes=\"auto, (max-width: 300px) 100vw, 300px\" \/><\/a><\/p>\n<p>Bundesumweltministerin Barbara Hendricks: &#8222;Das gemeinschaftliche<br \/>\nFu\u00dfballgucken unter freiem Himmel ist bei Europa- und Weltmeisterschaften<br \/>\nmittlerweile Tradition. Daher wird es auch in diesem Jahr eine eigene<br \/>\nVerordnung f\u00fcr das sogenannte Public Viewing geben. Dadurch sind<br \/>\nAusnahmen beim L\u00e4rmschutz m\u00f6glich, gleichzeitig stellen wir einen<br \/>\nakzeptablen Mindestschutz f\u00fcr Anwohner sicher. \u00dcber die Genehmigung in<br \/>\njedem konkreten Fall m\u00fcssen die Kommunen entscheiden.&#8220;<\/p>\n<p>Die Ausnahmeregelung ist n\u00f6tig, weil die geltenden L\u00e4rmschutzstandards<br \/>\naufgrund der sp\u00e4ten Ansto\u00dfzeiten an vielen Orten nicht eingehalten<br \/>\nwerden k\u00f6nnten. Die Verordnung erweitert nun den Spielraum f\u00fcr die<br \/>\nzust\u00e4ndigen Beh\u00f6rden in den Kommunen, die Veranstaltungen zuzulassen.<br \/>\nDabei sollen sie im Einzelfall zwischen dem herausragenden \u00f6ffentlichen<br \/>\nInteresse an den Fu\u00dfballspielen und dem Schutz der Nachtruhe abw\u00e4gen.<br \/>\nHierbei ber\u00fccksichtigen die Kommunen etwa das Publikumsinteresse und die<br \/>\nBedeutung des Spiels f\u00fcr den Turnierverlauf, die Abst\u00e4nde zu<br \/>\nWohnbebauung und schutzbed\u00fcrftigen Einrichtungen, die Sensibilit\u00e4t des<br \/>\nUmfelds, Ma\u00dfnahmen zur L\u00e4rmminderung sowie Umfang, Anzahl und<br \/>\nAufeinanderfolge der zugelassenen Ausnahmen.<\/p>\n<p>Die Bundesl\u00e4nder m\u00fcssen der Verordnung im Bundesrat noch zustimmen.<br \/>\nVergleichbare Regelungen gibt es seit 2006.<br \/>\nFragen und Antworten zur Public-Viewing-Verordnung finden Sie unter:<br \/>\nwww.bmub.bund.de\/P3026<\/p>\n<p>Quelle: bmub.bund.de<\/p>\n<p>&nbsp;<\/p>\n","protected":false},"excerpt":{"rendered":"<p>Berlin: Fu\u00dfball-EM 2016: Bundesumweltministerin Hendricks macht Weg frei f\u00fcr &#8222;Public Viewing&#8220; W\u00e4hrend der Fu\u00dfball-Europameisterschaft 2016 wird es Ausnahmen beim L\u00e4rmschutz geben. Damit k\u00f6nnen auch Fu\u00dfballspiele, die nach 20 Uhr stattfinden, \u00f6ffentlich auf Gro\u00dfleinw\u00e4nden unter freiem Himmel \u00fcbertragen werden. Dazu beschloss das Bundeskabinett heute eine vom Bundesumweltministerium vorgelegte Verordnung. Die Kommunen k\u00f6nnen auf deren Grundlage Ausnahmegenehmigungen [&hellip;]<\/p>\n","protected":false},"author":7,"featured_media":7631,"comment_status":"closed","ping_status":"open","sticky":false,"template":"","format":"standard","meta":{"footnotes":""},"categories":[44,3],"tags":[158],"class_list":["post-9378","post","type-post","status-publish","format-standard","has-post-thumbnail","hentry","category-deutschland-2","category-news","tag-larmschutz"],"_links":{"self":[{"href":"https:\/\/www.frankensicht.de\/index.php?rest_route=\/wp\/v2\/posts\/9378","targetHints":{"allow":["GET"]}}],"collection":[{"href":"https:\/\/www.frankensicht.de\/index.php?rest_route=\/wp\/v2\/posts"}],"about":[{"href":"https:\/\/www.frankensicht.de\/index.php?rest_route=\/wp\/v2\/types\/post"}],"author":[{"embeddable":true,"href":"https:\/\/www.frankensicht.de\/index.php?rest_route=\/wp\/v2\/users\/7"}],"replies":[{"embeddable":true,"href":"https:\/\/www.frankensicht.de\/index.php?rest_route=%2Fwp%2Fv2%2Fcomments&post=9378"}],"version-history":[{"count":3,"href":"https:\/\/www.frankensicht.de\/index.php?rest_route=\/wp\/v2\/posts\/9378\/revisions"}],"predecessor-version":[{"id":9381,"href":"https:\/\/www.frankensicht.de\/index.php?rest_route=\/wp\/v2\/posts\/9378\/revisions\/9381"}],"wp:featuredmedia":[{"embeddable":true,"href":"https:\/\/www.frankensicht.de\/index.php?rest_route=\/wp\/v2\/media\/7631"}],"wp:attachment":[{"href":"https:\/\/www.frankensicht.de\/index.php?rest_route=%2Fwp%2Fv2%2Fmedia&parent=9378"}],"wp:term":[{"taxonomy":"category","embeddable":true,"href":"https:\/\/www.frankensicht.de\/index.php?rest_route=%2Fwp%2Fv2%2Fcategories&post=9378"},{"taxonomy":"post_tag","embeddable":true,"href":"https:\/\/www.frankensicht.de\/index.php?rest_route=%2Fwp%2Fv2%2Ftags&post=9378"}],"curies":[{"name":"wp","href":"https:\/\/api.w.org\/{rel}","templated":true}]}}