{"id":9373,"date":"2016-03-24T08:19:49","date_gmt":"2016-03-24T07:19:49","guid":{"rendered":"http:\/\/www.frankensicht.de\/?p=9373"},"modified":"2016-03-24T08:21:29","modified_gmt":"2016-03-24T07:21:29","slug":"mahnwache-am-donnerstag","status":"publish","type":"post","link":"https:\/\/www.frankensicht.de\/?p=9373","title":{"rendered":"Mahnwache am Donnerstag"},"content":{"rendered":"<p><span style=\"color: #ff0000;\">Erlangen:<\/span><\/p>\n<p>OB verurteilt Anschl\u00e4ge &#8211; &#8222;Mahnwache&#8220; am Donnerstag<\/p>\n<p><a href=\"https:\/\/www.frankensicht.de\/?attachment_id=9375\" rel=\"attachment wp-att-9375\"><img loading=\"lazy\" decoding=\"async\" class=\"alignnone size-full wp-image-9375\" src=\"https:\/\/www.frankensicht.de\/wp-content\/uploads\/2016\/03\/Flag_of_Belgium_civil.svg_.png\" alt=\"Flag_of_Belgium_(civil).svg\" width=\"150\" height=\"100\" \/><\/a><br \/>\nOberb\u00fcrgermeister Florian Janik zeigte sich entsetzt \u00fcber die Anschl\u00e4ge in Istanbul am Wochenende und die Attentate am Dienstag in Br\u00fcssel. &#8222;Wieder wurden unschuldige Menschen Opfer sinnlosen Terrors. In diesen Tagen und Stunden gilt unser Mitgef\u00fchl den Opfern und den Angeh\u00f6rigen. Die Terroristen stellen unsere Freiheit und unsere offene Gesellschaft in Frage. Diese Werte wollen und werden wir gemeinsam verteidigen, nicht indem wir sie jetzt selbst in Frage stellen, sondern indem wir sie weiter st\u00e4rken.&#8220; Bereits am Montag hatte Janik seine Anteilnahme in einem Schreiben an den B\u00fcrgermeister des Istanbuler Stadtbezirks Be\u015fikta\u015f, Murat Hazinedar, ausgedr\u00fcckt. Be\u015fikta\u015f ist eine der Partnerst\u00e4dte Erlangens.<br \/>\nDie Aktion Courage h\u00e4lt am Donnerstag, 24. M\u00e4rz, um 17:00 Uhr auf dem Hugenottenplatz einen 30-min\u00fctigen &#8222;stillen Protest&#8220; ab.<\/p>\n<p>Quelle:erlangen.de<\/p>\n","protected":false},"excerpt":{"rendered":"<p>Erlangen: OB verurteilt Anschl\u00e4ge &#8211; &#8222;Mahnwache&#8220; am Donnerstag Oberb\u00fcrgermeister Florian Janik zeigte sich entsetzt \u00fcber die Anschl\u00e4ge in Istanbul am Wochenende und die Attentate am Dienstag in Br\u00fcssel. &#8222;Wieder wurden unschuldige Menschen Opfer sinnlosen Terrors. In diesen Tagen und Stunden gilt unser Mitgef\u00fchl den Opfern und den Angeh\u00f6rigen. Die Terroristen stellen unsere Freiheit und unsere [&hellip;]<\/p>\n","protected":false},"author":7,"featured_media":9375,"comment_status":"closed","ping_status":"open","sticky":false,"template":"","format":"standard","meta":{"footnotes":""},"categories":[111,71,85],"tags":[1936],"class_list":["post-9373","post","type-post","status-publish","format-standard","has-post-thumbnail","hentry","category-erlangen-mittelfranken","category-menue","category-mittelfranken","tag-mahnwache"],"_links":{"self":[{"href":"https:\/\/www.frankensicht.de\/index.php?rest_route=\/wp\/v2\/posts\/9373","targetHints":{"allow":["GET"]}}],"collection":[{"href":"https:\/\/www.frankensicht.de\/index.php?rest_route=\/wp\/v2\/posts"}],"about":[{"href":"https:\/\/www.frankensicht.de\/index.php?rest_route=\/wp\/v2\/types\/post"}],"author":[{"embeddable":true,"href":"https:\/\/www.frankensicht.de\/index.php?rest_route=\/wp\/v2\/users\/7"}],"replies":[{"embeddable":true,"href":"https:\/\/www.frankensicht.de\/index.php?rest_route=%2Fwp%2Fv2%2Fcomments&post=9373"}],"version-history":[{"count":3,"href":"https:\/\/www.frankensicht.de\/index.php?rest_route=\/wp\/v2\/posts\/9373\/revisions"}],"predecessor-version":[{"id":9377,"href":"https:\/\/www.frankensicht.de\/index.php?rest_route=\/wp\/v2\/posts\/9373\/revisions\/9377"}],"wp:featuredmedia":[{"embeddable":true,"href":"https:\/\/www.frankensicht.de\/index.php?rest_route=\/wp\/v2\/media\/9375"}],"wp:attachment":[{"href":"https:\/\/www.frankensicht.de\/index.php?rest_route=%2Fwp%2Fv2%2Fmedia&parent=9373"}],"wp:term":[{"taxonomy":"category","embeddable":true,"href":"https:\/\/www.frankensicht.de\/index.php?rest_route=%2Fwp%2Fv2%2Fcategories&post=9373"},{"taxonomy":"post_tag","embeddable":true,"href":"https:\/\/www.frankensicht.de\/index.php?rest_route=%2Fwp%2Fv2%2Ftags&post=9373"}],"curies":[{"name":"wp","href":"https:\/\/api.w.org\/{rel}","templated":true}]}}