{"id":9365,"date":"2016-03-22T08:42:17","date_gmt":"2016-03-22T07:42:17","guid":{"rendered":"http:\/\/www.frankensicht.de\/?p=9365"},"modified":"2016-03-22T08:42:17","modified_gmt":"2016-03-22T07:42:17","slug":"stalking-opfer-nicht-laenger-alleine-lassen","status":"publish","type":"post","link":"https:\/\/www.frankensicht.de\/?p=9365","title":{"rendered":"&#8222;Stalking-Opfer nicht l\u00e4nger alleine lassen!&#8220;"},"content":{"rendered":"<p><span style=\"color: #ff0000;\">M\u00fcnchen:<\/span><\/p>\n<p>Bayerns Justizminister Bausback mahnt: &#8222;Stalking-Opfer nicht l\u00e4nger alleine lassen!&#8220;<br \/>\nAnl\u00e4sslich des morgigen Tages der Kriminalit\u00e4tsopfer fordert Bayerns Justizminister Prof. Dr. Winfried Bausback eine schnelle Verbesserung des strafrechtlichen Schutzes von Stalking-Opfern. &#8222;Der Tag der Kriminalit\u00e4tsopfer sollte uns allen Mahnung sein, auch und gerade die Opfer von Stalking nicht l\u00e4nger alleine zu lassen! Stalking ist eine perfide Form von Psychoterror. Die Opfer leiden massiv &#8211; und trotzdem k\u00f6nnen die Strafverfolgungsbeh\u00f6rden derzeit oft nicht helfen, weil das Gesetz unzureichend ist. Dieser Zustand ist f\u00fcr die Opfer unertr\u00e4glich&#8220;, so Bausback. &#8222;Bayern setzt sich schon lange und nachdr\u00fccklich f\u00fcr einen effektiveren Schutz von Stalking-Opfern ein. Zuletzt hat Bayern dazu im Juni 2012, im Mai 2014 und erneut im M\u00e4rz 2015 konkrete Gesetzesvorschl\u00e4ge vorgelegt. Es ist ein gro\u00dfer Erfolg beharrlicher bayerischer Rechtspolitik, dass endlich auch beim Bund angekommen ist: Die Schutzl\u00fccken im Strafgesetzbuch m\u00fcssen geschlossen werden!&#8220;<\/p>\n<p><a href=\"https:\/\/www.frankensicht.de\/?attachment_id=1235\" rel=\"attachment wp-att-1235\"><img loading=\"lazy\" decoding=\"async\" class=\"alignnone size-full wp-image-1235\" src=\"https:\/\/www.frankensicht.de\/wp-content\/uploads\/2012\/05\/stop.png\" alt=\"stop\" width=\"274\" height=\"258\" \/><\/a><\/p>\n<p>Das Bundesministerium der Justiz und f\u00fcr Verbraucherschutz hat dazu Mitte Februar einen Gesetzentwurf zur Reform des Stalking-Paragrafen ver\u00f6ffentlicht. Bausback: &#8222;Das h\u00e4tten wir zwar viel fr\u00fcher haben k\u00f6nnen und m\u00fcssen: Es ist aber gut, dass der Entwurf die bayerischen Vorschl\u00e4ge, die schon lange auf dem Tisch lagen, \u00fcbernommen hat.&#8220; K\u00fcnftig wird es f\u00fcr die Strafbarkeit wegen Stalkings ausreichen, wenn das Verhalten des T\u00e4ters geeignet ist, eine schwerwiegende Beeintr\u00e4chtigung der Lebensgestaltung des Opfers herbeizuf\u00fchren. &#8222;Das Opfer muss dann nicht mehr erst umziehen, seinen Arbeitsplatz oder sein Handy wechseln, damit es strafrechtliche Hilfe bekommen kann. Vielmehr werden auch die Opfer gesch\u00fctzt, die sich dem Stalker nicht beugen wollen oder k\u00f6nnen&#8220;, erl\u00e4utert Bausback. Au\u00dferdem sieht der Gesetzentwurf vor, dass Stalking-Opfer k\u00fcnftig nicht mehr auf den Privatklageweg verwiesen werden k\u00f6nnen. &#8222;Wer dieser Form von Psychoterror ausgesetzt ist, darf nie darauf angewiesen sein, seine Rechte selbst vor Gericht geltend machen zu m\u00fcssen&#8220;, so der bayerische Justizminister.<\/p>\n<p>Bausback bewertet auch den Vorschlag, wonach k\u00fcnftig auch Verst\u00f6\u00dfe gegen Verpflichtungen aus gerichtlich best\u00e4tigten Vergleichen in Gewaltschutzsachen strafrechtlich geahndet werden k\u00f6nnen, grunds\u00e4tzlich positiv. &#8222;F\u00fcr einen effektiven Opferschutz brauchen wir aber auch angemessene Sanktionsm\u00f6glichkeiten! Bislang droht bei einem Versto\u00df gegen gerichtliche Gewaltschutzanordnungen maximal ein Jahr Freiheitsstrafe&#8220;, so der Justizminister. &#8222;Ich fordere hier einen deutlich h\u00f6heren Strafrahmen &amp;ndash; mindestens Freiheitsstrafe von bis zu zwei Jahren oder Geldstrafe &amp;ndash; und zwar sowohl f\u00fcr Verst\u00f6\u00dfe gegen gerichtliche Gewaltschutzanordnungen als auch f\u00fcr Verst\u00f6\u00dfe gegen gerichtlich best\u00e4tigte Vergleiche in Gewaltschutzsachen!&#8220;<\/p>\n<p>Bausback abschlie\u00dfend: &#8222;Wichtig ist jetzt vor allem, dass der Bundesjustizminister endlich entschlossen handelt und die Schutzl\u00fccken schlie\u00dft. Wir d\u00fcrfen die Stalking-Opfer nicht l\u00e4nger alleine lassen!&#8220;<\/p>\n<p>Quelle: stmj.bayern.de<\/p>\n","protected":false},"excerpt":{"rendered":"<p>M\u00fcnchen: Bayerns Justizminister Bausback mahnt: &#8222;Stalking-Opfer nicht l\u00e4nger alleine lassen!&#8220; Anl\u00e4sslich des morgigen Tages der Kriminalit\u00e4tsopfer fordert Bayerns Justizminister Prof. Dr. Winfried Bausback eine schnelle Verbesserung des strafrechtlichen Schutzes von Stalking-Opfern. &#8222;Der Tag der Kriminalit\u00e4tsopfer sollte uns allen Mahnung sein, auch und gerade die Opfer von Stalking nicht l\u00e4nger alleine zu lassen! Stalking ist eine [&hellip;]<\/p>\n","protected":false},"author":7,"featured_media":1235,"comment_status":"closed","ping_status":"open","sticky":false,"template":"","format":"standard","meta":{"footnotes":""},"categories":[78,71],"tags":[542],"class_list":["post-9365","post","type-post","status-publish","format-standard","has-post-thumbnail","hentry","category-bayern","category-menue","tag-stalking"],"_links":{"self":[{"href":"https:\/\/www.frankensicht.de\/index.php?rest_route=\/wp\/v2\/posts\/9365","targetHints":{"allow":["GET"]}}],"collection":[{"href":"https:\/\/www.frankensicht.de\/index.php?rest_route=\/wp\/v2\/posts"}],"about":[{"href":"https:\/\/www.frankensicht.de\/index.php?rest_route=\/wp\/v2\/types\/post"}],"author":[{"embeddable":true,"href":"https:\/\/www.frankensicht.de\/index.php?rest_route=\/wp\/v2\/users\/7"}],"replies":[{"embeddable":true,"href":"https:\/\/www.frankensicht.de\/index.php?rest_route=%2Fwp%2Fv2%2Fcomments&post=9365"}],"version-history":[{"count":2,"href":"https:\/\/www.frankensicht.de\/index.php?rest_route=\/wp\/v2\/posts\/9365\/revisions"}],"predecessor-version":[{"id":9367,"href":"https:\/\/www.frankensicht.de\/index.php?rest_route=\/wp\/v2\/posts\/9365\/revisions\/9367"}],"wp:featuredmedia":[{"embeddable":true,"href":"https:\/\/www.frankensicht.de\/index.php?rest_route=\/wp\/v2\/media\/1235"}],"wp:attachment":[{"href":"https:\/\/www.frankensicht.de\/index.php?rest_route=%2Fwp%2Fv2%2Fmedia&parent=9365"}],"wp:term":[{"taxonomy":"category","embeddable":true,"href":"https:\/\/www.frankensicht.de\/index.php?rest_route=%2Fwp%2Fv2%2Fcategories&post=9365"},{"taxonomy":"post_tag","embeddable":true,"href":"https:\/\/www.frankensicht.de\/index.php?rest_route=%2Fwp%2Fv2%2Ftags&post=9365"}],"curies":[{"name":"wp","href":"https:\/\/api.w.org\/{rel}","templated":true}]}}