{"id":9359,"date":"2016-03-18T08:29:31","date_gmt":"2016-03-18T07:29:31","guid":{"rendered":"http:\/\/www.frankensicht.de\/?p=9359"},"modified":"2016-03-18T08:29:31","modified_gmt":"2016-03-18T07:29:31","slug":"zwei-bayerische-richter-an-den-bundesgerichtshof-gewaehlt","status":"publish","type":"post","link":"https:\/\/www.frankensicht.de\/?p=9359","title":{"rendered":"Zwei bayerische Richter an den Bundesgerichtshof gew\u00e4hlt"},"content":{"rendered":"<p><span style=\"color: #ff0000;\">M\u00fcchen:<\/span><\/p>\n<p>Zwei bayerische Richter an den Bundesgerichtshof gew\u00e4hlt \/ Justizminister Bausback: &#8222;Gro\u00dfe Ehre f\u00fcr die gesamte bayerische Justiz!&#8220;<br \/>\nDer Richterwahlausschuss hat heute in Berlin den Richter am Oberlandesgericht Bamberg, Dr. Johannes Berg, und den Richter am Oberlandesgericht M\u00fcnchen, Alexander Meyberg, zu Richtern am Bundesgerichtshof gew\u00e4hlt. Der bayerische Justizminister und Vertreter Bayerns im Richterwahlausschuss, Prof. Dr. Winfried Bausback, zu diesem Anlass: &#8222;Gleich zwei Vertreter der bayerischen Justiz werden k\u00fcnftig ihr ausgezeichnetes Fachwissen und ihre Erfahrungen beim Bundesgerichtshof einbringen k\u00f6nnen. Das ist ein ganz pers\u00f6nlicher Erfolg der beiden Gew\u00e4hlten und zugleich eine gro\u00dfe Ehre f\u00fcr die gesamte bayerische Justiz.&#8220;<\/p>\n<p>Der in Gro\u00df-Gerau geborene Dr. Johannes Berg begann seine Justizkarriere am 1. Februar 1999 bei der Staatsanwaltschaft Coburg. Nach seiner T\u00e4tigkeit als Richter am Amtsgericht Kronach war er ab Oktober 2005 f\u00fcr drei Jahre an den Bundesgerichtshof abgeordnet. Hieran schloss sich eine einj\u00e4hrige Abordnung an das Oberlandesgericht Bamberg an. Im Dezember 2009 kehrte Dr. Berg als Gruppenleiter an die Staatsanwaltschaft Coburg zur\u00fcck. Seit 1. Juli 2013 ist er Richter am Oberlandesgericht Bamberg. Dort ist er derzeit Mitglied des 1. Strafsenats. Neben seiner richterlichen T\u00e4tigkeit ist Dr. Berg Mitautor eines Online-Kommentars zur Strafprozessordnung. Bausback: &#8222;Herr Dr. Berg ist ein au\u00dfergew\u00f6hnlich engagierter, leistungsstarker und \u00e4u\u00dferst zuverl\u00e4ssiger Richter mit ausgezeichnetem Fachwissen und gro\u00dfem Verantwortungsbewusstsein. Er ist geradezu pr\u00e4destiniert f\u00fcr das hohe Amt eines Bundesrichters! F\u00fcr seine verantwortungsvolle k\u00fcnftige T\u00e4tigkeit w\u00fcnsche ich ihm eine allzeit gl\u00fcckliche Hand!&#8220;<\/p>\n<p><a href=\"https:\/\/www.frankensicht.de\/?attachment_id=1410\" rel=\"attachment wp-att-1410\"><img loading=\"lazy\" decoding=\"async\" class=\"alignnone size-medium wp-image-1410\" src=\"https:\/\/www.frankensicht.de\/wp-content\/uploads\/2012\/05\/paragraf-300x187.jpg\" alt=\"paragraf\" width=\"300\" height=\"187\" srcset=\"https:\/\/www.frankensicht.de\/wp-content\/uploads\/2012\/05\/paragraf-300x187.jpg 300w, https:\/\/www.frankensicht.de\/wp-content\/uploads\/2012\/05\/paragraf.jpg 640w\" sizes=\"auto, (max-width: 300px) 100vw, 300px\" \/><\/a><\/p>\n<p>Der in Erding geborene Alexander Meyberg trat am 1. Oktober 1995 als Staatsanwalt bei der Staatsanwaltschaft M\u00fcnchen I in die bayerische Justiz ein. Nach T\u00e4tigkeiten als Richter am Landgericht M\u00fcnchen I und als Gruppenleiter bei der Staatsanwaltschaft M\u00fcnchen I wurde er am 1. September 2008 zum Vorsitzenden Richter am Landgericht M\u00fcnchen II ernannt. Von Mai 2010 bis Dezember 2012 war er im Rahmen einer Abordnung an den Bundesgerichtshof als wissenschaftlicher Mitarbeiter t\u00e4tig. Seit Januar 2013 ist Alexander Meyberg Richter am Oberlandesgericht M\u00fcnchen. Dort ist er derzeit sowohl Mitglied eines Zivil- als auch eines Strafsenates. Er ist Mitautor zweier Online-Kommentare zur Strafprozessordung sowie zum Ordnungswidrigkeitengesetz und hat sich bundesweit durch zahlreiche Ver\u00f6ffentlichungen zum Steuerstrafrecht einen Namen gemacht. Bausback: &#8222;Herr Meyberg bringt mit seiner hervorragenden, fachlich breit gef\u00e4cherten Kompetenz, seiner Gr\u00fcndlichkeit und Zuverl\u00e4ssigkeit alle Voraussetzungen f\u00fcr die T\u00e4tigkeit am Bundesgerichtshof mit. F\u00fcr seine neue anspruchsvolle und herausfordernde Aufgabe w\u00fcnsche ich ihm alles Gute und viel Erfolg!&#8220;<\/p>\n<p>Quelle: stmj.bayern.de<\/p>\n","protected":false},"excerpt":{"rendered":"<p>M\u00fcchen: Zwei bayerische Richter an den Bundesgerichtshof gew\u00e4hlt \/ Justizminister Bausback: &#8222;Gro\u00dfe Ehre f\u00fcr die gesamte bayerische Justiz!&#8220; Der Richterwahlausschuss hat heute in Berlin den Richter am Oberlandesgericht Bamberg, Dr. Johannes Berg, und den Richter am Oberlandesgericht M\u00fcnchen, Alexander Meyberg, zu Richtern am Bundesgerichtshof gew\u00e4hlt. Der bayerische Justizminister und Vertreter Bayerns im Richterwahlausschuss, Prof. Dr. [&hellip;]<\/p>\n","protected":false},"author":7,"featured_media":1410,"comment_status":"closed","ping_status":"open","sticky":false,"template":"","format":"standard","meta":{"footnotes":""},"categories":[78,71],"tags":[1934],"class_list":["post-9359","post","type-post","status-publish","format-standard","has-post-thumbnail","hentry","category-bayern","category-menue","tag-bundesgerichsthof"],"_links":{"self":[{"href":"https:\/\/www.frankensicht.de\/index.php?rest_route=\/wp\/v2\/posts\/9359","targetHints":{"allow":["GET"]}}],"collection":[{"href":"https:\/\/www.frankensicht.de\/index.php?rest_route=\/wp\/v2\/posts"}],"about":[{"href":"https:\/\/www.frankensicht.de\/index.php?rest_route=\/wp\/v2\/types\/post"}],"author":[{"embeddable":true,"href":"https:\/\/www.frankensicht.de\/index.php?rest_route=\/wp\/v2\/users\/7"}],"replies":[{"embeddable":true,"href":"https:\/\/www.frankensicht.de\/index.php?rest_route=%2Fwp%2Fv2%2Fcomments&post=9359"}],"version-history":[{"count":2,"href":"https:\/\/www.frankensicht.de\/index.php?rest_route=\/wp\/v2\/posts\/9359\/revisions"}],"predecessor-version":[{"id":9361,"href":"https:\/\/www.frankensicht.de\/index.php?rest_route=\/wp\/v2\/posts\/9359\/revisions\/9361"}],"wp:featuredmedia":[{"embeddable":true,"href":"https:\/\/www.frankensicht.de\/index.php?rest_route=\/wp\/v2\/media\/1410"}],"wp:attachment":[{"href":"https:\/\/www.frankensicht.de\/index.php?rest_route=%2Fwp%2Fv2%2Fmedia&parent=9359"}],"wp:term":[{"taxonomy":"category","embeddable":true,"href":"https:\/\/www.frankensicht.de\/index.php?rest_route=%2Fwp%2Fv2%2Fcategories&post=9359"},{"taxonomy":"post_tag","embeddable":true,"href":"https:\/\/www.frankensicht.de\/index.php?rest_route=%2Fwp%2Fv2%2Ftags&post=9359"}],"curies":[{"name":"wp","href":"https:\/\/api.w.org\/{rel}","templated":true}]}}