{"id":9356,"date":"2016-03-17T08:21:14","date_gmt":"2016-03-17T07:21:14","guid":{"rendered":"http:\/\/www.frankensicht.de\/?p=9356"},"modified":"2016-03-17T08:21:14","modified_gmt":"2016-03-17T07:21:14","slug":"junge-aerzte-braucht-das-land","status":"publish","type":"post","link":"https:\/\/www.frankensicht.de\/?p=9356","title":{"rendered":"Junge \u00c4rzte braucht das Land"},"content":{"rendered":"<p><span style=\"color: #ff0000;\">M\u00fcnchen:<\/span><\/p>\n<p>Huml: Junge \u00c4rzte braucht das Land &#8211; Zahl der gef\u00f6rderten Niederlassungen auf 226 gestiegen &#8211; Gesundheitsministerin zum Tag der Bayerischen Fach\u00e4rzte<\/p>\n<p>Bayerns Programm zum Erhalt einer m\u00f6glichst wohnortnahen medizinischen Versorgung auf dem Land st\u00f6\u00dft weiter auf gro\u00dfen Zuspruch. Bayerns Gesundheitsministerin Melanie Huml betonte anl\u00e4sslich des Tags der Bayerischen Fach\u00e4rzte am Mittwoch in M\u00fcnchen: &#8222;Die Zahl der gef\u00f6rderten Arzt-Niederlassungen ist mittlerweile auf insgesamt 226 gestiegen. Seit Dezember vergangenen Jahres unterst\u00fctzen wir im Rahmen des Programms auch alle Arztgruppen der allgemeinen, fach\u00e4rztlichen Versorgung.&#8220;<\/p>\n<p><a href=\"https:\/\/www.frankensicht.de\/?attachment_id=8912\" rel=\"attachment wp-att-8912\"><img loading=\"lazy\" decoding=\"async\" class=\"alignnone size-medium wp-image-8912\" src=\"https:\/\/www.frankensicht.de\/wp-content\/uploads\/2015\/08\/P1000488-300x225.jpg\" alt=\"P1000488\" width=\"300\" height=\"225\" srcset=\"https:\/\/www.frankensicht.de\/wp-content\/uploads\/2015\/08\/P1000488-300x225.jpg 300w, https:\/\/www.frankensicht.de\/wp-content\/uploads\/2015\/08\/P1000488.jpg 640w\" sizes=\"auto, (max-width: 300px) 100vw, 300px\" \/><\/a><\/p>\n<p>Huml f\u00fcgte hinzu: &#8222;Au\u00dferdem bekommen derzeit 103 Medizinstudenten, die im l\u00e4ndlichen Raum arbeiten wollen, ein Stipendium. Das ist ein wichtiges Signal!&#8220;<\/p>\n<p>Die Ministerin erl\u00e4uterte: &#8222;Wir haben in den n\u00e4chsten Jahren einen erh\u00f6hten Nachwuchsbedarf, und zwar nicht nur bei den Haus\u00e4rzten, sondern in zunehmendem Ma\u00dfe auch bei den Fach\u00e4rzten. Deshalb m\u00fcssen wir fr\u00fchzeitig das Interesse der jungen Menschen wecken. Junge \u00c4rzte braucht das Land &amp;ndash; und zwar \u00fcberall in Bayern. Das gilt sowohl im niedergelassenen Bereich und in den Krankenh\u00e4usern als auch im \u00d6ffentlichen Gesundheitsdienst.&#8220;<\/p>\n<p>Im Rahmen des Programms unterst\u00fctzt das Bayerische Gesundheitsministerium unter anderem die Niederlassung von Haus\u00e4rzten, Fach\u00e4rzten der allgemeinen fach\u00e4rztlichen Versorgung sowie von Kinder- und Jugendpsychiatern mit bis zu 60.000 Euro. Voraussetzung daf\u00fcr ist insbesondere, dass sich die Mediziner in Gemeinden mit nicht mehr als 20.000 Einwohnern niederlassen. Bei Kinder- und Jugendpsychiatern liegt die Grenze bei 40.000 Einwohnern. Von den gef\u00f6rderten Niederlassungen entfallen bislang 192 auf Haus\u00e4rzte sowie 34 auf Fach\u00e4rzte und Psychotherapeuten.<\/p>\n<p>F\u00fcr die Sicherstellung der vertrags\u00e4rztlichen Versorgung im Freistaat ist zwar die Kassen\u00e4rztliche Vereinigung Bayerns (KVB) zust\u00e4ndig. Um gerade in l\u00e4ndlichen Regionen ausreichend Praxisnachfolger zu gewinnen, hat das Bayerische Gesundheitsministerium aber das eigene F\u00f6rderprogramm aufgelegt. Im Doppelhaushalt 2015\/2016 stehen daf\u00fcr insgesamt 11,7 Millionen Euro zur Verf\u00fcgung.<\/p>\n<p>Quelle:stmgp.bayern.de<\/p>\n","protected":false},"excerpt":{"rendered":"<p>M\u00fcnchen: Huml: Junge \u00c4rzte braucht das Land &#8211; Zahl der gef\u00f6rderten Niederlassungen auf 226 gestiegen &#8211; Gesundheitsministerin zum Tag der Bayerischen Fach\u00e4rzte Bayerns Programm zum Erhalt einer m\u00f6glichst wohnortnahen medizinischen Versorgung auf dem Land st\u00f6\u00dft weiter auf gro\u00dfen Zuspruch. Bayerns Gesundheitsministerin Melanie Huml betonte anl\u00e4sslich des Tags der Bayerischen Fach\u00e4rzte am Mittwoch in M\u00fcnchen: &#8222;Die [&hellip;]<\/p>\n","protected":false},"author":7,"featured_media":8912,"comment_status":"closed","ping_status":"open","sticky":false,"template":"","format":"standard","meta":{"footnotes":""},"categories":[78,71],"tags":[1933],"class_list":["post-9356","post","type-post","status-publish","format-standard","has-post-thumbnail","hentry","category-bayern","category-menue","tag-landaerzte"],"_links":{"self":[{"href":"https:\/\/www.frankensicht.de\/index.php?rest_route=\/wp\/v2\/posts\/9356","targetHints":{"allow":["GET"]}}],"collection":[{"href":"https:\/\/www.frankensicht.de\/index.php?rest_route=\/wp\/v2\/posts"}],"about":[{"href":"https:\/\/www.frankensicht.de\/index.php?rest_route=\/wp\/v2\/types\/post"}],"author":[{"embeddable":true,"href":"https:\/\/www.frankensicht.de\/index.php?rest_route=\/wp\/v2\/users\/7"}],"replies":[{"embeddable":true,"href":"https:\/\/www.frankensicht.de\/index.php?rest_route=%2Fwp%2Fv2%2Fcomments&post=9356"}],"version-history":[{"count":2,"href":"https:\/\/www.frankensicht.de\/index.php?rest_route=\/wp\/v2\/posts\/9356\/revisions"}],"predecessor-version":[{"id":9358,"href":"https:\/\/www.frankensicht.de\/index.php?rest_route=\/wp\/v2\/posts\/9356\/revisions\/9358"}],"wp:featuredmedia":[{"embeddable":true,"href":"https:\/\/www.frankensicht.de\/index.php?rest_route=\/wp\/v2\/media\/8912"}],"wp:attachment":[{"href":"https:\/\/www.frankensicht.de\/index.php?rest_route=%2Fwp%2Fv2%2Fmedia&parent=9356"}],"wp:term":[{"taxonomy":"category","embeddable":true,"href":"https:\/\/www.frankensicht.de\/index.php?rest_route=%2Fwp%2Fv2%2Fcategories&post=9356"},{"taxonomy":"post_tag","embeddable":true,"href":"https:\/\/www.frankensicht.de\/index.php?rest_route=%2Fwp%2Fv2%2Ftags&post=9356"}],"curies":[{"name":"wp","href":"https:\/\/api.w.org\/{rel}","templated":true}]}}