{"id":9348,"date":"2016-03-19T08:18:27","date_gmt":"2016-03-19T07:18:27","guid":{"rendered":"http:\/\/www.frankensicht.de\/?p=9348"},"modified":"2016-03-19T08:18:27","modified_gmt":"2016-03-19T07:18:27","slug":"20-euro-gedenkmuenze-bremer-stadtmusikanten","status":"publish","type":"post","link":"https:\/\/www.frankensicht.de\/?p=9348","title":{"rendered":"20-Euro-Gedenkm\u00fcnze \u201eBremer Stadtmusikanten\u201c"},"content":{"rendered":"<p><span style=\"color: #ff0000;\">Berlin<\/span>:<\/p>\n<p>20-Eu\u00adro-Ge\u00addenk\u00adm\u00fcn\u00adze \u201eBre\u00admer Stadt\u00admu\u00adsi\u00adkan\u00adten\u201c<\/p>\n<p>Die Bundesregierung hat am 16. M\u00e4rz 2016 beschlossen, eine 20-Euro-Gedenkm\u00fcnze \u201eBremer Stadtmusikanten\u201c pr\u00e4gen zu lassen und im Februar 2017 auszugeben. Diese M\u00fcnze ist die sechste Ausgabe einer Serie, die 2012 zur Erinnerung an die Kinder- und Hausm\u00e4rchensammlung der Gebr\u00fcder Grimm begonnen wurde. Deren erster M\u00e4rchen-Band erschien 1812. Die M\u00e4rchensammlung geh\u00f6rt seit 2005 zum Weltdokumentenerbe.<\/p>\n<p>Die Wertseite zeigt einen Adler, den Schriftzug \u201eBUNDESREPUBLIK DEUTSCHLAND\u201c, Wertziffer und Wertbezeichnung, das Pr\u00e4gezeichen \u201eJ\u201c der Hamburgischen M\u00fcnze, die Jahreszahl 2017 sowie die zw\u00f6lf Europasterne. Zus\u00e4tzlich ist die Angabe \u201eSILBER 925\u201c aufgepr\u00e4gt.<\/p>\n<p>Der glatte M\u00fcnzrand enth\u00e4lt in vertiefter Pr\u00e4gung die Inschrift: \u201eETWAS BESSERES ALS DEN TOD FINDEST DU \u00dcBERALL\u201c<\/p>\n<p>Die Bildseite zeigt die Bremer Stadtmusikanten sowie den Schriftzug \u201eGrimms M\u00e4rchen\u201c<br \/>\nAbbildung der 20-Euro-Gedenkm\u00fcnze \u201eBremer Stadtmusikanten\u201c<\/p>\n<p><a href=\"https:\/\/www.frankensicht.de\/?attachment_id=9349\" rel=\"attachment wp-att-9349\"><img loading=\"lazy\" decoding=\"async\" class=\"alignnone size-medium wp-image-9349\" src=\"https:\/\/www.frankensicht.de\/wp-content\/uploads\/2016\/03\/2016-06-16-PM05-bremer-stadtmusikanten.jpgjsessionidB2BB29A013CFA9574F14D4E2AD29D3D1-300x169.jpeg\" alt=\"2016-06-16-PM05-bremer-stadtmusikanten.jpg;jsessionid=B2BB29A013CFA9574F14D4E2AD29D3D1\" width=\"300\" height=\"169\" srcset=\"https:\/\/www.frankensicht.de\/wp-content\/uploads\/2016\/03\/2016-06-16-PM05-bremer-stadtmusikanten.jpgjsessionidB2BB29A013CFA9574F14D4E2AD29D3D1-300x169.jpeg 300w, https:\/\/www.frankensicht.de\/wp-content\/uploads\/2016\/03\/2016-06-16-PM05-bremer-stadtmusikanten.jpgjsessionidB2BB29A013CFA9574F14D4E2AD29D3D1-768x432.jpeg 768w, https:\/\/www.frankensicht.de\/wp-content\/uploads\/2016\/03\/2016-06-16-PM05-bremer-stadtmusikanten.jpgjsessionidB2BB29A013CFA9574F14D4E2AD29D3D1-384x217.jpeg 384w, https:\/\/www.frankensicht.de\/wp-content\/uploads\/2016\/03\/2016-06-16-PM05-bremer-stadtmusikanten.jpgjsessionidB2BB29A013CFA9574F14D4E2AD29D3D1.jpeg 877w\" sizes=\"auto, (max-width: 300px) 100vw, 300px\" \/><\/a><br \/>\nQuelle:\u2002 BADV<\/p>\n<p>Nummer 5<\/p>\n<p>Der Entwurf der M\u00fcnze stammt von der K\u00fcnstlerin Elena Gerber aus Berlin.<\/p>\n<p>In der Begr\u00fcndung der Jury f\u00fcr die Entscheidung hei\u00dft es:<\/p>\n<p>\u201eDer Entwurf stellt auf der Bildseite den Kulminationspunkt der M\u00e4rchenhandlung dar. Er besticht durch seinen klaren, zentralen Aufbau und die Eleganz in der Ausf\u00fchrung. Die Tiergestalten sind von au\u00dferordentlicher Plastizit\u00e4t und Lebendigkeit. Sie dr\u00e4ngen sich durch das zart angedeutete gotische Fenster in den szenischen Raum hinein.<br \/>\nDie Wertseite harmoniert in vollendeter Weise mit der Bildseite. Der Adler zeichnet sich dabei durch besondere Durchzeichnung und Leichtigkeit aus. Die Anordnung der Schrift unterstreicht die Klarheit und Luftigkeit der gesamten Komposition.\u201c<\/p>\n<p>Die Wertseite zeigt einen Adler, den Schriftzug \u201eBUNDESREPUBLIK DEUTSCHLAND\u201c, Wertziffer und Wertbezeichnung, das Pr\u00e4gezeichen \u201eJ\u201c der Hamburgischen M\u00fcnze, die Jahreszahl 2017 sowie die zw\u00f6lf Europasterne. Zus\u00e4tzlich ist die Angabe \u201eSILBER 92\u201c aufgepr\u00e4gt.<\/p>\n<p>Der glatte M\u00fcnzrand enth\u00e4lt in vertiefter Pr\u00e4gung die Inschrift:<\/p>\n<p>\u201eETWAS BESSERES ALS DEN TOD FINDEST DU \u00dcBERALL\u201c<\/p>\n<p>Die 20-Euro-M\u00fcnze soll in den beiden Pr\u00e4gequalit\u00e4ten Stempelglanz und Spiegelglanz in einer Legierung von 925 Tausendteilen Silber und 75 Tausendteilen Kupfer hergestellt werden. Sie hat eine Masse von 18 g und einen Durchmesser von 32,5 mm.<\/p>\n<p>Die M\u00fcnzen in der Pr\u00e4gequalit\u00e4t Stempelglanz werden zum Nennwert (20 Euro) in den Verkehr gebracht. Die Ausgabe der M\u00fcnzen in der Sammlerqualit\u00e4t Spiegelglanz erfolgt zu einem \u00fcber dem Nennwert liegenden Verkaufspreis. Die Verkaufsstelle f\u00fcr Sammlerm\u00fcnzen der Bundesrepublik Deutschland (VfS) wird \u00fcber den genauen Preis und die konkreten Bestellmodalit\u00e4ten rechtzeitig vor Ausgabe der M\u00fcnze informieren.<\/p>\n<p>Quelle: bundesfinanzministerium.de<\/p>\n","protected":false},"excerpt":{"rendered":"<p>Berlin: 20-Eu\u00adro-Ge\u00addenk\u00adm\u00fcn\u00adze \u201eBre\u00admer Stadt\u00admu\u00adsi\u00adkan\u00adten\u201c Die Bundesregierung hat am 16. M\u00e4rz 2016 beschlossen, eine 20-Euro-Gedenkm\u00fcnze \u201eBremer Stadtmusikanten\u201c pr\u00e4gen zu lassen und im Februar 2017 auszugeben. Diese M\u00fcnze ist die sechste Ausgabe einer Serie, die 2012 zur Erinnerung an die Kinder- und Hausm\u00e4rchensammlung der Gebr\u00fcder Grimm begonnen wurde. Deren erster M\u00e4rchen-Band erschien 1812. Die M\u00e4rchensammlung geh\u00f6rt seit [&hellip;]<\/p>\n","protected":false},"author":7,"featured_media":9349,"comment_status":"closed","ping_status":"open","sticky":false,"template":"","format":"standard","meta":{"footnotes":""},"categories":[44,3],"tags":[1780],"class_list":["post-9348","post","type-post","status-publish","format-standard","has-post-thumbnail","hentry","category-deutschland-2","category-news","tag-20-euro-muenze"],"_links":{"self":[{"href":"https:\/\/www.frankensicht.de\/index.php?rest_route=\/wp\/v2\/posts\/9348","targetHints":{"allow":["GET"]}}],"collection":[{"href":"https:\/\/www.frankensicht.de\/index.php?rest_route=\/wp\/v2\/posts"}],"about":[{"href":"https:\/\/www.frankensicht.de\/index.php?rest_route=\/wp\/v2\/types\/post"}],"author":[{"embeddable":true,"href":"https:\/\/www.frankensicht.de\/index.php?rest_route=\/wp\/v2\/users\/7"}],"replies":[{"embeddable":true,"href":"https:\/\/www.frankensicht.de\/index.php?rest_route=%2Fwp%2Fv2%2Fcomments&post=9348"}],"version-history":[{"count":2,"href":"https:\/\/www.frankensicht.de\/index.php?rest_route=\/wp\/v2\/posts\/9348\/revisions"}],"predecessor-version":[{"id":9351,"href":"https:\/\/www.frankensicht.de\/index.php?rest_route=\/wp\/v2\/posts\/9348\/revisions\/9351"}],"wp:featuredmedia":[{"embeddable":true,"href":"https:\/\/www.frankensicht.de\/index.php?rest_route=\/wp\/v2\/media\/9349"}],"wp:attachment":[{"href":"https:\/\/www.frankensicht.de\/index.php?rest_route=%2Fwp%2Fv2%2Fmedia&parent=9348"}],"wp:term":[{"taxonomy":"category","embeddable":true,"href":"https:\/\/www.frankensicht.de\/index.php?rest_route=%2Fwp%2Fv2%2Fcategories&post=9348"},{"taxonomy":"post_tag","embeddable":true,"href":"https:\/\/www.frankensicht.de\/index.php?rest_route=%2Fwp%2Fv2%2Ftags&post=9348"}],"curies":[{"name":"wp","href":"https:\/\/api.w.org\/{rel}","templated":true}]}}