{"id":9340,"date":"2016-03-15T09:47:07","date_gmt":"2016-03-15T08:47:07","guid":{"rendered":"http:\/\/www.frankensicht.de\/?p=9340"},"modified":"2016-03-15T09:47:07","modified_gmt":"2016-03-15T08:47:07","slug":"schmidt-wir-brauchen-einen-qualitaetsnachweis-fuer-kita-und-schulessen","status":"publish","type":"post","link":"https:\/\/www.frankensicht.de\/?p=9340","title":{"rendered":"Schmidt: \u201eWir brauchen einen Qualit\u00e4tsnachweis f\u00fcr Kita- und Schulessen"},"content":{"rendered":"<p><span style=\"color: #ff0000;\">Berlin:<\/span><\/p>\n<p>Schmidt: \u201eWir brauchen einen Qualit\u00e4tsnachweis f\u00fcr Kita- und Schulessen\u201c<br \/>\nBundesern\u00e4hrungsminister Christian Schmidt wirbt auf der Leitmesse f\u00fcr Gastronomie um Unterst\u00fctzung f\u00fcr die Kampagne \u201eMacht Dampf\u201c und startet neue Runde beim Schulwettbewerb \u201eKLASSE, KOCHEN!\u201c<\/p>\n<p>\u201eMein Ziel ist, dass das Essen in Kitas und Schulen besser wird. \u00dcber vier Millionen Kinder und Jugendliche essen wochentags in Schulmensa und Kita. Bei der Kita- und Schulverpflegung kommt es deshalb darauf an, Qualit\u00e4t durch entsprechende Nachweise erkennbar machen.<br \/>\nMit dem Nationalen Qualit\u00e4tszentrum f\u00fcr gesundes Essen in Kita und Schule, das mein Haus derzeit aufbaut, schaffen wir eine Anlaufstelle f\u00fcr die Caterer. Gemeinsam mit dem Qualit\u00e4tszentrum werden die Anspr\u00fcche an eine gute Kita- und Schulverpflegung definiert und die Umsetzung der Qualit\u00e4tsstandards vorangetrieben. Dar\u00fcber hinaus ist geplant, dass das Zentrum Qualit\u00e4tsnachweise festlegt, mit denen Caterer belegen k\u00f6nnen, dass sie f\u00fcr die Verpflegung in Kita und Schule qualifiziert sind.<br \/>\nDamit wollen wir Eltern, Schulen, Kommunen und Tr\u00e4gereinrichtungen bei der Auswahl und Bewertung von Catering-Leistungen unterst\u00fctzen. Und wir wollen damit eine neue Preis-Wert Debatte f\u00fcr qualitativ gutes Schulessen starten.<\/p>\n<p><a href=\"https:\/\/www.frankensicht.de\/?attachment_id=5731\" rel=\"attachment wp-att-5731\"><img loading=\"lazy\" decoding=\"async\" class=\"alignnone size-medium wp-image-5731\" src=\"https:\/\/www.frankensicht.de\/wp-content\/uploads\/2013\/06\/brot-300x225.jpg\" alt=\"brot\" width=\"300\" height=\"225\" srcset=\"https:\/\/www.frankensicht.de\/wp-content\/uploads\/2013\/06\/brot-300x225.jpg 300w, https:\/\/www.frankensicht.de\/wp-content\/uploads\/2013\/06\/brot.jpg 640w\" sizes=\"auto, (max-width: 300px) 100vw, 300px\" \/><\/a><\/p>\n<p>Ein weiterer Baustein f\u00fcr besseres Schulessen ist die Akzeptanz bei den Sch\u00fclern. Das geht nur mit Ern\u00e4hrungsbildung und Partizipation. Schulk\u00fcchen sind die Infrastruktur der Ern\u00e4hrungsbildung. Hier kann Ern\u00e4hrungskompetenz ganz praktisch mit allen Sinnen stattfinden. Deshalb starte ich heute gemeinsam mit Tim M\u00e4lzer die neue Wettbewerbsrunde KLASSE; KOCHEN!, bei der kreative Schulen eine \u00dcbungsk\u00fcche gewinnen k\u00f6nnen. Diese ist der perfekte Ort, um Ern\u00e4hrungsbildung in Theorie und Praxis zusammen zu bringen.\u201c<\/p>\n<p>Hintergrund:<br \/>\nSchulen aus ganz Deutschland haben bis zum 17. Juni 2016 wieder die M\u00f6glichkeit, sich mit ihren kreativen Wettbewerbsbeitr\u00e4gen zur Ern\u00e4hrungsbildung zu bewerben, um eine von zehn \u00dcbungsk\u00fcchen zu gewinnen.<br \/>\nKLASSE, KOCHEN! ist Teil von IN FORM \u2013 \u201eDeutschlands Initiative f\u00fcr gesunde Ern\u00e4hrung und mehr Bewegung\u201c und wird vom Bundesministerium f\u00fcr Ern\u00e4hrung und Landwirtschaft (BMEL), Tim M\u00e4lzer, der Bertelsmann Stiftung und dem K\u00fcchenhersteller Nolte ausgerichtet.<\/p>\n<p>Die BMEL-Kampagne \u201eMacht Dampf! &#8211; F\u00fcr gutes Essen in Kita und Schule&#8220; bietet Informationen und Qualit\u00e4tschecks zu gesundem Essen in Kitas- und Schulen. www.macht-dampf.de&lt;http:\/\/www.macht-dampf.de&gt;<\/p>\n<p>Quelle:bmel.bund.de<\/p>\n","protected":false},"excerpt":{"rendered":"<p>Berlin: Schmidt: \u201eWir brauchen einen Qualit\u00e4tsnachweis f\u00fcr Kita- und Schulessen\u201c Bundesern\u00e4hrungsminister Christian Schmidt wirbt auf der Leitmesse f\u00fcr Gastronomie um Unterst\u00fctzung f\u00fcr die Kampagne \u201eMacht Dampf\u201c und startet neue Runde beim Schulwettbewerb \u201eKLASSE, KOCHEN!\u201c \u201eMein Ziel ist, dass das Essen in Kitas und Schulen besser wird. \u00dcber vier Millionen Kinder und Jugendliche essen wochentags in [&hellip;]<\/p>\n","protected":false},"author":7,"featured_media":5731,"comment_status":"closed","ping_status":"open","sticky":false,"template":"","format":"standard","meta":{"footnotes":""},"categories":[44,3],"tags":[1930],"class_list":["post-9340","post","type-post","status-publish","format-standard","has-post-thumbnail","hentry","category-deutschland-2","category-news","tag-kita-ernaehrung"],"_links":{"self":[{"href":"https:\/\/www.frankensicht.de\/index.php?rest_route=\/wp\/v2\/posts\/9340","targetHints":{"allow":["GET"]}}],"collection":[{"href":"https:\/\/www.frankensicht.de\/index.php?rest_route=\/wp\/v2\/posts"}],"about":[{"href":"https:\/\/www.frankensicht.de\/index.php?rest_route=\/wp\/v2\/types\/post"}],"author":[{"embeddable":true,"href":"https:\/\/www.frankensicht.de\/index.php?rest_route=\/wp\/v2\/users\/7"}],"replies":[{"embeddable":true,"href":"https:\/\/www.frankensicht.de\/index.php?rest_route=%2Fwp%2Fv2%2Fcomments&post=9340"}],"version-history":[{"count":3,"href":"https:\/\/www.frankensicht.de\/index.php?rest_route=\/wp\/v2\/posts\/9340\/revisions"}],"predecessor-version":[{"id":9343,"href":"https:\/\/www.frankensicht.de\/index.php?rest_route=\/wp\/v2\/posts\/9340\/revisions\/9343"}],"wp:featuredmedia":[{"embeddable":true,"href":"https:\/\/www.frankensicht.de\/index.php?rest_route=\/wp\/v2\/media\/5731"}],"wp:attachment":[{"href":"https:\/\/www.frankensicht.de\/index.php?rest_route=%2Fwp%2Fv2%2Fmedia&parent=9340"}],"wp:term":[{"taxonomy":"category","embeddable":true,"href":"https:\/\/www.frankensicht.de\/index.php?rest_route=%2Fwp%2Fv2%2Fcategories&post=9340"},{"taxonomy":"post_tag","embeddable":true,"href":"https:\/\/www.frankensicht.de\/index.php?rest_route=%2Fwp%2Fv2%2Ftags&post=9340"}],"curies":[{"name":"wp","href":"https:\/\/api.w.org\/{rel}","templated":true}]}}