{"id":9325,"date":"2016-03-13T08:22:39","date_gmt":"2016-03-13T07:22:39","guid":{"rendered":"http:\/\/www.frankensicht.de\/?p=9325"},"modified":"2016-03-13T08:22:39","modified_gmt":"2016-03-13T07:22:39","slug":"bayerische-klima-allianz-erfolgreiches-buendnis-fuer-klimaschutz-bayerische-gemeindezeitung-wird-neuer-partner","status":"publish","type":"post","link":"https:\/\/www.frankensicht.de\/?p=9325","title":{"rendered":"Bayerische Klima-Allianz erfolgreiches B\u00fcndnis f\u00fcr Klimaschutz Bayerische Gemeindezeitung wird neuer Partner"},"content":{"rendered":"<p><span style=\"color: #ff0000;\">M\u00fcnchen:<\/span><\/p>\n<p>Scharf: Bayerische Klima-Allianz erfolgreiches B\u00fcndnis f\u00fcr Klimaschutz<br \/>\nBayerische Gemeindezeitung wird neuer Partner<\/p>\n<p>Bayern setzt sich mit voller Kraft f\u00fcr den Klimaschutz ein. Das betonte die Bayerische Umweltministerin Ulrike Scharf beim Beitritt der Bayerischen Gemeindezeitung zur Bayerischen Klima-Allianz heute in M\u00fcnchen: &#8222;Der Klimawandel schreitet voran. Auch Bayern bleibt nicht verschont. Wir erwarten in Zukunft mehr Extremwetterereignisse, nassere Winter, trockenere Sommer. Nur wenn wir beim Klimaschutz gemeinsam noch aktiver werden, k\u00f6nnen wir unser Ziel erreichen und die Klimaerw\u00e4rmung begrenzen. Mit der Klima-Allianz haben wir bayernweit ein erfolgreiches B\u00fcndnis f\u00fcr den Klimaschutz.&#8220; Die Bayerische Gemeindezeitung tritt als 35. Partner der Bayerischen Klima-Allianz bei. Damit bekennt sich die Gemeindezeitung zu ihrer Verantwortung f\u00fcr den Klimaschutz im Freistaat. Schon heute berichtet die Bayerische Gemeindezeitung \u00fcber Themen und Projekte der Klima-Allianz. Als Partner der Bayerischen Klima-Allianz m\u00f6chte die Gemeindezeitung einen weiteren Beitrag zur Kommunikation klimarelevanter Themen leisten. Scharf: &#8222;Die Bayerische Gemeindezeitung \u00fcbernimmt Verantwortung. Ich freue mich, die Bayerische Gemeindezeitung als offiziellen Partner der Klima-Allianz zu begr\u00fc\u00dfen.&#8220;<\/p>\n<p><a href=\"https:\/\/www.frankensicht.de\/?attachment_id=8920\" rel=\"attachment wp-att-8920\"><img loading=\"lazy\" decoding=\"async\" class=\"alignnone size-medium wp-image-8920\" src=\"https:\/\/www.frankensicht.de\/wp-content\/uploads\/2015\/08\/P1020624-300x225.jpg\" alt=\"P1020624\" width=\"300\" height=\"225\" srcset=\"https:\/\/www.frankensicht.de\/wp-content\/uploads\/2015\/08\/P1020624-300x225.jpg 300w, https:\/\/www.frankensicht.de\/wp-content\/uploads\/2015\/08\/P1020624.jpg 640w\" sizes=\"auto, (max-width: 300px) 100vw, 300px\" \/><\/a><\/p>\n<p>Die Bayerische Staatsregierung hat die Bayerische Klima-Allianz 2004 gemeinsam mit dem Bund Naturschutz gegr\u00fcndet. Die Partner der Klima-Allianz haben sich zum Ziel gesetzt, in einem breiten Netzwerk das Bewusstsein f\u00fcr das Thema Klimaschutz zu st\u00e4rken, mit gemeinsamen Aktionen Verst\u00e4ndnis f\u00fcr einen nachhaltigen Umgang mit knappen Ressourcen zu wecken und klimafreundliches Verhalten zu f\u00f6rdern. Die Partner der Klima-Allianz aus Umwelt- und kommunalen Spitzenverb\u00e4nden, Kirchen, Jugendarbeit, Bildung, Wirtschaft und Wissenschaft repr\u00e4sentieren ein breites Spektrum der bayerischen Bev\u00f6lkerung. Gemeinsames Ziel ist es, die j\u00e4hrlichen Treibhausgas-Emissionen in Bayern bis 2050 auf unter zwei Tonnen pro Einwohner zu senken.<\/p>\n<p>Weitere Informationen unter www.klimawandel-meistern.bayern.de<\/p>\n<p>Quelle: stmuv.bayern.de<\/p>\n","protected":false},"excerpt":{"rendered":"<p>M\u00fcnchen: Scharf: Bayerische Klima-Allianz erfolgreiches B\u00fcndnis f\u00fcr Klimaschutz Bayerische Gemeindezeitung wird neuer Partner Bayern setzt sich mit voller Kraft f\u00fcr den Klimaschutz ein. Das betonte die Bayerische Umweltministerin Ulrike Scharf beim Beitritt der Bayerischen Gemeindezeitung zur Bayerischen Klima-Allianz heute in M\u00fcnchen: &#8222;Der Klimawandel schreitet voran. Auch Bayern bleibt nicht verschont. Wir erwarten in Zukunft mehr [&hellip;]<\/p>\n","protected":false},"author":7,"featured_media":8920,"comment_status":"closed","ping_status":"open","sticky":false,"template":"","format":"standard","meta":{"footnotes":""},"categories":[78,71],"tags":[1927],"class_list":["post-9325","post","type-post","status-publish","format-standard","has-post-thumbnail","hentry","category-bayern","category-menue","tag-klimaschutz-in-bayern"],"_links":{"self":[{"href":"https:\/\/www.frankensicht.de\/index.php?rest_route=\/wp\/v2\/posts\/9325","targetHints":{"allow":["GET"]}}],"collection":[{"href":"https:\/\/www.frankensicht.de\/index.php?rest_route=\/wp\/v2\/posts"}],"about":[{"href":"https:\/\/www.frankensicht.de\/index.php?rest_route=\/wp\/v2\/types\/post"}],"author":[{"embeddable":true,"href":"https:\/\/www.frankensicht.de\/index.php?rest_route=\/wp\/v2\/users\/7"}],"replies":[{"embeddable":true,"href":"https:\/\/www.frankensicht.de\/index.php?rest_route=%2Fwp%2Fv2%2Fcomments&post=9325"}],"version-history":[{"count":3,"href":"https:\/\/www.frankensicht.de\/index.php?rest_route=\/wp\/v2\/posts\/9325\/revisions"}],"predecessor-version":[{"id":9328,"href":"https:\/\/www.frankensicht.de\/index.php?rest_route=\/wp\/v2\/posts\/9325\/revisions\/9328"}],"wp:featuredmedia":[{"embeddable":true,"href":"https:\/\/www.frankensicht.de\/index.php?rest_route=\/wp\/v2\/media\/8920"}],"wp:attachment":[{"href":"https:\/\/www.frankensicht.de\/index.php?rest_route=%2Fwp%2Fv2%2Fmedia&parent=9325"}],"wp:term":[{"taxonomy":"category","embeddable":true,"href":"https:\/\/www.frankensicht.de\/index.php?rest_route=%2Fwp%2Fv2%2Fcategories&post=9325"},{"taxonomy":"post_tag","embeddable":true,"href":"https:\/\/www.frankensicht.de\/index.php?rest_route=%2Fwp%2Fv2%2Ftags&post=9325"}],"curies":[{"name":"wp","href":"https:\/\/api.w.org\/{rel}","templated":true}]}}