{"id":9315,"date":"2016-03-09T10:48:05","date_gmt":"2016-03-09T09:48:05","guid":{"rendered":"http:\/\/www.frankensicht.de\/?p=9315"},"modified":"2016-03-14T08:12:36","modified_gmt":"2016-03-14T07:12:36","slug":"kulturtourismus-in-laendlichen-regionen-die-drei-modellregionen-stehen-fest","status":"publish","type":"post","link":"https:\/\/www.frankensicht.de\/?p=9315","title":{"rendered":"Kulturtourismus in l\u00e4ndlichen Regionen: Die drei Modellregionen stehen fest"},"content":{"rendered":"<p><span style=\"color: #ff0000;\">Berlin:<\/span><\/p>\n<p>Kulturtourismus in l\u00e4ndlichen Regionen: Die drei Modellregionen stehen fest<\/p>\n<p>Oberlausitz-Niederschlesien, Ostfriesland und die Zugspitzregion haben es<br \/>\ngeschafft: diese drei wurden unter bundesweit 77 Bewerbern als Modellregionen des<br \/>\nProjektes &#8222;Die Destination als B\u00fchne: Wie macht Kulturtourismus l\u00e4ndliche<br \/>\nRegionen erfolgreich?&#8220; ausgew\u00e4hlt. Das Bundesministerium f\u00fcr Wirtschaft und<br \/>\nEnergie (BMWi) will mit diesem Projekt die l\u00e4ndlichen Reiseregionen<br \/>\n&lt;http:\/\/www.bmwi.de\/DE\/Themen\/Tourismus\/Tourismuspolitik\/Schwerpunkte\/laendlicher-raum.html&gt;<br \/>\nunterst\u00fctzen, ihre Kulturangebote besser zu vermarkten.<\/p>\n<p><a href=\"https:\/\/www.frankensicht.de\/?attachment_id=8893\" rel=\"attachment wp-att-8893\"><img loading=\"lazy\" decoding=\"async\" class=\"alignnone size-medium wp-image-8893\" src=\"https:\/\/www.frankensicht.de\/wp-content\/uploads\/2015\/08\/P1010933-300x225.jpg\" alt=\"P1010933\" width=\"300\" height=\"225\" srcset=\"https:\/\/www.frankensicht.de\/wp-content\/uploads\/2015\/08\/P1010933-300x225.jpg 300w, https:\/\/www.frankensicht.de\/wp-content\/uploads\/2015\/08\/P1010933.jpg 640w\" sizes=\"auto, (max-width: 300px) 100vw, 300px\" \/><\/a><\/p>\n<p>Iris Gleicke, Tourismusbeauftragte der Bundesregierung und Parlamentarische<br \/>\nStaatssekret\u00e4rin beim Bundesminister f\u00fcr Wirtschaft und Energie<br \/>\n&lt;http:\/\/www.bmwi.de\/DE\/Ministerium\/Minister-und-Staatssekretaere\/Visitenkarten\/visitenkarte-gleicke.html&gt;:<br \/>\n&#8222;Ich begl\u00fcckw\u00fcnsche die drei ausgew\u00e4hlten Regionen und danke gleichzeitig allen<br \/>\nBewerbern f\u00fcr ihre engagierte Teilnahme an der Ausschreibung. Die Modellregionen<br \/>\nerhalten eine gro\u00dfartige Chance f\u00fcr ihre weitere touristische Entwicklung und<br \/>\nVermarktung. Sie stehen jetzt aber nat\u00fcrlich auch in der Pflicht, richtig was auf<br \/>\ndie Beine zu stellen. Denn wir wollen mit den Modellregionen ja beispielhaft<br \/>\nerfolgreiche Entwicklungsm\u00f6glichkeiten und -wege aufzeigen, die zur Nachahmung in<br \/>\nanderen l\u00e4ndlichen Regionen anregen.&#8220;<\/p>\n<p>Die Auswahl der drei Modellregionen hat sich an unterschiedlichen<br \/>\nEntwicklungsst\u00e4nden und der Eignung, L\u00f6sungen f\u00fcr andere Regionen anschaulich und<br \/>\nnachvollziehbar zu machen, orientiert. Neben dem Modellcharakter der Regionen<br \/>\nspielten bestehende Ber\u00fchrungspunkte zwischen Kultur und Tourismus<br \/>\n&lt;http:\/\/www.bmwi.de\/DE\/Themen\/tourismus.html&gt; eine wesentliche Rolle bei der<br \/>\nAuswahl. Ein weiteres Kriterium waren unterschiedliche Reifegrade in der<br \/>\nVermarktung kulturtouristischer Angebote.<\/p>\n<p>Der Deutsche Tourismusverband e.V. (DTV) koordiniert das Projekt im Auftrag des<br \/>\nBMWi. Dirk Dunkelberg vom DTV: &#8222;Mit den drei Modellregionen entwickeln wir in den<br \/>\nn\u00e4chsten Monaten individuelle Coaching-Konzepte. In Oberlausitz-Niederschlesien<br \/>\nsollen die vielf\u00e4ltigen Kulturangebote vernetzt werden, um so touristische<br \/>\nKooperationen zu initiieren und zu st\u00e4rken. In der Zugspitzregion m\u00f6chten wir<br \/>\nherausfinden, wie das Thema einer Landesausstellung nachhaltig und langfristig<br \/>\nf\u00fcr die kulturtouristische Vermarktung genutzt und weiter entwickelt werden kann.<br \/>\nUnd in Ostfriesland wird es um die Frage gehen, wie man ein schon bestehendes<br \/>\nKulturnetzwerk unabh\u00e4ngig von F\u00f6rdermitteln auf solide finanzielle und<br \/>\norganisatorische F\u00fc\u00dfe stellt&#8220;.<\/p>\n<p>Teil des Coachings ist au\u00dferdem die Ausbildung von Umsetzungsmanagern in den<br \/>\njeweiligen Regionen.<br \/>\nAm 15. M\u00e4rz 2016 geht die projektbegleitende Dialogplattform www.culturcamp.de<br \/>\nonline. Sie ist die Basis f\u00fcr den regen Austausch zwischen allen Regionen und der<br \/>\ninteressierten \u00d6ffentlichkeit. Auch andere Tourismusregionen k\u00f6nnen hier ihre<br \/>\nKenntnisse, Erfahrungen und Fragen einbringen.<\/p>\n<p>Das am 1. August 2015 gestartete Projekt l\u00e4uft bis zum 31. M\u00e4rz 2018.<br \/>\nAuftragnehmer ist der DTV zusammen mit dem DIW Berlin, der dwif-Consulting GmbH,<br \/>\nder KULTUREXPERTEN Dr. Scheytt GmbH, der mediamare consulting GmbH und der<br \/>\nSandstein Kommunikation GmbH.<\/p>\n<p>Quelle:\u00a0bmfsfj.bund.de<\/p>\n","protected":false},"excerpt":{"rendered":"<p>Berlin: Kulturtourismus in l\u00e4ndlichen Regionen: Die drei Modellregionen stehen fest Oberlausitz-Niederschlesien, Ostfriesland und die Zugspitzregion haben es geschafft: diese drei wurden unter bundesweit 77 Bewerbern als Modellregionen des Projektes &#8222;Die Destination als B\u00fchne: Wie macht Kulturtourismus l\u00e4ndliche Regionen erfolgreich?&#8220; ausgew\u00e4hlt. Das Bundesministerium f\u00fcr Wirtschaft und Energie (BMWi) will mit diesem Projekt die l\u00e4ndlichen Reiseregionen &lt;http:\/\/www.bmwi.de\/DE\/Themen\/Tourismus\/Tourismuspolitik\/Schwerpunkte\/laendlicher-raum.html&gt; [&hellip;]<\/p>\n","protected":false},"author":7,"featured_media":8893,"comment_status":"closed","ping_status":"open","sticky":false,"template":"","format":"standard","meta":{"footnotes":""},"categories":[44,71],"tags":[1928],"class_list":["post-9315","post","type-post","status-publish","format-standard","has-post-thumbnail","hentry","category-deutschland-2","category-menue","tag-kulturtourismus"],"_links":{"self":[{"href":"https:\/\/www.frankensicht.de\/index.php?rest_route=\/wp\/v2\/posts\/9315","targetHints":{"allow":["GET"]}}],"collection":[{"href":"https:\/\/www.frankensicht.de\/index.php?rest_route=\/wp\/v2\/posts"}],"about":[{"href":"https:\/\/www.frankensicht.de\/index.php?rest_route=\/wp\/v2\/types\/post"}],"author":[{"embeddable":true,"href":"https:\/\/www.frankensicht.de\/index.php?rest_route=\/wp\/v2\/users\/7"}],"replies":[{"embeddable":true,"href":"https:\/\/www.frankensicht.de\/index.php?rest_route=%2Fwp%2Fv2%2Fcomments&post=9315"}],"version-history":[{"count":3,"href":"https:\/\/www.frankensicht.de\/index.php?rest_route=\/wp\/v2\/posts\/9315\/revisions"}],"predecessor-version":[{"id":9318,"href":"https:\/\/www.frankensicht.de\/index.php?rest_route=\/wp\/v2\/posts\/9315\/revisions\/9318"}],"wp:featuredmedia":[{"embeddable":true,"href":"https:\/\/www.frankensicht.de\/index.php?rest_route=\/wp\/v2\/media\/8893"}],"wp:attachment":[{"href":"https:\/\/www.frankensicht.de\/index.php?rest_route=%2Fwp%2Fv2%2Fmedia&parent=9315"}],"wp:term":[{"taxonomy":"category","embeddable":true,"href":"https:\/\/www.frankensicht.de\/index.php?rest_route=%2Fwp%2Fv2%2Fcategories&post=9315"},{"taxonomy":"post_tag","embeddable":true,"href":"https:\/\/www.frankensicht.de\/index.php?rest_route=%2Fwp%2Fv2%2Ftags&post=9315"}],"curies":[{"name":"wp","href":"https:\/\/api.w.org\/{rel}","templated":true}]}}