{"id":9287,"date":"2016-03-03T10:40:14","date_gmt":"2016-03-03T09:40:14","guid":{"rendered":"http:\/\/www.frankensicht.de\/?p=9287"},"modified":"2016-03-03T10:40:14","modified_gmt":"2016-03-03T09:40:14","slug":"mit-neuen-ansaetzen-ressourceneffizienz-foerdern","status":"publish","type":"post","link":"https:\/\/www.frankensicht.de\/?p=9287","title":{"rendered":"Mit neuen Ans\u00e4tzen Ressourceneffizienz f\u00f6rdern"},"content":{"rendered":"<p><span style=\"color: #ff0000;\">M\u00fcnchen:<\/span><\/p>\n<p>Scharf: Mit neuen Ans\u00e4tzen Ressourceneffizienz f\u00f6rdern<br \/>\nBayern treibt die Rohstoffwende voran<\/p>\n<p>Bayern bringt den verantwortungsvollen Umgang mit Ressourcen voran und geht neue Wege bei der Rohstoffwende. Vernetzung sowie Teilen von Wissen und industriellen Infrastrukturen oder Produkten r\u00fccken dabei zunehmend in den Blickpunkt. Im Rahmen der Veranstaltung &#8222;Vernetzen und Teilen &amp;ndash; Antrieb f\u00fcr Ressourceneffizienz&#8220; diskutierten in Br\u00fcssel auf Einladung der Bayerischen Umweltministerin Ulrike Scharf Experten aus Politik und Wirtschaft insbesondere \u00fcber die Potentiale der Vernetzung entlang von Wertsch\u00f6pfungsketten und die notwendigen Rahmenbedingungen f\u00fcr den Ausbau der Kreislaufwirtschaft. &#8222;Nat\u00fcrliche Ressourcen sind die Grundlage unseres Lebens. Wir m\u00fcssen mit unseren endlichen Ressourcen sparsam und intelligent umgehen. Das ist f\u00fcr die Zukunft unseres Landes von enormer Bedeutung. Wir brauchen die Rohstoffwende &amp;ndash; aus \u00f6kologischen und \u00f6konomischen Gr\u00fcnden. Daf\u00fcr gen\u00fcgt es nicht, an einer Stellschraube zu drehen. Wir m\u00fcssen viele Werkzeuge an vielen Stellen einsetzen&#8220;, so Scharf. Dazu sollen insbesondere das Verh\u00e4ltnis von Wirtschaftsleistung und Ressourceneinsatz verbessert, au\u00dferdem das Recycling weiter optimiert sowie umweltsch\u00e4dliche Rohstoffe ersetzt werden. Auch der bewusste und nachhaltige Umgang mit den verf\u00fcgbaren Ressourcen ist ein wichtiger Baustein auf dem Weg zu einer erfolgreichen Rohstoffwende. Scharf: &#8222;Der bestm\u00f6gliche Einsatz begrenzter Ressourcen ist eines der wichtigsten umweltpolitischen Handlungsfelder der Zukunft. Ressourceneffizienz ist ein Beitrag zum Umweltschutz und speziell auch zum Klimaschutz. Davon profitieren auch die bayerischen Unternehmen. Ein optimaler Einsatz von Ressourcen spart Geld und f\u00f6rdert den Wissensvorsprung. Das macht unsere Wirtschaft langfristig stark im globalen Wettbewerb.&#8220;<\/p>\n<p><a href=\"https:\/\/www.frankensicht.de\/?attachment_id=8590\" rel=\"attachment wp-att-8590\"><img loading=\"lazy\" decoding=\"async\" class=\"alignnone size-medium wp-image-8590\" src=\"https:\/\/www.frankensicht.de\/wp-content\/uploads\/2015\/06\/lava-225x300.jpg\" alt=\"lava\" width=\"225\" height=\"300\" srcset=\"https:\/\/www.frankensicht.de\/wp-content\/uploads\/2015\/06\/lava-225x300.jpg 225w, https:\/\/www.frankensicht.de\/wp-content\/uploads\/2015\/06\/lava.jpg 480w\" sizes=\"auto, (max-width: 225px) 100vw, 225px\" \/><\/a><\/p>\n<p>F\u00fcr die Umsetzung dieser Ziele arbeitet Bayern auf vier Handlungsfeldern: F\u00fcr die Ressourceneffizienz in der Wirtschaft setzt sich das Ressourceneffizienz-Zentrum Bayern in Zusammenarbeit mit dem Bayerischen Landesamt f\u00fcr Umwelt und dem Bayerischen Industrie- und Handelskammertag ein. Im Umweltpakt Bayern arbeitet ein Forum mit Vertretern von Staat und Wirtschaft daran, wesentliche Problemstellungen zu identifizieren, Vorschl\u00e4ge zu entwickeln und Projekte zu initiieren. Exzellente Forschungsarbeit zum Ressourcenschutz leisten die Forschungsverb\u00fcnde ForCycle f\u00fcr innovative Recyclingtechnologie und BayBiotech f\u00fcr den Bereich der Biotechnologie. Austausch und Dialog sind ebenfalls wichtig f\u00fcr das Gelingen der Rohstoffwende. Hierf\u00fcr veranstaltet das Bayerische Umweltministerium mit der Messe M\u00fcnchen eine Europ\u00e4ische Ressourcenkonferenz (EUREK) auf der IFAT, der Weltleitmesse f\u00fcr Wasser-, Abwasser-, Abfall- und Rohstoffwirtschaft in M\u00fcnchen.<\/p>\n<p>Nicht zuletzt spielen Bildung und Bewusstsein eine entscheidende Rolle. Bayern f\u00fchrt derzeit einen Schulwettbewerb durch, mit dem &#8222;Ressourcenk\u00f6nige&#8220; gesucht werden. Au\u00dferdem haben die Bayerische Klima-Allianz und ihre Partner das Thema &#8222;Klimaschutz ist auch Ressourcenschutz&#8220; zum diesj\u00e4hrigen Schwerpunktthema erkl\u00e4rt.<\/p>\n<p>Quelle:stmuv.bayern.de<\/p>\n","protected":false},"excerpt":{"rendered":"<p>M\u00fcnchen: Scharf: Mit neuen Ans\u00e4tzen Ressourceneffizienz f\u00f6rdern Bayern treibt die Rohstoffwende voran Bayern bringt den verantwortungsvollen Umgang mit Ressourcen voran und geht neue Wege bei der Rohstoffwende. Vernetzung sowie Teilen von Wissen und industriellen Infrastrukturen oder Produkten r\u00fccken dabei zunehmend in den Blickpunkt. Im Rahmen der Veranstaltung &#8222;Vernetzen und Teilen &amp;ndash; Antrieb f\u00fcr Ressourceneffizienz&#8220; diskutierten [&hellip;]<\/p>\n","protected":false},"author":7,"featured_media":8590,"comment_status":"closed","ping_status":"open","sticky":false,"template":"","format":"standard","meta":{"footnotes":""},"categories":[78,71],"tags":[746],"class_list":["post-9287","post","type-post","status-publish","format-standard","has-post-thumbnail","hentry","category-bayern","category-menue","tag-rohstoffe"],"_links":{"self":[{"href":"https:\/\/www.frankensicht.de\/index.php?rest_route=\/wp\/v2\/posts\/9287","targetHints":{"allow":["GET"]}}],"collection":[{"href":"https:\/\/www.frankensicht.de\/index.php?rest_route=\/wp\/v2\/posts"}],"about":[{"href":"https:\/\/www.frankensicht.de\/index.php?rest_route=\/wp\/v2\/types\/post"}],"author":[{"embeddable":true,"href":"https:\/\/www.frankensicht.de\/index.php?rest_route=\/wp\/v2\/users\/7"}],"replies":[{"embeddable":true,"href":"https:\/\/www.frankensicht.de\/index.php?rest_route=%2Fwp%2Fv2%2Fcomments&post=9287"}],"version-history":[{"count":2,"href":"https:\/\/www.frankensicht.de\/index.php?rest_route=\/wp\/v2\/posts\/9287\/revisions"}],"predecessor-version":[{"id":9291,"href":"https:\/\/www.frankensicht.de\/index.php?rest_route=\/wp\/v2\/posts\/9287\/revisions\/9291"}],"wp:featuredmedia":[{"embeddable":true,"href":"https:\/\/www.frankensicht.de\/index.php?rest_route=\/wp\/v2\/media\/8590"}],"wp:attachment":[{"href":"https:\/\/www.frankensicht.de\/index.php?rest_route=%2Fwp%2Fv2%2Fmedia&parent=9287"}],"wp:term":[{"taxonomy":"category","embeddable":true,"href":"https:\/\/www.frankensicht.de\/index.php?rest_route=%2Fwp%2Fv2%2Fcategories&post=9287"},{"taxonomy":"post_tag","embeddable":true,"href":"https:\/\/www.frankensicht.de\/index.php?rest_route=%2Fwp%2Fv2%2Ftags&post=9287"}],"curies":[{"name":"wp","href":"https:\/\/api.w.org\/{rel}","templated":true}]}}