{"id":9283,"date":"2016-03-02T10:31:00","date_gmt":"2016-03-02T09:31:00","guid":{"rendered":"http:\/\/www.frankensicht.de\/?p=9283"},"modified":"2016-03-02T10:31:00","modified_gmt":"2016-03-02T09:31:00","slug":"ostbeauftragte-gleicke-besucht-clausnitz","status":"publish","type":"post","link":"https:\/\/www.frankensicht.de\/?p=9283","title":{"rendered":"Ostbeauftragte Gleicke besucht Clausnitz"},"content":{"rendered":"<p><span style=\"color: #ff0000;\">Clausnitz &#8211; Berlin:<\/span><\/p>\n<p>Ostbeauftragte Gleicke besucht Clausnitz<\/p>\n<p>Die Beauftragte der Bundesregierung f\u00fcr die neuen Bundesl\u00e4nder und<br \/>\nParlamentarische Staatssekret\u00e4rin beim Bundesminister f\u00fcr Wirtschaft und Energie,<br \/>\nIris Gleicke<br \/>\n&lt;http:\/\/www.bmwi.de\/DE\/Ministerium\/Minister-und-Staatssekretaere\/Visitenkarten\/visitenkarte-gleicke.html&gt;,<br \/>\nbesucht heute Clausnitz.<\/p>\n<p><a href=\"https:\/\/www.frankensicht.de\/?attachment_id=7631\" rel=\"attachment wp-att-7631\"><img loading=\"lazy\" decoding=\"async\" class=\"alignnone size-medium wp-image-7631\" src=\"https:\/\/www.frankensicht.de\/wp-content\/uploads\/2014\/09\/deutschlandfahne-300x180.png\" alt=\"deutschlandfahne\" width=\"300\" height=\"180\" srcset=\"https:\/\/www.frankensicht.de\/wp-content\/uploads\/2014\/09\/deutschlandfahne-300x180.png 300w, https:\/\/www.frankensicht.de\/wp-content\/uploads\/2014\/09\/deutschlandfahne.png 1000w\" sizes=\"auto, (max-width: 300px) 100vw, 300px\" \/><\/a><\/p>\n<p>Im Rahmen ihres Besuches wird sich Iris Gleicke sowohl mit dem B\u00fcrgermeister der<br \/>\nGemeinde als auch mit den Bewohnern der Fl\u00fcchtlingsunterkunft austauschen und<br \/>\nsich vor Ort einen \u00dcberblick \u00fcber die Situation verschaffen. Im Anschluss wird<br \/>\ndie Ostbeauftragte mit den Vertreterinnen und Vertretern der Gemeinde sowie mit<br \/>\nB\u00fcrgerinnen und B\u00fcrgern \u00fcber die Ursachen und Konsequenzen der Ereignisse vom<br \/>\n18.\u00a0Februar diskutieren. Gleicke, die auch Tourismusbeauftragte der<br \/>\nBundesregierung ist, nimmt auch an einem Treffen der Anbieter von<br \/>\n\u00dcbernachtungsm\u00f6glichkeiten auf Einladung des Fremdenverkehrsamtes teil.<\/p>\n<p>&#8222;Ich will wissen, wie es dazu kommen kann, dass in einem kleinen Ort ein w\u00fctender<br \/>\nMob \u00fcber Stunden hinweg Angst und Schrecken verbreitet und dabei noch nicht<br \/>\neinmal vor Kindern haltmacht&#8220;, erkl\u00e4rt Iris Gleicke. Sie m\u00f6chte mit ihrem Besuch<br \/>\naber ausdr\u00fccklich auch die Arbeit derjenigen w\u00fcrdigen, die sich um die<br \/>\nFl\u00fcchtlinge k\u00fcmmern und die sich zum Teil schon seit vielen Jahren gegen<br \/>\nRechtsextremismus und Fremdenfeindlichkeit im Osten engagieren. &#8222;Wir d\u00fcrfen<br \/>\ndiejenigen, die sich mutig f\u00fcr ein gutes, tolerantes und friedliches<br \/>\nZusammenleben einsetzen, nicht alleine lassen. Auch deshalb bin ich heute hier.<br \/>\nWir m\u00fcssen diese ehrenamtlichen Vertreter der Zivilgesellschaft mit Worten und<br \/>\nTaten unterst\u00fctzen. Sie repr\u00e4sentieren die ganz gro\u00dfe anst\u00e4ndige Mehrheit der<br \/>\nOstdeutschen. Die Rechtsextremisten und Ausl\u00e4nderfeinde sind klar in der<br \/>\nMinderheit, aber mit ihrem skrupellosen Auftreten gelingt es ihnen derzeit, das<br \/>\nGesamtbild zu dominieren.&#8220;<\/p>\n<p>Nach Gleickes \u00dcberzeugung wurde viel zu lange weggeschaut und verharmlost: &#8222;Viel<br \/>\nzu lange haben einige der Verantwortlichen geglaubt, das werde sich von selbst<br \/>\nerledigen, viel zu lange haben sich manche aus billigem Kalk\u00fcl vor der<br \/>\nVerantwortung gedr\u00fcckt. Jetzt stehen wir fast schon vor einem Scherbenhaufen, es<br \/>\ndrohen ernsthafte \u00f6konomische Nachteile nicht nur im Bereich des Fremdenverkehrs.<br \/>\nAllm\u00e4hlich m\u00fcsste auch der Letzte begreifen, dass wir uns diesem Problem als<br \/>\nOstdeutsche und als Gesellschaft gemeinsam zu stellen haben. Das bedeutet, in den<br \/>\nSt\u00e4dten und Gemeinden einen gemeinsamen Weg zu finden, um die<br \/>\nFremdenfeindlichkeit zu bek\u00e4mpfen. Das f\u00e4ngt im Kleinen an.&#8220;<\/p>\n<p>Beim Gespr\u00e4ch mit den \u00f6rtlichen Tourismus-Anbietern geht es Gleicke darum zu<br \/>\nberaten, &#8222;wie man den dunklen Schatten, der nach den \u00dcbergriffen auf Clausnitz<br \/>\nund der Region liegt, vertreiben kann. Wir m\u00fcssen daf\u00fcr sorgen, dass der braune<br \/>\nSpuk rasch ein Ende hat, damit die Welt wieder ein anderes Bild von dieser<br \/>\neigentlich wundersch\u00f6nen Region gewinnen kann. Best\u00fcrzende Vorf\u00e4lle wie hier in<br \/>\nClausnitz enthalten immer eine Botschaft an die Politik, die wir nicht ignorieren<br \/>\nd\u00fcrfen. Immer dann, wenn Menschen das Gef\u00fchl haben, dass ihre Sorgen, N\u00f6te und<br \/>\nBed\u00fcrfnisse bei politischen Entscheidungen keine Rolle mehr spielen, werden sie<br \/>\nempf\u00e4nglich f\u00fcr die rechten Rattenf\u00e4nger mit den einfachen Antworten. Darum ist<br \/>\nes wichtig, dass wir weiter eine Politik machen, die die Lebenssituation aller<br \/>\nMenschen in diesem Land verbessert. Das sichert den gesellschaftlichen<br \/>\nZusammenhalt.&#8220;<\/p>\n<p>Weitere Informationen der Beauftragten der Bundesregierung f\u00fcr die neuen<br \/>\nBundesl\u00e4nder finden Sie unter www.beauftragte-neue-laender.de<br \/>\n&lt;http:\/\/www.beauftragte-neue-laender.de\/&gt;.<\/p>\n<p>Quelle: bmwi.bund.de<\/p>\n","protected":false},"excerpt":{"rendered":"<p>Clausnitz &#8211; Berlin: Ostbeauftragte Gleicke besucht Clausnitz Die Beauftragte der Bundesregierung f\u00fcr die neuen Bundesl\u00e4nder und Parlamentarische Staatssekret\u00e4rin beim Bundesminister f\u00fcr Wirtschaft und Energie, Iris Gleicke &lt;http:\/\/www.bmwi.de\/DE\/Ministerium\/Minister-und-Staatssekretaere\/Visitenkarten\/visitenkarte-gleicke.html&gt;, besucht heute Clausnitz. Im Rahmen ihres Besuches wird sich Iris Gleicke sowohl mit dem B\u00fcrgermeister der Gemeinde als auch mit den Bewohnern der Fl\u00fcchtlingsunterkunft austauschen und sich vor [&hellip;]<\/p>\n","protected":false},"author":7,"featured_media":7631,"comment_status":"closed","ping_status":"open","sticky":false,"template":"","format":"standard","meta":{"footnotes":""},"categories":[44,3],"tags":[1920],"class_list":["post-9283","post","type-post","status-publish","format-standard","has-post-thumbnail","hentry","category-deutschland-2","category-news","tag-clausnitz"],"_links":{"self":[{"href":"https:\/\/www.frankensicht.de\/index.php?rest_route=\/wp\/v2\/posts\/9283","targetHints":{"allow":["GET"]}}],"collection":[{"href":"https:\/\/www.frankensicht.de\/index.php?rest_route=\/wp\/v2\/posts"}],"about":[{"href":"https:\/\/www.frankensicht.de\/index.php?rest_route=\/wp\/v2\/types\/post"}],"author":[{"embeddable":true,"href":"https:\/\/www.frankensicht.de\/index.php?rest_route=\/wp\/v2\/users\/7"}],"replies":[{"embeddable":true,"href":"https:\/\/www.frankensicht.de\/index.php?rest_route=%2Fwp%2Fv2%2Fcomments&post=9283"}],"version-history":[{"count":3,"href":"https:\/\/www.frankensicht.de\/index.php?rest_route=\/wp\/v2\/posts\/9283\/revisions"}],"predecessor-version":[{"id":9286,"href":"https:\/\/www.frankensicht.de\/index.php?rest_route=\/wp\/v2\/posts\/9283\/revisions\/9286"}],"wp:featuredmedia":[{"embeddable":true,"href":"https:\/\/www.frankensicht.de\/index.php?rest_route=\/wp\/v2\/media\/7631"}],"wp:attachment":[{"href":"https:\/\/www.frankensicht.de\/index.php?rest_route=%2Fwp%2Fv2%2Fmedia&parent=9283"}],"wp:term":[{"taxonomy":"category","embeddable":true,"href":"https:\/\/www.frankensicht.de\/index.php?rest_route=%2Fwp%2Fv2%2Fcategories&post=9283"},{"taxonomy":"post_tag","embeddable":true,"href":"https:\/\/www.frankensicht.de\/index.php?rest_route=%2Fwp%2Fv2%2Ftags&post=9283"}],"curies":[{"name":"wp","href":"https:\/\/api.w.org\/{rel}","templated":true}]}}